{"id":466614,"date":"2025-08-14T14:14:44","date_gmt":"2025-08-14T14:14:44","guid":{"rendered":"https:\/\/admin.industriall-union.org\/turquia-trabajadores-y-trabajadoras-textiles-denuncian-acoso-sistematico-y-represion-sindical\/"},"modified":"2025-08-14T14:14:44","modified_gmt":"2025-08-14T14:14:44","slug":"turquia-trabajadores-y-trabajadoras-textiles-denuncian-acoso-sistematico-y-represion-sindical","status":"publish","type":"article","link":"https:\/\/admin.industriall-union.org\/es\/turquia-trabajadores-y-trabajadoras-textiles-denuncian-acoso-sistematico-y-represion-sindical\/","title":{"rendered":"Turqu\u00eda: trabajadores y trabajadoras textiles denuncian acoso sistem\u00e1tico y represi\u00f3n sindical"},"content":{"rendered":"<p>En el evento se exhibi\u00f3 un llamativo cartel en el que se enumeraban los abusos que sufren los trabajadores y las trabajadoras a diario: &ldquo;Acoso laboral, violencia psicol\u00f3gica, novatadas, presi\u00f3n, intimidaci\u00f3n, hostigamiento laboral, acoso sexual, despidos improcedentes, discriminaci\u00f3n, insultos, pr\u00e1cticas laborales contrarias a la dignidad humana y de las mujeres&rdquo;. Seg\u00fan TEKSIF, afiliado a IndustriALL, estas palabras reflejan las experiencias reales y cotidianas denunciadas por cientos de empleados de Digel, especialmente mujeres, durante varios a\u00f1os.<\/p><p><img decoding=\"async\" alt=\"\" src=\"\/wp-content\/uploads\/images\/2025\/Turkey\/Digel_Textile\/whatsapp_image_2025-08-12_at_14.09.59.jpeg\" style=\"width: 400px;height: 535px\" \/><\/p><p>La investigaci\u00f3n, basada en decenas de testimonios, en su mayor\u00eda de mujeres, fue calificada por TEKSIF como una manifestaci\u00f3n de la terrible situaci\u00f3n que se vive en la f\u00e1brica. El informe recientemente publicado por el sindicato detalla denuncias de acoso laboral, violencia psicol\u00f3gica, acoso sexual, despidos improcedentes y discriminaci\u00f3n por motivos de g\u00e9nero que, seg\u00fan afirma, se han intensificado desde que el personal se sindicaliz\u00f3 en enero de 2025.<\/p><p>En la conferencia de prensa se destac\u00f3 que el 17 de enero de 2025, despu\u00e9s de que los trabajadores y trabajadoras protestaran por los bajos salarios y las condiciones de trabajo degradantes, Digel despidi\u00f3 a cuatro miembros destacados del sindicato sin indemnizaci\u00f3n alguna. Esto ocurri\u00f3 el mismo d\u00eda en que estas personas se hab\u00edan afiliado a TEKSIF y obtenido el reconocimiento oficial del Ministerio de Trabajo. El 6 de febrero y el 13 de junio se produjeron m\u00e1s despidos, lo que elev\u00f3 a 15 el n\u00famero total de personas despedidas durante el proceso de sindicalizaci\u00f3n.<\/p><p>El informe denuncia casos inquietantes, entre los que se incluyen:<\/p><ul><li>Jefes que supuestamente les dicen a las mujeres que no se embaracen, les exigen ecograf\u00edas para &ldquo;probar&rdquo; su embarazo e incluso hacen comentarios degradantes sobre su f\u00edsico.<\/li><li>Mujeres a las que se les niega el acceso al ba\u00f1o cuando est\u00e1n menstruando o se las humilla p\u00fablicamente por solicitar descansos.<\/li><li>Acoso sexual por parte de jefes y compa\u00f1eros de trabajo, supuestamente ignorado o incluso perpetrado por los supervisores.<\/li><li>Acoso laboral selectivo y abusos verbales dirigidos contra las mujeres que se resisten a la intimidaci\u00f3n.<\/li><\/ul><p>TEKSIF destac\u00f3 que estos relatos abarcan aproximadamente siete a\u00f1os y no reflejan incidentes aislados, sino una cultura laboral persistente en la que las mujeres son objeto de violencia de g\u00e9nero, discriminaci\u00f3n y humillaci\u00f3n. El sindicato afirm\u00f3 que las denuncias a menudo han sido ignoradas y que, en algunos casos, los responsables han sido recompensados en lugar de sancionados.<\/p><p>Desde enero, Digel ha despedido a 15 miembros del sindicato sin indemnizaci\u00f3n, en lo que TEKSIF califica de una campa\u00f1a deliberada para acabar con el sindicato. Muchas de las personas afectadas eran voces destacadas en la lucha por salarios dignos, seguridad y dignidad en el trabajo.<\/p><p>Los trabajadores y trabajadoras de Digel aparecieron por primera vez en los titulares en enero, cuando organizaron una protesta en la f\u00e1brica contra los salarios de miseria y las condiciones degradantes. Ese mismo d\u00eda, se unieron a TEKSIF y obtuvieron el reconocimiento oficial del Ministerio de Trabajo. Sin embargo, en lugar de respetar los derechos del personal, la direcci\u00f3n lanz\u00f3 una oleada de despidos en represalia e intensific\u00f3 el acoso.<\/p><p>Durante casi 210 d\u00edas, los trabajadores y trabajadoras despedidos han mantenido una firme protesta frente a las puertas de la f\u00e1brica, en lo que TEKSIF describe como una lucha por la reincorporaci\u00f3n y, a nivel m\u00e1s amplio, por lugares de trabajo seguros, igualitarios y libres de acoso.<\/p><p>El secretario general adjunto de IndustriALL, Kemal \u00d6zkan, expres\u00f3:<\/p><blockquote><p>&ldquo;El comportamiento de Digel Textile es una violaci\u00f3n vergonzosa de los derechos de los trabajadores y de la dignidad humana. Apoyamos plenamente la lucha de TEKSIF para poner fin al abuso, reintegrar a los trabajadores y trabajadoras despedidos y asegurar un lugar de trabajo donde mujeres y hombres sean tratados con respeto&rdquo;.<\/p><\/blockquote>","protected":false},"featured_media":0,"template":"","issues":[],"companies":[],"regions":[],"sectors":[],"article_tags":[],"class_list":["post-466614","article","type-article","status-publish","hentry"],"acf":[],"yoast_head":"<!-- This site is optimized with the Yoast SEO Premium plugin v27.1 (Yoast SEO v27.1) - https:\/\/yoast.com\/product\/yoast-seo-premium-wordpress\/ -->\n<title>Turqu\u00eda: trabajadores y trabajadoras textiles denuncian acoso sistem\u00e1tico y represi\u00f3n sindical - industriall-union<\/title>\n<meta name=\"description\" content=\"En el evento se exhibi\u00f3 un llamativo cartel en el que se enumeraban los abusos que sufren los trabajadores y las trabajadoras a diario: &ldquo;Acoso\" \/>\n<meta name=\"robots\" content=\"index, follow, max-snippet:-1, max-image-preview:large, max-video-preview:-1\" \/>\n<link rel=\"canonical\" href=\"https:\/\/admin.industriall-union.org\/es\/turquia-trabajadores-y-trabajadoras-textiles-denuncian-acoso-sistematico-y-represion-sindical\/\" \/>\n<meta property=\"og:locale\" content=\"es_ES\" \/>\n<meta property=\"og:type\" content=\"article\" \/>\n<meta property=\"og:title\" content=\"Turqu\u00eda: trabajadores y trabajadoras textiles denuncian acoso sistem\u00e1tico y represi\u00f3n sindical\" \/>\n<meta property=\"og:description\" content=\"En el evento se exhibi\u00f3 un llamativo cartel en el que se enumeraban los abusos que sufren los trabajadores y las trabajadoras a diario: &ldquo;Acoso\" \/>\n<meta property=\"og:url\" content=\"https:\/\/admin.industriall-union.org\/es\/turquia-trabajadores-y-trabajadoras-textiles-denuncian-acoso-sistematico-y-represion-sindical\/\" \/>\n<meta property=\"og:site_name\" content=\"industriall-union\" \/>\n<meta name=\"twitter:card\" content=\"summary_large_image\" \/>\n<meta name=\"twitter:label1\" content=\"Est. reading time\" \/>\n\t<meta name=\"twitter:data1\" content=\"3 minutes\" \/>\n<script type=\"application\/ld+json\" class=\"yoast-schema-graph\">{\"@context\":\"https:\/\/schema.org\",\"@graph\":[{\"@type\":\"WebPage\",\"@id\":\"https:\/\/admin.industriall-union.org\/es\/turquia-trabajadores-y-trabajadoras-textiles-denuncian-acoso-sistematico-y-represion-sindical\/\",\"url\":\"https:\/\/admin.industriall-union.org\/es\/turquia-trabajadores-y-trabajadoras-textiles-denuncian-acoso-sistematico-y-represion-sindical\/\",\"name\":\"Turqu\u00eda: trabajadores y trabajadoras textiles denuncian acoso sistem\u00e1tico y represi\u00f3n sindical - industriall-union\",\"isPartOf\":{\"@id\":\"https:\/\/admin.industriall-union.org\/#website\"},\"datePublished\":\"2025-08-14T14:14:44+00:00\",\"description\":\"En el evento se exhibi\u00f3 un llamativo cartel en el que se enumeraban los abusos que sufren los trabajadores y las trabajadoras a diario: &ldquo;Acoso\",\"breadcrumb\":{\"@id\":\"https:\/\/admin.industriall-union.org\/es\/turquia-trabajadores-y-trabajadoras-textiles-denuncian-acoso-sistematico-y-represion-sindical\/#breadcrumb\"},\"inLanguage\":\"es-ES\",\"potentialAction\":[{\"@type\":\"ReadAction\",\"target\":[\"https:\/\/admin.industriall-union.org\/es\/turquia-trabajadores-y-trabajadoras-textiles-denuncian-acoso-sistematico-y-represion-sindical\/\"]}]},{\"@type\":\"BreadcrumbList\",\"@id\":\"https:\/\/admin.industriall-union.org\/es\/turquia-trabajadores-y-trabajadoras-textiles-denuncian-acoso-sistematico-y-represion-sindical\/#breadcrumb\",\"itemListElement\":[{\"@type\":\"ListItem\",\"position\":1,\"name\":\"Home\",\"item\":\"https:\/\/admin.industriall-union.org\/\"},{\"@type\":\"ListItem\",\"position\":2,\"name\":\"Articles\",\"item\":\"https:\/\/admin.industriall-union.org\/article\/\"},{\"@type\":\"ListItem\",\"position\":3,\"name\":\"Turqu\u00eda: trabajadores y trabajadoras textiles denuncian acoso sistem\u00e1tico y represi\u00f3n sindical\"}]},{\"@type\":\"WebSite\",\"@id\":\"https:\/\/admin.industriall-union.org\/#website\",\"url\":\"https:\/\/admin.industriall-union.org\/\",\"name\":\"industriall-union\",\"description\":\"\",\"potentialAction\":[{\"@type\":\"SearchAction\",\"target\":{\"@type\":\"EntryPoint\",\"urlTemplate\":\"https:\/\/admin.industriall-union.org\/?s={search_term_string}\"},\"query-input\":{\"@type\":\"PropertyValueSpecification\",\"valueRequired\":true,\"valueName\":\"search_term_string\"}}],\"inLanguage\":\"es-ES\"}]}<\/script>\n<!-- \/ Yoast SEO Premium plugin. -->","yoast_head_json":{"title":"Turqu\u00eda: trabajadores y trabajadoras textiles denuncian acoso sistem\u00e1tico y represi\u00f3n sindical - industriall-union","description":"En el evento se exhibi\u00f3 un llamativo cartel en el que se enumeraban los abusos que sufren los trabajadores y las trabajadoras a diario: &ldquo;Acoso","robots":{"index":"index","follow":"follow","max-snippet":"max-snippet:-1","max-image-preview":"max-image-preview:large","max-video-preview":"max-video-preview:-1"},"canonical":"https:\/\/admin.industriall-union.org\/es\/turquia-trabajadores-y-trabajadoras-textiles-denuncian-acoso-sistematico-y-represion-sindical\/","og_locale":"es_ES","og_type":"article","og_title":"Turqu\u00eda: trabajadores y trabajadoras textiles denuncian acoso sistem\u00e1tico y represi\u00f3n sindical","og_description":"En el evento se exhibi\u00f3 un llamativo cartel en el que se enumeraban los abusos que sufren los trabajadores y las trabajadoras a diario: &ldquo;Acoso","og_url":"https:\/\/admin.industriall-union.org\/es\/turquia-trabajadores-y-trabajadoras-textiles-denuncian-acoso-sistematico-y-represion-sindical\/","og_site_name":"industriall-union","twitter_card":"summary_large_image","twitter_misc":{"Est. reading time":"3 minutes"},"schema":{"@context":"https:\/\/schema.org","@graph":[{"@type":"WebPage","@id":"https:\/\/admin.industriall-union.org\/es\/turquia-trabajadores-y-trabajadoras-textiles-denuncian-acoso-sistematico-y-represion-sindical\/","url":"https:\/\/admin.industriall-union.org\/es\/turquia-trabajadores-y-trabajadoras-textiles-denuncian-acoso-sistematico-y-represion-sindical\/","name":"Turqu\u00eda: trabajadores y trabajadoras textiles denuncian acoso sistem\u00e1tico y represi\u00f3n sindical - industriall-union","isPartOf":{"@id":"https:\/\/admin.industriall-union.org\/#website"},"datePublished":"2025-08-14T14:14:44+00:00","description":"En el evento se exhibi\u00f3 un llamativo cartel en el que se enumeraban los abusos que sufren los trabajadores y las trabajadoras a diario: &ldquo;Acoso","breadcrumb":{"@id":"https:\/\/admin.industriall-union.org\/es\/turquia-trabajadores-y-trabajadoras-textiles-denuncian-acoso-sistematico-y-represion-sindical\/#breadcrumb"},"inLanguage":"es-ES","potentialAction":[{"@type":"ReadAction","target":["https:\/\/admin.industriall-union.org\/es\/turquia-trabajadores-y-trabajadoras-textiles-denuncian-acoso-sistematico-y-represion-sindical\/"]}]},{"@type":"BreadcrumbList","@id":"https:\/\/admin.industriall-union.org\/es\/turquia-trabajadores-y-trabajadoras-textiles-denuncian-acoso-sistematico-y-represion-sindical\/#breadcrumb","itemListElement":[{"@type":"ListItem","position":1,"name":"Home","item":"https:\/\/admin.industriall-union.org\/"},{"@type":"ListItem","position":2,"name":"Articles","item":"https:\/\/admin.industriall-union.org\/article\/"},{"@type":"ListItem","position":3,"name":"Turqu\u00eda: trabajadores y trabajadoras textiles denuncian acoso sistem\u00e1tico y represi\u00f3n sindical"}]},{"@type":"WebSite","@id":"https:\/\/admin.industriall-union.org\/#website","url":"https:\/\/admin.industriall-union.org\/","name":"industriall-union","description":"","potentialAction":[{"@type":"SearchAction","target":{"@type":"EntryPoint","urlTemplate":"https:\/\/admin.industriall-union.org\/?s={search_term_string}"},"query-input":{"@type":"PropertyValueSpecification","valueRequired":true,"valueName":"search_term_string"}}],"inLanguage":"es-ES"}]}},"_links":{"self":[{"href":"https:\/\/admin.industriall-union.org\/es\/wp-json\/wp\/v2\/article\/466614","targetHints":{"allow":["GET"]}}],"collection":[{"href":"https:\/\/admin.industriall-union.org\/es\/wp-json\/wp\/v2\/article"}],"about":[{"href":"https:\/\/admin.industriall-union.org\/es\/wp-json\/wp\/v2\/types\/article"}],"wp:attachment":[{"href":"https:\/\/admin.industriall-union.org\/es\/wp-json\/wp\/v2\/media?parent=466614"}],"wp:term":[{"taxonomy":"issues","embeddable":true,"href":"https:\/\/admin.industriall-union.org\/es\/wp-json\/wp\/v2\/issues?post=466614"},{"taxonomy":"companies","embeddable":true,"href":"https:\/\/admin.industriall-union.org\/es\/wp-json\/wp\/v2\/companies?post=466614"},{"taxonomy":"regions","embeddable":true,"href":"https:\/\/admin.industriall-union.org\/es\/wp-json\/wp\/v2\/regions?post=466614"},{"taxonomy":"sectors","embeddable":true,"href":"https:\/\/admin.industriall-union.org\/es\/wp-json\/wp\/v2\/sectors?post=466614"},{"taxonomy":"article_tags","embeddable":true,"href":"https:\/\/admin.industriall-union.org\/es\/wp-json\/wp\/v2\/article_tags?post=466614"}],"curies":[{"name":"wp","href":"https:\/\/api.w.org\/{rel}","templated":true}]}}