{"id":175776,"date":"2012-05-25T16:07:41","date_gmt":"2012-05-25T16:07:41","guid":{"rendered":"https:\/\/admin.industriall-union.org\/volkswagen-2\/"},"modified":"2025-02-08T22:12:14","modified_gmt":"2025-02-08T22:12:14","slug":"volkswagen-2","status":"publish","type":"article","link":"https:\/\/admin.industriall-union.org\/es\/volkswagen-2\/","title":{"rendered":"Volkswagen"},"content":{"rendered":"<p>El GFA <span id=\"result_box\" lang=\"es\"><span class=\"hps\">considera la<\/span> <span class=\"hps alt-edited\">libertad sindical<\/span>, <span class=\"hps alt-edited\">la negociaci\u00f3n colectiva<\/span><span>,<\/span> <span class=\"hps alt-edited\">la prohibici\u00f3n del trabajo<\/span> <span class=\"hps\">infantil y<\/span> <span class=\"hps alt-edited\">el trabajo forzoso,<\/span><span class=\"hps\"> el rechazo a la discriminaci\u00f3n<\/span><span>,<\/span> <span class=\"hps\">as\u00ed como la remuneraci\u00f3n<\/span><span>, la salud y<\/span> <span class=\"hps\">la seguridad, y la jornada laboral<\/span><span class=\"hps\">.<\/span><\/span><\/p><p>La gerencia de la compa\u00f1\u00eda informa al Comit\u00e9 Mundial de Empresa y a su Comit\u00e9 Directivo. En casos de que se reporten violaciones, una de \u00e9stas discute la mejor<span id=\"result_box\" lang=\"es\"> <span class=\"hps alt-edited\">manera de solucionar<\/span> <span class=\"hps\">los problemas<\/span><span>.<\/span> <\/span>El coordinador de IndustriALL ante el Comit\u00e9 Mundial de Empresa de la Volkswagen participa en esta discusi\u00f3n y representa la posici\u00f3n de IndustriALL y de sus filiales sindicales.<\/p><p>El acuerdo es v\u00e1lido con el grupo entero de Volkswagen: Volkswagen, Audi, Seat, Skoda, Rolls-Royce Bentley, Lamborghini, Auto-Europa.<\/p>","protected":false},"featured_media":0,"template":"","issues":[407],"companies":[145],"regions":[],"sectors":[482],"article_tags":[],"class_list":["post-175776","article","type-article","status-publish","hentry","issues-global-framework-agreements","companies-volkswagen","sectors-automotive"],"acf":[],"yoast_head":"<!-- This site is optimized with the Yoast SEO Premium plugin v27.1 (Yoast SEO v27.1) - https:\/\/yoast.com\/product\/yoast-seo-premium-wordpress\/ -->\n<title>Volkswagen - industriall-union<\/title>\n<meta name=\"description\" content=\"El GFA considera la libertad sindical, la negociaci\u00f3n colectiva, la prohibici\u00f3n del trabajo infantil y el trabajo forzoso, el rechazo a la discriminaci\u00f3n,\" \/>\n<meta name=\"robots\" content=\"index, follow, max-snippet:-1, max-image-preview:large, max-video-preview:-1\" \/>\n<link rel=\"canonical\" href=\"https:\/\/admin.industriall-union.org\/es\/volkswagen-2\/\" \/>\n<meta property=\"og:locale\" content=\"es_ES\" \/>\n<meta property=\"og:type\" content=\"article\" \/>\n<meta property=\"og:title\" content=\"Volkswagen\" \/>\n<meta property=\"og:description\" content=\"El GFA considera la libertad sindical, la negociaci\u00f3n colectiva, la prohibici\u00f3n del trabajo infantil y el trabajo forzoso, el rechazo a la discriminaci\u00f3n,\" \/>\n<meta property=\"og:url\" content=\"https:\/\/admin.industriall-union.org\/es\/volkswagen-2\/\" \/>\n<meta property=\"og:site_name\" content=\"industriall-union\" \/>\n<meta property=\"article:modified_time\" content=\"2025-02-08T22:12:14+00:00\" \/>\n<meta name=\"twitter:card\" content=\"summary_large_image\" \/>\n<meta name=\"twitter:label1\" content=\"Est. reading time\" \/>\n\t<meta name=\"twitter:data1\" content=\"1 minute\" \/>\n<script type=\"application\/ld+json\" class=\"yoast-schema-graph\">{\"@context\":\"https:\/\/schema.org\",\"@graph\":[{\"@type\":\"WebPage\",\"@id\":\"https:\/\/admin.industriall-union.org\/es\/volkswagen-2\/\",\"url\":\"https:\/\/admin.industriall-union.org\/es\/volkswagen-2\/\",\"name\":\"Volkswagen - industriall-union\",\"isPartOf\":{\"@id\":\"https:\/\/admin.industriall-union.org\/#website\"},\"datePublished\":\"2012-05-25T16:07:41+00:00\",\"dateModified\":\"2025-02-08T22:12:14+00:00\",\"description\":\"El GFA considera la libertad sindical, la negociaci\u00f3n colectiva, la prohibici\u00f3n del trabajo infantil y el trabajo forzoso, el rechazo a la discriminaci\u00f3n,\",\"breadcrumb\":{\"@id\":\"https:\/\/admin.industriall-union.org\/es\/volkswagen-2\/#breadcrumb\"},\"inLanguage\":\"es-ES\",\"potentialAction\":[{\"@type\":\"ReadAction\",\"target\":[\"https:\/\/admin.industriall-union.org\/es\/volkswagen-2\/\"]}]},{\"@type\":\"BreadcrumbList\",\"@id\":\"https:\/\/admin.industriall-union.org\/es\/volkswagen-2\/#breadcrumb\",\"itemListElement\":[{\"@type\":\"ListItem\",\"position\":1,\"name\":\"Home\",\"item\":\"https:\/\/admin.industriall-union.org\/\"},{\"@type\":\"ListItem\",\"position\":2,\"name\":\"Articles\",\"item\":\"https:\/\/admin.industriall-union.org\/article\/\"},{\"@type\":\"ListItem\",\"position\":3,\"name\":\"Volkswagen\"}]},{\"@type\":\"WebSite\",\"@id\":\"https:\/\/admin.industriall-union.org\/#website\",\"url\":\"https:\/\/admin.industriall-union.org\/\",\"name\":\"industriall-union\",\"description\":\"\",\"potentialAction\":[{\"@type\":\"SearchAction\",\"target\":{\"@type\":\"EntryPoint\",\"urlTemplate\":\"https:\/\/admin.industriall-union.org\/?s={search_term_string}\"},\"query-input\":{\"@type\":\"PropertyValueSpecification\",\"valueRequired\":true,\"valueName\":\"search_term_string\"}}],\"inLanguage\":\"es-ES\"}]}<\/script>\n<!-- \/ Yoast SEO Premium plugin. -->","yoast_head_json":{"title":"Volkswagen - industriall-union","description":"El GFA considera la libertad sindical, la negociaci\u00f3n colectiva, la prohibici\u00f3n del trabajo infantil y el trabajo forzoso, el rechazo a la discriminaci\u00f3n,","robots":{"index":"index","follow":"follow","max-snippet":"max-snippet:-1","max-image-preview":"max-image-preview:large","max-video-preview":"max-video-preview:-1"},"canonical":"https:\/\/admin.industriall-union.org\/es\/volkswagen-2\/","og_locale":"es_ES","og_type":"article","og_title":"Volkswagen","og_description":"El GFA considera la libertad sindical, la negociaci\u00f3n colectiva, la prohibici\u00f3n del trabajo infantil y el trabajo forzoso, el rechazo a la discriminaci\u00f3n,","og_url":"https:\/\/admin.industriall-union.org\/es\/volkswagen-2\/","og_site_name":"industriall-union","article_modified_time":"2025-02-08T22:12:14+00:00","twitter_card":"summary_large_image","twitter_misc":{"Est. reading time":"1 minute"},"schema":{"@context":"https:\/\/schema.org","@graph":[{"@type":"WebPage","@id":"https:\/\/admin.industriall-union.org\/es\/volkswagen-2\/","url":"https:\/\/admin.industriall-union.org\/es\/volkswagen-2\/","name":"Volkswagen - industriall-union","isPartOf":{"@id":"https:\/\/admin.industriall-union.org\/#website"},"datePublished":"2012-05-25T16:07:41+00:00","dateModified":"2025-02-08T22:12:14+00:00","description":"El GFA considera la libertad sindical, la negociaci\u00f3n colectiva, la prohibici\u00f3n del trabajo infantil y el trabajo forzoso, el rechazo a la discriminaci\u00f3n,","breadcrumb":{"@id":"https:\/\/admin.industriall-union.org\/es\/volkswagen-2\/#breadcrumb"},"inLanguage":"es-ES","potentialAction":[{"@type":"ReadAction","target":["https:\/\/admin.industriall-union.org\/es\/volkswagen-2\/"]}]},{"@type":"BreadcrumbList","@id":"https:\/\/admin.industriall-union.org\/es\/volkswagen-2\/#breadcrumb","itemListElement":[{"@type":"ListItem","position":1,"name":"Home","item":"https:\/\/admin.industriall-union.org\/"},{"@type":"ListItem","position":2,"name":"Articles","item":"https:\/\/admin.industriall-union.org\/article\/"},{"@type":"ListItem","position":3,"name":"Volkswagen"}]},{"@type":"WebSite","@id":"https:\/\/admin.industriall-union.org\/#website","url":"https:\/\/admin.industriall-union.org\/","name":"industriall-union","description":"","potentialAction":[{"@type":"SearchAction","target":{"@type":"EntryPoint","urlTemplate":"https:\/\/admin.industriall-union.org\/?s={search_term_string}"},"query-input":{"@type":"PropertyValueSpecification","valueRequired":true,"valueName":"search_term_string"}}],"inLanguage":"es-ES"}]}},"_links":{"self":[{"href":"https:\/\/admin.industriall-union.org\/es\/wp-json\/wp\/v2\/article\/175776","targetHints":{"allow":["GET"]}}],"collection":[{"href":"https:\/\/admin.industriall-union.org\/es\/wp-json\/wp\/v2\/article"}],"about":[{"href":"https:\/\/admin.industriall-union.org\/es\/wp-json\/wp\/v2\/types\/article"}],"wp:attachment":[{"href":"https:\/\/admin.industriall-union.org\/es\/wp-json\/wp\/v2\/media?parent=175776"}],"wp:term":[{"taxonomy":"issues","embeddable":true,"href":"https:\/\/admin.industriall-union.org\/es\/wp-json\/wp\/v2\/issues?post=175776"},{"taxonomy":"companies","embeddable":true,"href":"https:\/\/admin.industriall-union.org\/es\/wp-json\/wp\/v2\/companies?post=175776"},{"taxonomy":"regions","embeddable":true,"href":"https:\/\/admin.industriall-union.org\/es\/wp-json\/wp\/v2\/regions?post=175776"},{"taxonomy":"sectors","embeddable":true,"href":"https:\/\/admin.industriall-union.org\/es\/wp-json\/wp\/v2\/sectors?post=175776"},{"taxonomy":"article_tags","embeddable":true,"href":"https:\/\/admin.industriall-union.org\/es\/wp-json\/wp\/v2\/article_tags?post=175776"}],"curies":[{"name":"wp","href":"https:\/\/api.w.org\/{rel}","templated":true}]}}