{"id":175760,"date":"2012-05-25T16:12:35","date_gmt":"2012-05-25T16:12:35","guid":{"rendered":"https:\/\/admin.industriall-union.org\/aker-2\/"},"modified":"2025-02-08T21:54:37","modified_gmt":"2025-02-08T21:54:37","slug":"aker-2","status":"publish","type":"article","link":"https:\/\/admin.industriall-union.org\/es\/aker-2\/","title":{"rendered":"Aker"},"content":{"rendered":"<p><span id=\"result_box\" lang=\"es\"><span class=\"hps\">El Acuerdo Marco Global<\/span> <span class=\"hps\">incluye disposiciones<\/span> <span class=\"hps\">sobre la libertad sindical<\/span> <span class=\"hps\">y negociaci\u00f3n colectiva<\/span><span>, la discriminaci\u00f3n, el trabajo<\/span> <span class=\"hps\">forzoso, el trabajo infantil<\/span><span>, la salud y la seguridad<\/span><span>, los salarios dignos<\/span><span>, las condiciones de empleo<\/span><span class=\"alt-edited\">, la jornada laboral<\/span><span>, el VIH \/<\/span> <span class=\"hps\">SIDA, las cuestiones<\/span> <span class=\"hps\">ambientales<\/span> <span class=\"hps\">y la capacitaci\u00f3n<\/span><span>, de acuerdo a<\/span> <span class=\"hps\">las normas<\/span> <span class=\"hps\">establecidas por<\/span> <span class=\"hps\">los convenios<\/span> <span class=\"hps\">fundamentales del trabajo<\/span> <span class=\"hps\">de la Organizaci\u00f3n<\/span> <span class=\"hps\">Internacional del Trabajo<\/span> <span class=\"hps\">(OIT)<\/span><span>.<\/span><br \/><br \/><span class=\"hps\">El<\/span> <span class=\"hps alt-edited\">Acuerdo cobija<\/span> <span class=\"hps\">todas las partes de<\/span> <span class=\"hps\">Aker<\/span> <span class=\"hps\">y afirma que<\/span> <span class=\"hps\">la compa\u00f1\u00eda utilizar\u00e1<\/span> <span class=\"hps\">su influencia <\/span><\/span><span id=\"result_box\" lang=\"es\"> <span class=\"hps\">con sus filiales y<\/span> <span class=\"hps alt-edited\">socios comerciales <\/span><\/span><span id=\"result_box\" lang=\"es\"><span class=\"hps\">para<\/span> <span class=\"hps\">asegurar el cumplimiento de<\/span> <span class=\"hps\">sus normas <\/span><span class=\"hps alt-edited\">y que la<\/span><span class=\"hps\"> cancelaci\u00f3n<\/span> <span class=\"hps\">potencial de<\/span> <span class=\"hps\">una relaci\u00f3n contractual podr\u00eda darse <\/span><\/span><span id=\"result_box\" lang=\"es\"><span class=\"hps alt-edited\">en caso de <\/span> <span class=\"hps alt-edited\">incumplimiento<\/span> <span class=\"hps alt-edited\">del mismo<\/span><\/span><span id=\"result_box\" lang=\"es\"><span class=\"hps\">.<\/span><br \/><br \/><span class=\"hps\">La firma tuvo lugar<\/span> <span class=\"hps\">durante la reuni\u00f3n del<\/span> <span class=\"hps\">Comit\u00e9 Ejecutivo<\/span> <span class=\"hps\">de<\/span> <span class=\"hps\">Fellesforbundet<\/span> <span class=\"hps\">en Oslo<\/span> <span class=\"hps\">el 28 de octubre<\/span> <span class=\"hps\">de 2008.<\/span> <span class=\"hps\">Durante<\/span> <span class=\"hps alt-edited\">la ceremonia e<\/span><span class=\"hps atn\">l ex-<\/span><span>Secretario General<\/span> <span class=\"hps\">del FIM<\/span><span>, Marcello<\/span> <span class=\"hps\">Malentachhi<\/span><span>, <\/span><span class=\"hps\">el Presidente de<\/span> <span class=\"hps\">Arve<\/span> <span class=\"hps\">Bakke<\/span> <span class=\"hps\">Fellesforbundet<\/span><span>,<\/span> <span class=\"hps\">el Director de<\/span> <span class=\"hps\">Comunicaci\u00f3n de<\/span> <span class=\"hps\">Aker ASA<\/span> <span class=\"hps\">Geir<\/span> <span class=\"hps\">Arne<\/span> <span class=\"hps\">Drangeid<\/span><span>,<\/span> <span class=\"hps\">y el<\/span> <span class=\"hps\">Delegado Sindical<\/span> <span class=\"hps\">en<\/span> <span class=\"hps\">Aker<\/span> <span class=\"hps\">Atle<\/span> <span class=\"hps\">Tran\u00f8y, <\/span><\/span><span id=\"result_box\" lang=\"es\">dieron<span class=\"hps alt-edited\"> discursos<\/span> <span class=\"hps alt-edited\">sobre la importancia<\/span> <span class=\"hps\">del acuerdo<\/span><\/span><span id=\"result_box\" lang=\"es\"><span>.<\/span><br \/><br \/><span class=\"hps\">Aker<\/span> <span class=\"hps alt-edited\">fue establecida<\/span> <span class=\"hps\">en 1841<\/span> <span class=\"hps\">y actualmente<\/span> <span class=\"hps\">dividide sus actividades en<\/span> <span class=\"hps\">cuatro<\/span> <span class=\"hps\">sectores de mercado<\/span><span>: Los recursos<\/span> <span class=\"hps alt-edited\">energ\u00e9ticos<\/span><span>, tecnolog\u00edas<\/span> <span class=\"hps alt-edited\">energ\u00e9ticas<\/span><span>, tecnolog\u00edas<\/span> <span class=\"hps\">mar\u00edtimas<\/span><span>, <\/span><span class=\"hps\">y la biotecnolog\u00eda marisquera y marina<\/span><\/span><span id=\"result_box\" lang=\"es\"><span>.<\/span> <span class=\"hps\">La empresa<\/span> <span class=\"hps\">Aker<\/span> cuenta con<span class=\"hps\"> un total de<\/span> <span class=\"hps\">27.100<\/span> <span class=\"hps\">empleados<\/span> <span class=\"hps\">en cinco continentes<\/span> e<span class=\"hps\"> ingresos<\/span> <span class=\"hps\">de operaci\u00f3n<\/span> <span class=\"hps\">por un total de<\/span> <span class=\"hps\">62 mil millones<\/span> <span class=\"hps\">de coronas noruegas<\/span> <span class=\"hps atn\">(o <\/span><span>7<\/span> <span class=\"hps alt-edited\">mil millones de euros<\/span><span>)<\/span> <span class=\"hps\">en 2007.<\/span><\/span><\/p>","protected":false},"featured_media":0,"template":"","issues":[407],"companies":[6],"regions":[],"sectors":[483],"article_tags":[],"class_list":["post-175760","article","type-article","status-publish","hentry","issues-global-framework-agreements","companies-aker","sectors-energy-oil-gas-electricity-and-nuclear"],"acf":[],"yoast_head":"<!-- This site is optimized with the Yoast SEO Premium plugin v27.1 (Yoast SEO v27.1) - https:\/\/yoast.com\/product\/yoast-seo-premium-wordpress\/ -->\n<title>Aker - industriall-union<\/title>\n<meta name=\"description\" content=\"El Acuerdo Marco Global incluye disposiciones sobre la libertad sindical y negociaci\u00f3n colectiva, la discriminaci\u00f3n, el trabajo forzoso, el trabajo\" \/>\n<meta name=\"robots\" content=\"index, follow, max-snippet:-1, max-image-preview:large, max-video-preview:-1\" \/>\n<link rel=\"canonical\" href=\"https:\/\/admin.industriall-union.org\/es\/aker-2\/\" \/>\n<meta property=\"og:locale\" content=\"es_ES\" \/>\n<meta property=\"og:type\" content=\"article\" \/>\n<meta property=\"og:title\" content=\"Aker\" \/>\n<meta property=\"og:description\" content=\"El Acuerdo Marco Global incluye disposiciones sobre la libertad sindical y negociaci\u00f3n colectiva, la discriminaci\u00f3n, el trabajo forzoso, el trabajo\" \/>\n<meta property=\"og:url\" content=\"https:\/\/admin.industriall-union.org\/es\/aker-2\/\" \/>\n<meta property=\"og:site_name\" content=\"industriall-union\" \/>\n<meta property=\"article:modified_time\" content=\"2025-02-08T21:54:37+00:00\" \/>\n<meta name=\"twitter:card\" content=\"summary_large_image\" \/>\n<meta name=\"twitter:label1\" content=\"Est. reading time\" \/>\n\t<meta name=\"twitter:data1\" content=\"1 minute\" \/>\n<script type=\"application\/ld+json\" class=\"yoast-schema-graph\">{\"@context\":\"https:\/\/schema.org\",\"@graph\":[{\"@type\":\"WebPage\",\"@id\":\"https:\/\/admin.industriall-union.org\/es\/aker-2\/\",\"url\":\"https:\/\/admin.industriall-union.org\/es\/aker-2\/\",\"name\":\"Aker - industriall-union\",\"isPartOf\":{\"@id\":\"https:\/\/admin.industriall-union.org\/#website\"},\"datePublished\":\"2012-05-25T16:12:35+00:00\",\"dateModified\":\"2025-02-08T21:54:37+00:00\",\"description\":\"El Acuerdo Marco Global incluye disposiciones sobre la libertad sindical y negociaci\u00f3n colectiva, la discriminaci\u00f3n, el trabajo forzoso, el trabajo\",\"breadcrumb\":{\"@id\":\"https:\/\/admin.industriall-union.org\/es\/aker-2\/#breadcrumb\"},\"inLanguage\":\"es-ES\",\"potentialAction\":[{\"@type\":\"ReadAction\",\"target\":[\"https:\/\/admin.industriall-union.org\/es\/aker-2\/\"]}]},{\"@type\":\"BreadcrumbList\",\"@id\":\"https:\/\/admin.industriall-union.org\/es\/aker-2\/#breadcrumb\",\"itemListElement\":[{\"@type\":\"ListItem\",\"position\":1,\"name\":\"Home\",\"item\":\"https:\/\/admin.industriall-union.org\/\"},{\"@type\":\"ListItem\",\"position\":2,\"name\":\"Articles\",\"item\":\"https:\/\/admin.industriall-union.org\/article\/\"},{\"@type\":\"ListItem\",\"position\":3,\"name\":\"Aker\"}]},{\"@type\":\"WebSite\",\"@id\":\"https:\/\/admin.industriall-union.org\/#website\",\"url\":\"https:\/\/admin.industriall-union.org\/\",\"name\":\"industriall-union\",\"description\":\"\",\"potentialAction\":[{\"@type\":\"SearchAction\",\"target\":{\"@type\":\"EntryPoint\",\"urlTemplate\":\"https:\/\/admin.industriall-union.org\/?s={search_term_string}\"},\"query-input\":{\"@type\":\"PropertyValueSpecification\",\"valueRequired\":true,\"valueName\":\"search_term_string\"}}],\"inLanguage\":\"es-ES\"}]}<\/script>\n<!-- \/ Yoast SEO Premium plugin. -->","yoast_head_json":{"title":"Aker - industriall-union","description":"El Acuerdo Marco Global incluye disposiciones sobre la libertad sindical y negociaci\u00f3n colectiva, la discriminaci\u00f3n, el trabajo forzoso, el trabajo","robots":{"index":"index","follow":"follow","max-snippet":"max-snippet:-1","max-image-preview":"max-image-preview:large","max-video-preview":"max-video-preview:-1"},"canonical":"https:\/\/admin.industriall-union.org\/es\/aker-2\/","og_locale":"es_ES","og_type":"article","og_title":"Aker","og_description":"El Acuerdo Marco Global incluye disposiciones sobre la libertad sindical y negociaci\u00f3n colectiva, la discriminaci\u00f3n, el trabajo forzoso, el trabajo","og_url":"https:\/\/admin.industriall-union.org\/es\/aker-2\/","og_site_name":"industriall-union","article_modified_time":"2025-02-08T21:54:37+00:00","twitter_card":"summary_large_image","twitter_misc":{"Est. reading time":"1 minute"},"schema":{"@context":"https:\/\/schema.org","@graph":[{"@type":"WebPage","@id":"https:\/\/admin.industriall-union.org\/es\/aker-2\/","url":"https:\/\/admin.industriall-union.org\/es\/aker-2\/","name":"Aker - industriall-union","isPartOf":{"@id":"https:\/\/admin.industriall-union.org\/#website"},"datePublished":"2012-05-25T16:12:35+00:00","dateModified":"2025-02-08T21:54:37+00:00","description":"El Acuerdo Marco Global incluye disposiciones sobre la libertad sindical y negociaci\u00f3n colectiva, la discriminaci\u00f3n, el trabajo forzoso, el trabajo","breadcrumb":{"@id":"https:\/\/admin.industriall-union.org\/es\/aker-2\/#breadcrumb"},"inLanguage":"es-ES","potentialAction":[{"@type":"ReadAction","target":["https:\/\/admin.industriall-union.org\/es\/aker-2\/"]}]},{"@type":"BreadcrumbList","@id":"https:\/\/admin.industriall-union.org\/es\/aker-2\/#breadcrumb","itemListElement":[{"@type":"ListItem","position":1,"name":"Home","item":"https:\/\/admin.industriall-union.org\/"},{"@type":"ListItem","position":2,"name":"Articles","item":"https:\/\/admin.industriall-union.org\/article\/"},{"@type":"ListItem","position":3,"name":"Aker"}]},{"@type":"WebSite","@id":"https:\/\/admin.industriall-union.org\/#website","url":"https:\/\/admin.industriall-union.org\/","name":"industriall-union","description":"","potentialAction":[{"@type":"SearchAction","target":{"@type":"EntryPoint","urlTemplate":"https:\/\/admin.industriall-union.org\/?s={search_term_string}"},"query-input":{"@type":"PropertyValueSpecification","valueRequired":true,"valueName":"search_term_string"}}],"inLanguage":"es-ES"}]}},"_links":{"self":[{"href":"https:\/\/admin.industriall-union.org\/es\/wp-json\/wp\/v2\/article\/175760","targetHints":{"allow":["GET"]}}],"collection":[{"href":"https:\/\/admin.industriall-union.org\/es\/wp-json\/wp\/v2\/article"}],"about":[{"href":"https:\/\/admin.industriall-union.org\/es\/wp-json\/wp\/v2\/types\/article"}],"wp:attachment":[{"href":"https:\/\/admin.industriall-union.org\/es\/wp-json\/wp\/v2\/media?parent=175760"}],"wp:term":[{"taxonomy":"issues","embeddable":true,"href":"https:\/\/admin.industriall-union.org\/es\/wp-json\/wp\/v2\/issues?post=175760"},{"taxonomy":"companies","embeddable":true,"href":"https:\/\/admin.industriall-union.org\/es\/wp-json\/wp\/v2\/companies?post=175760"},{"taxonomy":"regions","embeddable":true,"href":"https:\/\/admin.industriall-union.org\/es\/wp-json\/wp\/v2\/regions?post=175760"},{"taxonomy":"sectors","embeddable":true,"href":"https:\/\/admin.industriall-union.org\/es\/wp-json\/wp\/v2\/sectors?post=175760"},{"taxonomy":"article_tags","embeddable":true,"href":"https:\/\/admin.industriall-union.org\/es\/wp-json\/wp\/v2\/article_tags?post=175760"}],"curies":[{"name":"wp","href":"https:\/\/api.w.org\/{rel}","templated":true}]}}