{"id":175734,"date":"2012-06-18T20:39:47","date_gmt":"2012-06-18T20:39:47","guid":{"rendered":"https:\/\/admin.industriall-union.org\/elogian-a-heroe-del-everest-en-congreso-de-industriall\/"},"modified":"2025-02-08T21:41:46","modified_gmt":"2025-02-08T21:41:46","slug":"elogian-a-heroe-del-everest-en-congreso-de-industriall","status":"publish","type":"article","link":"https:\/\/admin.industriall-union.org\/es\/elogian-a-heroe-del-everest-en-congreso-de-industriall\/","title":{"rendered":"Elogian a h\u00e9roe del Everest en Congreso de IndustriALL"},"content":{"rendered":"<p>Dorje es miembro del Comit\u00e9 Central del Sindicato de Trabajadores de Expediciones, Viajes, Rafting y Aerol\u00edneas (UNITRAV), organizaci\u00f3n afiliada a la Federaci\u00f3n General de Sindicatos de Nepal (GEFONT), federaci\u00f3n de Nepal afiliada a IndustriALL.<\/p><p>El 25 de mayo, Dorje, acompa\u00f1ado de dos compa\u00f1eros de trabajo y cuatro monta\u00f1istas de UK Adventure Peaks, conquist\u00f3 la cima m\u00e1s alta del mundo. \u00c9sta fue la octava vez que sube al Everest. Dorje descendi\u00f3 al campamento base el mismo d\u00eda y regres\u00f3 a Katmand\u00fa el 1&deg; de junio.<\/p><p>Durante sus intentos anteriores Khatri dej\u00f3 en el Everest las banderas de GEFONT y de algunos de sus sindicatos afiliados y de otras federaciones sindicales internacionales, incluyendo la Federaci\u00f3n Internacional de Trabajadores de la Construcci\u00f3n y la Madera&nbsp; (FITCM). Tambi\u00e9n el a\u00f1o pasado, como parte de una campa\u00f1a coordinada por GEFONT, ITUC @Mt Everest 2011, iz\u00f3 la bandera de la Confederaci\u00f3n Sindical Internacional (CSI). &iexcl;Ahora el ascenso al Everest es una tradici\u00f3n impresionante!<\/p><p>En los \u00faltimos a\u00f1os la federaci\u00f3n sindical GEFONT de Nepal ha luchado contra todas las leyes discriminatorias existentes en el pa\u00eds &#8211; y ha ganado la lucha. GEFONT cuenta con un amplio programa de formaci\u00f3n de mujeres dirigentes, que incluye capacitaci\u00f3n y apoyo para un programa de sindicalizaci\u00f3n de la mujer.<\/p><p>Hoy, en el Congreso de Fundaci\u00f3n de IndustriALL, Jyrki Raina elogi\u00f3 este incre\u00edble logro de Dorje y le concedi\u00f3 1.000 francos suizos para apoyar las actividades progresistas que realiza su sindicato en materia de g\u00e9nero.<\/p>","protected":false},"featured_media":0,"template":"","issues":[],"companies":[],"regions":[155,179],"sectors":[],"article_tags":[511],"class_list":["post-175734","article","type-article","status-publish","hentry","regions-asia-pacific","regions-nepal","article_tags-industriall"],"acf":[],"yoast_head":"<!-- This site is optimized with the Yoast SEO Premium plugin v27.1 (Yoast SEO v27.1) - https:\/\/yoast.com\/product\/yoast-seo-premium-wordpress\/ -->\n<title>Elogian a h\u00e9roe del Everest en Congreso de IndustriALL - industriall-union<\/title>\n<meta name=\"description\" content=\"Dorje es miembro del Comit\u00e9 Central del Sindicato de Trabajadores de Expediciones, Viajes, Rafting y Aerol\u00edneas (UNITRAV), organizaci\u00f3n afiliada a la\" \/>\n<meta name=\"robots\" content=\"index, follow, max-snippet:-1, max-image-preview:large, max-video-preview:-1\" \/>\n<link rel=\"canonical\" href=\"https:\/\/admin.industriall-union.org\/es\/elogian-a-heroe-del-everest-en-congreso-de-industriall\/\" \/>\n<meta property=\"og:locale\" content=\"es_ES\" \/>\n<meta property=\"og:type\" content=\"article\" \/>\n<meta property=\"og:title\" content=\"Elogian a h\u00e9roe del Everest en Congreso de IndustriALL\" \/>\n<meta property=\"og:description\" content=\"Dorje es miembro del Comit\u00e9 Central del Sindicato de Trabajadores de Expediciones, Viajes, Rafting y Aerol\u00edneas (UNITRAV), organizaci\u00f3n afiliada a la\" \/>\n<meta property=\"og:url\" content=\"https:\/\/admin.industriall-union.org\/es\/elogian-a-heroe-del-everest-en-congreso-de-industriall\/\" \/>\n<meta property=\"og:site_name\" content=\"industriall-union\" \/>\n<meta property=\"article:modified_time\" content=\"2025-02-08T21:41:46+00:00\" \/>\n<meta name=\"twitter:card\" content=\"summary_large_image\" \/>\n<meta name=\"twitter:label1\" content=\"Est. reading time\" \/>\n\t<meta name=\"twitter:data1\" content=\"1 minute\" \/>\n<script type=\"application\/ld+json\" class=\"yoast-schema-graph\">{\"@context\":\"https:\/\/schema.org\",\"@graph\":[{\"@type\":\"WebPage\",\"@id\":\"https:\/\/admin.industriall-union.org\/es\/elogian-a-heroe-del-everest-en-congreso-de-industriall\/\",\"url\":\"https:\/\/admin.industriall-union.org\/es\/elogian-a-heroe-del-everest-en-congreso-de-industriall\/\",\"name\":\"Elogian a h\u00e9roe del Everest en Congreso de IndustriALL - industriall-union\",\"isPartOf\":{\"@id\":\"https:\/\/admin.industriall-union.org\/#website\"},\"datePublished\":\"2012-06-18T20:39:47+00:00\",\"dateModified\":\"2025-02-08T21:41:46+00:00\",\"description\":\"Dorje es miembro del Comit\u00e9 Central del Sindicato de Trabajadores de Expediciones, Viajes, Rafting y Aerol\u00edneas (UNITRAV), organizaci\u00f3n afiliada a la\",\"breadcrumb\":{\"@id\":\"https:\/\/admin.industriall-union.org\/es\/elogian-a-heroe-del-everest-en-congreso-de-industriall\/#breadcrumb\"},\"inLanguage\":\"es-ES\",\"potentialAction\":[{\"@type\":\"ReadAction\",\"target\":[\"https:\/\/admin.industriall-union.org\/es\/elogian-a-heroe-del-everest-en-congreso-de-industriall\/\"]}]},{\"@type\":\"BreadcrumbList\",\"@id\":\"https:\/\/admin.industriall-union.org\/es\/elogian-a-heroe-del-everest-en-congreso-de-industriall\/#breadcrumb\",\"itemListElement\":[{\"@type\":\"ListItem\",\"position\":1,\"name\":\"Home\",\"item\":\"https:\/\/admin.industriall-union.org\/\"},{\"@type\":\"ListItem\",\"position\":2,\"name\":\"Articles\",\"item\":\"https:\/\/admin.industriall-union.org\/article\/\"},{\"@type\":\"ListItem\",\"position\":3,\"name\":\"Elogian a h\u00e9roe del Everest en Congreso de IndustriALL\"}]},{\"@type\":\"WebSite\",\"@id\":\"https:\/\/admin.industriall-union.org\/#website\",\"url\":\"https:\/\/admin.industriall-union.org\/\",\"name\":\"industriall-union\",\"description\":\"\",\"potentialAction\":[{\"@type\":\"SearchAction\",\"target\":{\"@type\":\"EntryPoint\",\"urlTemplate\":\"https:\/\/admin.industriall-union.org\/?s={search_term_string}\"},\"query-input\":{\"@type\":\"PropertyValueSpecification\",\"valueRequired\":true,\"valueName\":\"search_term_string\"}}],\"inLanguage\":\"es-ES\"}]}<\/script>\n<!-- \/ Yoast SEO Premium plugin. -->","yoast_head_json":{"title":"Elogian a h\u00e9roe del Everest en Congreso de IndustriALL - industriall-union","description":"Dorje es miembro del Comit\u00e9 Central del Sindicato de Trabajadores de Expediciones, Viajes, Rafting y Aerol\u00edneas (UNITRAV), organizaci\u00f3n afiliada a la","robots":{"index":"index","follow":"follow","max-snippet":"max-snippet:-1","max-image-preview":"max-image-preview:large","max-video-preview":"max-video-preview:-1"},"canonical":"https:\/\/admin.industriall-union.org\/es\/elogian-a-heroe-del-everest-en-congreso-de-industriall\/","og_locale":"es_ES","og_type":"article","og_title":"Elogian a h\u00e9roe del Everest en Congreso de IndustriALL","og_description":"Dorje es miembro del Comit\u00e9 Central del Sindicato de Trabajadores de Expediciones, Viajes, Rafting y Aerol\u00edneas (UNITRAV), organizaci\u00f3n afiliada a la","og_url":"https:\/\/admin.industriall-union.org\/es\/elogian-a-heroe-del-everest-en-congreso-de-industriall\/","og_site_name":"industriall-union","article_modified_time":"2025-02-08T21:41:46+00:00","twitter_card":"summary_large_image","twitter_misc":{"Est. reading time":"1 minute"},"schema":{"@context":"https:\/\/schema.org","@graph":[{"@type":"WebPage","@id":"https:\/\/admin.industriall-union.org\/es\/elogian-a-heroe-del-everest-en-congreso-de-industriall\/","url":"https:\/\/admin.industriall-union.org\/es\/elogian-a-heroe-del-everest-en-congreso-de-industriall\/","name":"Elogian a h\u00e9roe del Everest en Congreso de IndustriALL - industriall-union","isPartOf":{"@id":"https:\/\/admin.industriall-union.org\/#website"},"datePublished":"2012-06-18T20:39:47+00:00","dateModified":"2025-02-08T21:41:46+00:00","description":"Dorje es miembro del Comit\u00e9 Central del Sindicato de Trabajadores de Expediciones, Viajes, Rafting y Aerol\u00edneas (UNITRAV), organizaci\u00f3n afiliada a la","breadcrumb":{"@id":"https:\/\/admin.industriall-union.org\/es\/elogian-a-heroe-del-everest-en-congreso-de-industriall\/#breadcrumb"},"inLanguage":"es-ES","potentialAction":[{"@type":"ReadAction","target":["https:\/\/admin.industriall-union.org\/es\/elogian-a-heroe-del-everest-en-congreso-de-industriall\/"]}]},{"@type":"BreadcrumbList","@id":"https:\/\/admin.industriall-union.org\/es\/elogian-a-heroe-del-everest-en-congreso-de-industriall\/#breadcrumb","itemListElement":[{"@type":"ListItem","position":1,"name":"Home","item":"https:\/\/admin.industriall-union.org\/"},{"@type":"ListItem","position":2,"name":"Articles","item":"https:\/\/admin.industriall-union.org\/article\/"},{"@type":"ListItem","position":3,"name":"Elogian a h\u00e9roe del Everest en Congreso de IndustriALL"}]},{"@type":"WebSite","@id":"https:\/\/admin.industriall-union.org\/#website","url":"https:\/\/admin.industriall-union.org\/","name":"industriall-union","description":"","potentialAction":[{"@type":"SearchAction","target":{"@type":"EntryPoint","urlTemplate":"https:\/\/admin.industriall-union.org\/?s={search_term_string}"},"query-input":{"@type":"PropertyValueSpecification","valueRequired":true,"valueName":"search_term_string"}}],"inLanguage":"es-ES"}]}},"_links":{"self":[{"href":"https:\/\/admin.industriall-union.org\/es\/wp-json\/wp\/v2\/article\/175734","targetHints":{"allow":["GET"]}}],"collection":[{"href":"https:\/\/admin.industriall-union.org\/es\/wp-json\/wp\/v2\/article"}],"about":[{"href":"https:\/\/admin.industriall-union.org\/es\/wp-json\/wp\/v2\/types\/article"}],"wp:attachment":[{"href":"https:\/\/admin.industriall-union.org\/es\/wp-json\/wp\/v2\/media?parent=175734"}],"wp:term":[{"taxonomy":"issues","embeddable":true,"href":"https:\/\/admin.industriall-union.org\/es\/wp-json\/wp\/v2\/issues?post=175734"},{"taxonomy":"companies","embeddable":true,"href":"https:\/\/admin.industriall-union.org\/es\/wp-json\/wp\/v2\/companies?post=175734"},{"taxonomy":"regions","embeddable":true,"href":"https:\/\/admin.industriall-union.org\/es\/wp-json\/wp\/v2\/regions?post=175734"},{"taxonomy":"sectors","embeddable":true,"href":"https:\/\/admin.industriall-union.org\/es\/wp-json\/wp\/v2\/sectors?post=175734"},{"taxonomy":"article_tags","embeddable":true,"href":"https:\/\/admin.industriall-union.org\/es\/wp-json\/wp\/v2\/article_tags?post=175734"}],"curies":[{"name":"wp","href":"https:\/\/api.w.org\/{rel}","templated":true}]}}