{"id":175709,"date":"2012-06-19T17:15:08","date_gmt":"2012-06-19T17:15:08","guid":{"rendered":"https:\/\/admin.industriall-union.org\/heroes-conforman-nuevo-sindicato-mundial\/"},"modified":"2025-02-08T21:36:45","modified_gmt":"2025-02-08T21:36:45","slug":"heroes-conforman-nuevo-sindicato-mundial","status":"publish","type":"article","link":"https:\/\/admin.industriall-union.org\/es\/heroes-conforman-nuevo-sindicato-mundial\/","title":{"rendered":"H\u00e9roes conforman nuevo sindicato mundial"},"content":{"rendered":"<p>H\u00e9roes conforman nuevo sindicato mundial<\/p><p>&nbsp;<\/p><p>Jyrki Raina, Secretario General del nuevo IndustriALL Global Union, dijo a los delegados que se est\u00e1n uniendo a una nueva y extraordinaria familia de h\u00e9roes.<\/p><p>Jyrki Raina tambi\u00e9n esboz\u00f3 un plan de acci\u00f3n de diez puntos destinado a garantizar que IndustriALL apoye a sus afiliados, especialmente a aquellos que se encuentran en la primera l\u00ednea, batallando por los derechos humanos y derechos de los trabajadores.<\/p><p>Una cuarta parte de los delegados que asisten al Congreso de Fundaci\u00f3n en Copenhague informaron que ellos o sus familias han sido v\u00edctimas de amenazas a causa de su labor sindical. Un 18% ha sido detenido o encarcelado por su labor sindical, &nbsp;y un 16% ha sufrido violencia f\u00edsica por su actividad sindical.<\/p><p>Dirigi\u00e9ndose a los 1.400 delegados de 140 pa\u00edses, Jyrki Raina ofreci\u00f3 la bienvenida a todos,&nbsp; se\u00f1alando que hab\u00eda varios h\u00e9roes incre\u00edbles presentes en la sala del Congreso:<\/p><p>Grace Nyirenda, Secretaria General del Sindicato de Trabajadores del Textil, Vestuario, Cuero y Servicio de Seguridad de Malawi.<\/p><p>De ella, Raina dijo lo siguiente: &ldquo;Grace ha arriesgado su vida al representar a sus miembros cuando los trabajadores fueron reprimidos&nbsp; y hasta asesinados&rdquo;.<\/p><p>El Sr. Raina dijo que quer\u00eda saludar al gran n\u00famero de compa\u00f1eros y compa\u00f1eras \u00e1rabes presentes en el Congreso, quienes han participado en el movimiento de la Primavera \u00c1rabe. En particular, se refiri\u00f3 a Hashmeya Mushin al-Saadawi, dirigente del Sindicato de Trabajadores de la Electricidad de Irak.<\/p><p>Jyrki Raina se\u00f1al\u00f3 al respecto: &quot; Hashmeya es reconocida como una de los l\u00edderes del movimiento de protesta iraqu\u00ed que exige derechos para los trabajadores&rdquo;.<\/p><p>&quot;Tenemos una extraordinaria familia de h\u00e9roes en IndustriALL Global Union &iquest;no es cierto?&quot;, pregunt\u00f3 a los delegados.<\/p><p>El Sr. Raina dijo a los delegados que la creaci\u00f3n de IndustriALL como nuevo sindicato mundial ha ocurrido en un momento crucial.<\/p><p>&quot;Con la creaci\u00f3n de IndustriALL se reconoce la integraci\u00f3n, cada vez mayor, del capital mundial. Debido a que, en diferentes sectores, las cadenas de suministro est\u00e1n cada vez m\u00e1s relacionadas entre s\u00ed, los sindicalistas necesitan contar tambi\u00e9n con un medio de expresi\u00f3n m\u00e1s fuerte a nivel mundial.<\/p><p>&ldquo;Los trabajadores tambi\u00e9n tienen que actuar a nivel mundial, porque los mercados son globales, el capital es internacional, y la informaci\u00f3n y la comunicaci\u00f3n se dan a nivel mundial.<\/p><p>&quot;Los empleadores se est\u00e1n volviendo cada vez m\u00e1s agresivos, y eso es as\u00ed, debido a que ven sus beneficios en peligro.<\/p><p>&ldquo;Se est\u00e1 pidiendo a los trabajadores de todas partes del mundo que paguen por esta crisis, de cuya creaci\u00f3n los trabajadores no son responsables&rdquo;, dijo el Sr. Raina.<\/p><p>Siga el enlace para ver <a href=\"http:\/\/www.industriall-union.org\/introducing-the-action-plan-of-industriall-global-union\">el discurso completo (en ingl\u00e9s)<\/a>.<\/p>","protected":false},"featured_media":0,"template":"","issues":[396,406,412,420],"companies":[],"regions":[],"sectors":[],"article_tags":[511],"class_list":["post-175709","article","type-article","status-publish","hentry","issues-building-strong-unions","issues-confronting-global-capital","issues-social-justice-and-globalization","issues-solidarity","article_tags-industriall"],"acf":[],"yoast_head":"<!-- This site is optimized with the Yoast SEO Premium plugin v27.1 (Yoast SEO v27.1) - https:\/\/yoast.com\/product\/yoast-seo-premium-wordpress\/ -->\n<title>H\u00e9roes conforman nuevo sindicato mundial - industriall-union<\/title>\n<meta name=\"description\" content=\"H\u00e9roes conforman nuevo sindicato mundial&nbsp;Jyrki Raina, Secretario General del nuevo IndustriALL Global Union, dijo a los delegados que se est\u00e1n\" \/>\n<meta name=\"robots\" content=\"index, follow, max-snippet:-1, max-image-preview:large, max-video-preview:-1\" \/>\n<link rel=\"canonical\" href=\"https:\/\/admin.industriall-union.org\/es\/heroes-conforman-nuevo-sindicato-mundial\/\" \/>\n<meta property=\"og:locale\" content=\"es_ES\" \/>\n<meta property=\"og:type\" content=\"article\" \/>\n<meta property=\"og:title\" content=\"H\u00e9roes conforman nuevo sindicato mundial\" \/>\n<meta property=\"og:description\" content=\"H\u00e9roes conforman nuevo sindicato mundial&nbsp;Jyrki Raina, Secretario General del nuevo IndustriALL Global Union, dijo a los delegados que se est\u00e1n\" \/>\n<meta property=\"og:url\" content=\"https:\/\/admin.industriall-union.org\/es\/heroes-conforman-nuevo-sindicato-mundial\/\" \/>\n<meta property=\"og:site_name\" content=\"industriall-union\" \/>\n<meta property=\"article:modified_time\" content=\"2025-02-08T21:36:45+00:00\" \/>\n<meta name=\"twitter:card\" content=\"summary_large_image\" \/>\n<meta name=\"twitter:label1\" content=\"Est. reading time\" \/>\n\t<meta name=\"twitter:data1\" content=\"2 minutes\" \/>\n<script type=\"application\/ld+json\" class=\"yoast-schema-graph\">{\"@context\":\"https:\/\/schema.org\",\"@graph\":[{\"@type\":\"WebPage\",\"@id\":\"https:\/\/admin.industriall-union.org\/es\/heroes-conforman-nuevo-sindicato-mundial\/\",\"url\":\"https:\/\/admin.industriall-union.org\/es\/heroes-conforman-nuevo-sindicato-mundial\/\",\"name\":\"H\u00e9roes conforman nuevo sindicato mundial - industriall-union\",\"isPartOf\":{\"@id\":\"https:\/\/admin.industriall-union.org\/#website\"},\"datePublished\":\"2012-06-19T17:15:08+00:00\",\"dateModified\":\"2025-02-08T21:36:45+00:00\",\"description\":\"H\u00e9roes conforman nuevo sindicato mundial&nbsp;Jyrki Raina, Secretario General del nuevo IndustriALL Global Union, dijo a los delegados que se est\u00e1n\",\"breadcrumb\":{\"@id\":\"https:\/\/admin.industriall-union.org\/es\/heroes-conforman-nuevo-sindicato-mundial\/#breadcrumb\"},\"inLanguage\":\"es-ES\",\"potentialAction\":[{\"@type\":\"ReadAction\",\"target\":[\"https:\/\/admin.industriall-union.org\/es\/heroes-conforman-nuevo-sindicato-mundial\/\"]}]},{\"@type\":\"BreadcrumbList\",\"@id\":\"https:\/\/admin.industriall-union.org\/es\/heroes-conforman-nuevo-sindicato-mundial\/#breadcrumb\",\"itemListElement\":[{\"@type\":\"ListItem\",\"position\":1,\"name\":\"Home\",\"item\":\"https:\/\/admin.industriall-union.org\/\"},{\"@type\":\"ListItem\",\"position\":2,\"name\":\"Articles\",\"item\":\"https:\/\/admin.industriall-union.org\/article\/\"},{\"@type\":\"ListItem\",\"position\":3,\"name\":\"H\u00e9roes conforman nuevo sindicato mundial\"}]},{\"@type\":\"WebSite\",\"@id\":\"https:\/\/admin.industriall-union.org\/#website\",\"url\":\"https:\/\/admin.industriall-union.org\/\",\"name\":\"industriall-union\",\"description\":\"\",\"potentialAction\":[{\"@type\":\"SearchAction\",\"target\":{\"@type\":\"EntryPoint\",\"urlTemplate\":\"https:\/\/admin.industriall-union.org\/?s={search_term_string}\"},\"query-input\":{\"@type\":\"PropertyValueSpecification\",\"valueRequired\":true,\"valueName\":\"search_term_string\"}}],\"inLanguage\":\"es-ES\"}]}<\/script>\n<!-- \/ Yoast SEO Premium plugin. -->","yoast_head_json":{"title":"H\u00e9roes conforman nuevo sindicato mundial - industriall-union","description":"H\u00e9roes conforman nuevo sindicato mundial&nbsp;Jyrki Raina, Secretario General del nuevo IndustriALL Global Union, dijo a los delegados que se est\u00e1n","robots":{"index":"index","follow":"follow","max-snippet":"max-snippet:-1","max-image-preview":"max-image-preview:large","max-video-preview":"max-video-preview:-1"},"canonical":"https:\/\/admin.industriall-union.org\/es\/heroes-conforman-nuevo-sindicato-mundial\/","og_locale":"es_ES","og_type":"article","og_title":"H\u00e9roes conforman nuevo sindicato mundial","og_description":"H\u00e9roes conforman nuevo sindicato mundial&nbsp;Jyrki Raina, Secretario General del nuevo IndustriALL Global Union, dijo a los delegados que se est\u00e1n","og_url":"https:\/\/admin.industriall-union.org\/es\/heroes-conforman-nuevo-sindicato-mundial\/","og_site_name":"industriall-union","article_modified_time":"2025-02-08T21:36:45+00:00","twitter_card":"summary_large_image","twitter_misc":{"Est. reading time":"2 minutes"},"schema":{"@context":"https:\/\/schema.org","@graph":[{"@type":"WebPage","@id":"https:\/\/admin.industriall-union.org\/es\/heroes-conforman-nuevo-sindicato-mundial\/","url":"https:\/\/admin.industriall-union.org\/es\/heroes-conforman-nuevo-sindicato-mundial\/","name":"H\u00e9roes conforman nuevo sindicato mundial - industriall-union","isPartOf":{"@id":"https:\/\/admin.industriall-union.org\/#website"},"datePublished":"2012-06-19T17:15:08+00:00","dateModified":"2025-02-08T21:36:45+00:00","description":"H\u00e9roes conforman nuevo sindicato mundial&nbsp;Jyrki Raina, Secretario General del nuevo IndustriALL Global Union, dijo a los delegados que se est\u00e1n","breadcrumb":{"@id":"https:\/\/admin.industriall-union.org\/es\/heroes-conforman-nuevo-sindicato-mundial\/#breadcrumb"},"inLanguage":"es-ES","potentialAction":[{"@type":"ReadAction","target":["https:\/\/admin.industriall-union.org\/es\/heroes-conforman-nuevo-sindicato-mundial\/"]}]},{"@type":"BreadcrumbList","@id":"https:\/\/admin.industriall-union.org\/es\/heroes-conforman-nuevo-sindicato-mundial\/#breadcrumb","itemListElement":[{"@type":"ListItem","position":1,"name":"Home","item":"https:\/\/admin.industriall-union.org\/"},{"@type":"ListItem","position":2,"name":"Articles","item":"https:\/\/admin.industriall-union.org\/article\/"},{"@type":"ListItem","position":3,"name":"H\u00e9roes conforman nuevo sindicato mundial"}]},{"@type":"WebSite","@id":"https:\/\/admin.industriall-union.org\/#website","url":"https:\/\/admin.industriall-union.org\/","name":"industriall-union","description":"","potentialAction":[{"@type":"SearchAction","target":{"@type":"EntryPoint","urlTemplate":"https:\/\/admin.industriall-union.org\/?s={search_term_string}"},"query-input":{"@type":"PropertyValueSpecification","valueRequired":true,"valueName":"search_term_string"}}],"inLanguage":"es-ES"}]}},"_links":{"self":[{"href":"https:\/\/admin.industriall-union.org\/es\/wp-json\/wp\/v2\/article\/175709","targetHints":{"allow":["GET"]}}],"collection":[{"href":"https:\/\/admin.industriall-union.org\/es\/wp-json\/wp\/v2\/article"}],"about":[{"href":"https:\/\/admin.industriall-union.org\/es\/wp-json\/wp\/v2\/types\/article"}],"wp:attachment":[{"href":"https:\/\/admin.industriall-union.org\/es\/wp-json\/wp\/v2\/media?parent=175709"}],"wp:term":[{"taxonomy":"issues","embeddable":true,"href":"https:\/\/admin.industriall-union.org\/es\/wp-json\/wp\/v2\/issues?post=175709"},{"taxonomy":"companies","embeddable":true,"href":"https:\/\/admin.industriall-union.org\/es\/wp-json\/wp\/v2\/companies?post=175709"},{"taxonomy":"regions","embeddable":true,"href":"https:\/\/admin.industriall-union.org\/es\/wp-json\/wp\/v2\/regions?post=175709"},{"taxonomy":"sectors","embeddable":true,"href":"https:\/\/admin.industriall-union.org\/es\/wp-json\/wp\/v2\/sectors?post=175709"},{"taxonomy":"article_tags","embeddable":true,"href":"https:\/\/admin.industriall-union.org\/es\/wp-json\/wp\/v2\/article_tags?post=175709"}],"curies":[{"name":"wp","href":"https:\/\/api.w.org\/{rel}","templated":true}]}}