{"id":175647,"date":"2012-07-12T15:24:05","date_gmt":"2012-07-12T15:24:05","guid":{"rendered":"https:\/\/admin.industriall-union.org\/la-marcha-negra-de-los-mineros-espanoles-llega-a-madrid\/"},"modified":"2025-02-08T21:05:40","modified_gmt":"2025-02-08T21:05:40","slug":"la-marcha-negra-de-los-mineros-espanoles-llega-a-madrid","status":"publish","type":"article","link":"https:\/\/admin.industriall-union.org\/es\/la-marcha-negra-de-los-mineros-espanoles-llega-a-madrid\/","title":{"rendered":"La \u201cMarcha Negra\u201d de los mineros espa\u00f1oles llega a Madrid"},"content":{"rendered":"<p>La marcha y la manifestaci\u00f3n de Madrid, organizada por los sindicatos FITAG-UGT y FI-CC.OO.,afiliados a la IndustriALL Global Union, y apoyada por sus respectivas confederaciones, comenzaron con una estruendosa ovaci\u00f3n a los centenares de mineros que llegaron andando desde las cuencas mineras, la mayor\u00eda situadas en el norte de espa\u00f1a. Los primeros iniciaron la marcha el 22 de junio, atravesando numerosas comunidades camino de Madrid, y recibieron un gran apoyo a lo largo de los 400 km de ruta. Petardos, c\u00e1nticos de &ldquo;No al cierre de las minas de carb\u00f3n&rdquo; y encendidos discursos resonaron en la Plaza de Col\u00f3n, ante la atenci\u00f3n del mundo y una amplia cobertura de la prensa.<\/p><p>La IndustriALL Global Union estuvo presente en la manifestaci\u00f3n por medio de su secretario general adjunto Kemal \u00d6zkan, quien transmiti\u00f3 la solidaridad de millones de miembros del mundo entero a los mineros manifestantes y en huelga. &rdquo;Esta lucha es un s\u00edmbolo que demuestra a los gobiernos y las empresas multinacionales que los mineros quieren trabajar, quieren producir, quieren una econom\u00eda que sirva a las personas, y no a los bancos y a los financieros&rdquo;, dijo \u00d6zkan en su declaraci\u00f3n. Los secretarios generales de la UGT y de CC.OO., C\u00e1ndido M\u00e9ndez e Ignacio Fern\u00e1ndez Toxo, as\u00ed como Antonio Deusa Pedrazo de FITAG-UGT y Felipe Lopez de FI-CC.OO. pronunciaron tambi\u00e9n emocionantes discursos, prometiendo continuar las manifestaciones indefinidamente hasta que el Gobierno se siente a negociar un cambio de su pol\u00edtica.<\/p><p>La polic\u00eda antidisturbios desplegada por el Gobierno hab\u00eda causado ya estragos en las comunidades mineras las \u00faltimas semanas. Ayer se enfrentaron a algunos manifestantes con balas de goma y enormes agresiones. Al menos 76 mineros y simpatizantes resultaron heridos en choques con la polic\u00eda. Los mineros informan de disparos indiscriminados de balas de goma por la polic\u00eda, que adem\u00e1s aporre\u00f3 brutalmente a los manifestantes, resultando herida de gravedad hasta una ni\u00f1a de 11 a\u00f1os.<\/p><p>Al mismo tiempo, el primer ministro Rajoy trat\u00f3 de distraer la atenci\u00f3n y la irritaci\u00f3n del p\u00fablico, sin aludir a la lucha de los mineros, anunciando nuevas medidas de austeridad que afectar\u00e1n sobre todo a los pobres. Esto comprende un aumento del IVA del 3 por ciento y un recorte de 3.500 millones de euros en el gasto de las comunidades aut\u00f3nomas.<\/p><p>Los recortes propuestos incumplen un acuerdo entre los sindicatos y el Gobierno del pasado a\u00f1o para reducir poco a poco las subvenciones durante un per\u00edodo de cinco a\u00f1os. Ahora, el gobierno de derechas de &nbsp;Mariano Rajoy trata de recortar el 64 por ciento inmediatamente con duras medidas de austeridad que acabar\u00e1n con la industria, condenando a 8.000 mineros y a sus familias, con un total de 30.000 trabajadores indirectamente, a pagar por la crisis financiera.<\/p><p>El secretario general de la IndustriALL, Jyrki Raina, escribi\u00f3 al primer ministro espa\u00f1ol la semana pasada, y declar\u00f3: &ldquo;Creemos que esta pol\u00edtica, que aplica su Gobierno de acuerdo con la decisi\u00f3n de las autoridades de la Uni\u00f3n Europea, no tiene en cuenta las consecuencias sociales, y est\u00e1 basada en evaluaciones econ\u00f3micas carentes de l\u00f3gica.&rdquo;<\/p>","protected":false},"featured_media":0,"template":"","issues":[412,420],"companies":[],"regions":[246],"sectors":[495],"article_tags":[511],"class_list":["post-175647","article","type-article","status-publish","hentry","issues-social-justice-and-globalization","issues-solidarity","regions-spain","sectors-mining","article_tags-industriall"],"acf":[],"yoast_head":"<!-- This site is optimized with the Yoast SEO Premium plugin v27.1 (Yoast SEO v27.1) - https:\/\/yoast.com\/product\/yoast-seo-premium-wordpress\/ -->\n<title>La \u201cMarcha Negra\u201d de los mineros espa\u00f1oles llega a Madrid - industriall-union<\/title>\n<meta name=\"description\" content=\"La marcha y la manifestaci\u00f3n de Madrid, organizada por los sindicatos FITAG-UGT y FI-CC.OO.,afiliados a la IndustriALL Global Union, y apoyada por sus\" \/>\n<meta name=\"robots\" content=\"index, follow, max-snippet:-1, max-image-preview:large, max-video-preview:-1\" \/>\n<link rel=\"canonical\" href=\"https:\/\/admin.industriall-union.org\/es\/la-marcha-negra-de-los-mineros-espanoles-llega-a-madrid\/\" \/>\n<meta property=\"og:locale\" content=\"es_ES\" \/>\n<meta property=\"og:type\" content=\"article\" \/>\n<meta property=\"og:title\" content=\"La \u201cMarcha Negra\u201d de los mineros espa\u00f1oles llega a Madrid\" \/>\n<meta property=\"og:description\" content=\"La marcha y la manifestaci\u00f3n de Madrid, organizada por los sindicatos FITAG-UGT y FI-CC.OO.,afiliados a la IndustriALL Global Union, y apoyada por sus\" \/>\n<meta property=\"og:url\" content=\"https:\/\/admin.industriall-union.org\/es\/la-marcha-negra-de-los-mineros-espanoles-llega-a-madrid\/\" \/>\n<meta property=\"og:site_name\" content=\"industriall-union\" \/>\n<meta property=\"article:modified_time\" content=\"2025-02-08T21:05:40+00:00\" \/>\n<meta name=\"twitter:card\" content=\"summary_large_image\" \/>\n<meta name=\"twitter:label1\" content=\"Est. reading time\" \/>\n\t<meta name=\"twitter:data1\" content=\"3 minutes\" \/>\n<script type=\"application\/ld+json\" class=\"yoast-schema-graph\">{\"@context\":\"https:\/\/schema.org\",\"@graph\":[{\"@type\":\"WebPage\",\"@id\":\"https:\/\/admin.industriall-union.org\/es\/la-marcha-negra-de-los-mineros-espanoles-llega-a-madrid\/\",\"url\":\"https:\/\/admin.industriall-union.org\/es\/la-marcha-negra-de-los-mineros-espanoles-llega-a-madrid\/\",\"name\":\"La \u201cMarcha Negra\u201d de los mineros espa\u00f1oles llega a Madrid - industriall-union\",\"isPartOf\":{\"@id\":\"https:\/\/admin.industriall-union.org\/#website\"},\"datePublished\":\"2012-07-12T15:24:05+00:00\",\"dateModified\":\"2025-02-08T21:05:40+00:00\",\"description\":\"La marcha y la manifestaci\u00f3n de Madrid, organizada por los sindicatos FITAG-UGT y FI-CC.OO.,afiliados a la IndustriALL Global Union, y apoyada por sus\",\"breadcrumb\":{\"@id\":\"https:\/\/admin.industriall-union.org\/es\/la-marcha-negra-de-los-mineros-espanoles-llega-a-madrid\/#breadcrumb\"},\"inLanguage\":\"es-ES\",\"potentialAction\":[{\"@type\":\"ReadAction\",\"target\":[\"https:\/\/admin.industriall-union.org\/es\/la-marcha-negra-de-los-mineros-espanoles-llega-a-madrid\/\"]}]},{\"@type\":\"BreadcrumbList\",\"@id\":\"https:\/\/admin.industriall-union.org\/es\/la-marcha-negra-de-los-mineros-espanoles-llega-a-madrid\/#breadcrumb\",\"itemListElement\":[{\"@type\":\"ListItem\",\"position\":1,\"name\":\"Home\",\"item\":\"https:\/\/admin.industriall-union.org\/\"},{\"@type\":\"ListItem\",\"position\":2,\"name\":\"Articles\",\"item\":\"https:\/\/admin.industriall-union.org\/article\/\"},{\"@type\":\"ListItem\",\"position\":3,\"name\":\"La \u201cMarcha Negra\u201d de los mineros espa\u00f1oles llega a Madrid\"}]},{\"@type\":\"WebSite\",\"@id\":\"https:\/\/admin.industriall-union.org\/#website\",\"url\":\"https:\/\/admin.industriall-union.org\/\",\"name\":\"industriall-union\",\"description\":\"\",\"potentialAction\":[{\"@type\":\"SearchAction\",\"target\":{\"@type\":\"EntryPoint\",\"urlTemplate\":\"https:\/\/admin.industriall-union.org\/?s={search_term_string}\"},\"query-input\":{\"@type\":\"PropertyValueSpecification\",\"valueRequired\":true,\"valueName\":\"search_term_string\"}}],\"inLanguage\":\"es-ES\"}]}<\/script>\n<!-- \/ Yoast SEO Premium plugin. -->","yoast_head_json":{"title":"La \u201cMarcha Negra\u201d de los mineros espa\u00f1oles llega a Madrid - industriall-union","description":"La marcha y la manifestaci\u00f3n de Madrid, organizada por los sindicatos FITAG-UGT y FI-CC.OO.,afiliados a la IndustriALL Global Union, y apoyada por sus","robots":{"index":"index","follow":"follow","max-snippet":"max-snippet:-1","max-image-preview":"max-image-preview:large","max-video-preview":"max-video-preview:-1"},"canonical":"https:\/\/admin.industriall-union.org\/es\/la-marcha-negra-de-los-mineros-espanoles-llega-a-madrid\/","og_locale":"es_ES","og_type":"article","og_title":"La \u201cMarcha Negra\u201d de los mineros espa\u00f1oles llega a Madrid","og_description":"La marcha y la manifestaci\u00f3n de Madrid, organizada por los sindicatos FITAG-UGT y FI-CC.OO.,afiliados a la IndustriALL Global Union, y apoyada por sus","og_url":"https:\/\/admin.industriall-union.org\/es\/la-marcha-negra-de-los-mineros-espanoles-llega-a-madrid\/","og_site_name":"industriall-union","article_modified_time":"2025-02-08T21:05:40+00:00","twitter_card":"summary_large_image","twitter_misc":{"Est. reading time":"3 minutes"},"schema":{"@context":"https:\/\/schema.org","@graph":[{"@type":"WebPage","@id":"https:\/\/admin.industriall-union.org\/es\/la-marcha-negra-de-los-mineros-espanoles-llega-a-madrid\/","url":"https:\/\/admin.industriall-union.org\/es\/la-marcha-negra-de-los-mineros-espanoles-llega-a-madrid\/","name":"La \u201cMarcha Negra\u201d de los mineros espa\u00f1oles llega a Madrid - industriall-union","isPartOf":{"@id":"https:\/\/admin.industriall-union.org\/#website"},"datePublished":"2012-07-12T15:24:05+00:00","dateModified":"2025-02-08T21:05:40+00:00","description":"La marcha y la manifestaci\u00f3n de Madrid, organizada por los sindicatos FITAG-UGT y FI-CC.OO.,afiliados a la IndustriALL Global Union, y apoyada por sus","breadcrumb":{"@id":"https:\/\/admin.industriall-union.org\/es\/la-marcha-negra-de-los-mineros-espanoles-llega-a-madrid\/#breadcrumb"},"inLanguage":"es-ES","potentialAction":[{"@type":"ReadAction","target":["https:\/\/admin.industriall-union.org\/es\/la-marcha-negra-de-los-mineros-espanoles-llega-a-madrid\/"]}]},{"@type":"BreadcrumbList","@id":"https:\/\/admin.industriall-union.org\/es\/la-marcha-negra-de-los-mineros-espanoles-llega-a-madrid\/#breadcrumb","itemListElement":[{"@type":"ListItem","position":1,"name":"Home","item":"https:\/\/admin.industriall-union.org\/"},{"@type":"ListItem","position":2,"name":"Articles","item":"https:\/\/admin.industriall-union.org\/article\/"},{"@type":"ListItem","position":3,"name":"La \u201cMarcha Negra\u201d de los mineros espa\u00f1oles llega a Madrid"}]},{"@type":"WebSite","@id":"https:\/\/admin.industriall-union.org\/#website","url":"https:\/\/admin.industriall-union.org\/","name":"industriall-union","description":"","potentialAction":[{"@type":"SearchAction","target":{"@type":"EntryPoint","urlTemplate":"https:\/\/admin.industriall-union.org\/?s={search_term_string}"},"query-input":{"@type":"PropertyValueSpecification","valueRequired":true,"valueName":"search_term_string"}}],"inLanguage":"es-ES"}]}},"_links":{"self":[{"href":"https:\/\/admin.industriall-union.org\/es\/wp-json\/wp\/v2\/article\/175647","targetHints":{"allow":["GET"]}}],"collection":[{"href":"https:\/\/admin.industriall-union.org\/es\/wp-json\/wp\/v2\/article"}],"about":[{"href":"https:\/\/admin.industriall-union.org\/es\/wp-json\/wp\/v2\/types\/article"}],"wp:attachment":[{"href":"https:\/\/admin.industriall-union.org\/es\/wp-json\/wp\/v2\/media?parent=175647"}],"wp:term":[{"taxonomy":"issues","embeddable":true,"href":"https:\/\/admin.industriall-union.org\/es\/wp-json\/wp\/v2\/issues?post=175647"},{"taxonomy":"companies","embeddable":true,"href":"https:\/\/admin.industriall-union.org\/es\/wp-json\/wp\/v2\/companies?post=175647"},{"taxonomy":"regions","embeddable":true,"href":"https:\/\/admin.industriall-union.org\/es\/wp-json\/wp\/v2\/regions?post=175647"},{"taxonomy":"sectors","embeddable":true,"href":"https:\/\/admin.industriall-union.org\/es\/wp-json\/wp\/v2\/sectors?post=175647"},{"taxonomy":"article_tags","embeddable":true,"href":"https:\/\/admin.industriall-union.org\/es\/wp-json\/wp\/v2\/article_tags?post=175647"}],"curies":[{"name":"wp","href":"https:\/\/api.w.org\/{rel}","templated":true}]}}