{"id":175599,"date":"2012-07-25T15:12:29","date_gmt":"2012-07-25T15:12:29","guid":{"rendered":"https:\/\/admin.industriall-union.org\/la-presidenta-del-zewu-entre-los-135-trabajadores-suspendidos-en-zesa\/"},"modified":"2025-02-08T20:51:25","modified_gmt":"2025-02-08T20:51:25","slug":"la-presidenta-del-zewu-entre-los-135-trabajadores-suspendidos-en-zesa","status":"publish","type":"article","link":"https:\/\/admin.industriall-union.org\/es\/la-presidenta-del-zewu-entre-los-135-trabajadores-suspendidos-en-zesa\/","title":{"rendered":"La presidenta del ZEWU entre los 135 trabajadores suspendidos en ZESA"},"content":{"rendered":"<p>Los miembros sindicales est\u00e1n leg\u00edtimamente ofendidos por el desprecio mostrado por ZESA en relaci\u00f3n con el convenio colectivo alcanzado en enero de este a\u00f1o. El acuerdo, que da derecho a los trabajadores peor remunerados a un aumento salarial de 190 $ EE.UU. a 275 $ EE.UU., se someti\u00f3 a arbitraje. Sin embargo, la direcci\u00f3n alega ahora que no puede aplicar el aumento salarial.<\/p><p>Jyki Raina, secretario general de la IndustriALL Global Union, envi\u00f3 una <a href=\"\/wp-content\/uploads\/documents\/ZEWU\/suspension_of_workers_at_zesa.pdf\">carta<\/a> a ZESA, en la que dice: &ldquo;La IndustriALL Global Union apoya a su afiliado ZEWU en su demanda de que ZESA readmita a todos los trabajadores suspendidos, incluidos los dirigentes sindicales y cumpla el convenio colectivo.&rdquo;<\/p><p>La presidenta del ZEWU, Angelina Chitambo, que es tambi\u00e9n miembro de la Ejecutiva de la IndustriALL, ha sido particularmente objeto de la represalia por declaraciones hechas a la prensa. Junto con otros dos dirigentes sindicales, ha sido acusada de incitar a la protesta en ZESA, lo cual muestra que es un claro caso de represalia de esos sindicalistas por realizar sus funciones sindicales.<\/p>","protected":false},"featured_media":0,"template":"","issues":[420,425],"companies":[],"regions":[358],"sectors":[483],"article_tags":[],"class_list":["post-175599","article","type-article","status-publish","hentry","issues-solidarity","issues-workers-rights","regions-zimbabwe","sectors-energy-oil-gas-electricity-and-nuclear"],"acf":[],"yoast_head":"<!-- This site is optimized with the Yoast SEO Premium plugin v27.1 (Yoast SEO v27.1) - https:\/\/yoast.com\/product\/yoast-seo-premium-wordpress\/ -->\n<title>La presidenta del ZEWU entre los 135 trabajadores suspendidos en ZESA - industriall-union<\/title>\n<meta name=\"description\" content=\"Los miembros sindicales est\u00e1n leg\u00edtimamente ofendidos por el desprecio mostrado por ZESA en relaci\u00f3n con el convenio colectivo alcanzado en enero de este\" \/>\n<meta name=\"robots\" content=\"index, follow, max-snippet:-1, max-image-preview:large, max-video-preview:-1\" \/>\n<link rel=\"canonical\" href=\"https:\/\/admin.industriall-union.org\/es\/la-presidenta-del-zewu-entre-los-135-trabajadores-suspendidos-en-zesa\/\" \/>\n<meta property=\"og:locale\" content=\"es_ES\" \/>\n<meta property=\"og:type\" content=\"article\" \/>\n<meta property=\"og:title\" content=\"La presidenta del ZEWU entre los 135 trabajadores suspendidos en ZESA\" \/>\n<meta property=\"og:description\" content=\"Los miembros sindicales est\u00e1n leg\u00edtimamente ofendidos por el desprecio mostrado por ZESA en relaci\u00f3n con el convenio colectivo alcanzado en enero de este\" \/>\n<meta property=\"og:url\" content=\"https:\/\/admin.industriall-union.org\/es\/la-presidenta-del-zewu-entre-los-135-trabajadores-suspendidos-en-zesa\/\" \/>\n<meta property=\"og:site_name\" content=\"industriall-union\" \/>\n<meta property=\"article:modified_time\" content=\"2025-02-08T20:51:25+00:00\" \/>\n<meta name=\"twitter:card\" content=\"summary_large_image\" \/>\n<meta name=\"twitter:label1\" content=\"Est. reading time\" \/>\n\t<meta name=\"twitter:data1\" content=\"1 minute\" \/>\n<script type=\"application\/ld+json\" class=\"yoast-schema-graph\">{\"@context\":\"https:\/\/schema.org\",\"@graph\":[{\"@type\":\"WebPage\",\"@id\":\"https:\/\/admin.industriall-union.org\/es\/la-presidenta-del-zewu-entre-los-135-trabajadores-suspendidos-en-zesa\/\",\"url\":\"https:\/\/admin.industriall-union.org\/es\/la-presidenta-del-zewu-entre-los-135-trabajadores-suspendidos-en-zesa\/\",\"name\":\"La presidenta del ZEWU entre los 135 trabajadores suspendidos en ZESA - industriall-union\",\"isPartOf\":{\"@id\":\"https:\/\/admin.industriall-union.org\/ru\/#website\"},\"datePublished\":\"2012-07-25T15:12:29+00:00\",\"dateModified\":\"2025-02-08T20:51:25+00:00\",\"description\":\"Los miembros sindicales est\u00e1n leg\u00edtimamente ofendidos por el desprecio mostrado por ZESA en relaci\u00f3n con el convenio colectivo alcanzado en enero de este\",\"breadcrumb\":{\"@id\":\"https:\/\/admin.industriall-union.org\/es\/la-presidenta-del-zewu-entre-los-135-trabajadores-suspendidos-en-zesa\/#breadcrumb\"},\"inLanguage\":\"es-ES\",\"potentialAction\":[{\"@type\":\"ReadAction\",\"target\":[\"https:\/\/admin.industriall-union.org\/es\/la-presidenta-del-zewu-entre-los-135-trabajadores-suspendidos-en-zesa\/\"]}]},{\"@type\":\"BreadcrumbList\",\"@id\":\"https:\/\/admin.industriall-union.org\/es\/la-presidenta-del-zewu-entre-los-135-trabajadores-suspendidos-en-zesa\/#breadcrumb\",\"itemListElement\":[{\"@type\":\"ListItem\",\"position\":1,\"name\":\"Home\",\"item\":\"https:\/\/admin.industriall-union.org\/ru\/\"},{\"@type\":\"ListItem\",\"position\":2,\"name\":\"Articles\",\"item\":\"https:\/\/admin.industriall-union.org\/ru\/article\/\"},{\"@type\":\"ListItem\",\"position\":3,\"name\":\"La presidenta del ZEWU entre los 135 trabajadores suspendidos en ZESA\"}]},{\"@type\":\"WebSite\",\"@id\":\"https:\/\/admin.industriall-union.org\/ru\/#website\",\"url\":\"https:\/\/admin.industriall-union.org\/ru\/\",\"name\":\"industriall-union\",\"description\":\"\",\"potentialAction\":[{\"@type\":\"SearchAction\",\"target\":{\"@type\":\"EntryPoint\",\"urlTemplate\":\"https:\/\/admin.industriall-union.org\/ru\/?s={search_term_string}\"},\"query-input\":{\"@type\":\"PropertyValueSpecification\",\"valueRequired\":true,\"valueName\":\"search_term_string\"}}],\"inLanguage\":\"es-ES\"}]}<\/script>\n<!-- \/ Yoast SEO Premium plugin. -->","yoast_head_json":{"title":"La presidenta del ZEWU entre los 135 trabajadores suspendidos en ZESA - industriall-union","description":"Los miembros sindicales est\u00e1n leg\u00edtimamente ofendidos por el desprecio mostrado por ZESA en relaci\u00f3n con el convenio colectivo alcanzado en enero de este","robots":{"index":"index","follow":"follow","max-snippet":"max-snippet:-1","max-image-preview":"max-image-preview:large","max-video-preview":"max-video-preview:-1"},"canonical":"https:\/\/admin.industriall-union.org\/es\/la-presidenta-del-zewu-entre-los-135-trabajadores-suspendidos-en-zesa\/","og_locale":"es_ES","og_type":"article","og_title":"La presidenta del ZEWU entre los 135 trabajadores suspendidos en ZESA","og_description":"Los miembros sindicales est\u00e1n leg\u00edtimamente ofendidos por el desprecio mostrado por ZESA en relaci\u00f3n con el convenio colectivo alcanzado en enero de este","og_url":"https:\/\/admin.industriall-union.org\/es\/la-presidenta-del-zewu-entre-los-135-trabajadores-suspendidos-en-zesa\/","og_site_name":"industriall-union","article_modified_time":"2025-02-08T20:51:25+00:00","twitter_card":"summary_large_image","twitter_misc":{"Est. reading time":"1 minute"},"schema":{"@context":"https:\/\/schema.org","@graph":[{"@type":"WebPage","@id":"https:\/\/admin.industriall-union.org\/es\/la-presidenta-del-zewu-entre-los-135-trabajadores-suspendidos-en-zesa\/","url":"https:\/\/admin.industriall-union.org\/es\/la-presidenta-del-zewu-entre-los-135-trabajadores-suspendidos-en-zesa\/","name":"La presidenta del ZEWU entre los 135 trabajadores suspendidos en ZESA - industriall-union","isPartOf":{"@id":"https:\/\/admin.industriall-union.org\/ru\/#website"},"datePublished":"2012-07-25T15:12:29+00:00","dateModified":"2025-02-08T20:51:25+00:00","description":"Los miembros sindicales est\u00e1n leg\u00edtimamente ofendidos por el desprecio mostrado por ZESA en relaci\u00f3n con el convenio colectivo alcanzado en enero de este","breadcrumb":{"@id":"https:\/\/admin.industriall-union.org\/es\/la-presidenta-del-zewu-entre-los-135-trabajadores-suspendidos-en-zesa\/#breadcrumb"},"inLanguage":"es-ES","potentialAction":[{"@type":"ReadAction","target":["https:\/\/admin.industriall-union.org\/es\/la-presidenta-del-zewu-entre-los-135-trabajadores-suspendidos-en-zesa\/"]}]},{"@type":"BreadcrumbList","@id":"https:\/\/admin.industriall-union.org\/es\/la-presidenta-del-zewu-entre-los-135-trabajadores-suspendidos-en-zesa\/#breadcrumb","itemListElement":[{"@type":"ListItem","position":1,"name":"Home","item":"https:\/\/admin.industriall-union.org\/ru\/"},{"@type":"ListItem","position":2,"name":"Articles","item":"https:\/\/admin.industriall-union.org\/ru\/article\/"},{"@type":"ListItem","position":3,"name":"La presidenta del ZEWU entre los 135 trabajadores suspendidos en ZESA"}]},{"@type":"WebSite","@id":"https:\/\/admin.industriall-union.org\/ru\/#website","url":"https:\/\/admin.industriall-union.org\/ru\/","name":"industriall-union","description":"","potentialAction":[{"@type":"SearchAction","target":{"@type":"EntryPoint","urlTemplate":"https:\/\/admin.industriall-union.org\/ru\/?s={search_term_string}"},"query-input":{"@type":"PropertyValueSpecification","valueRequired":true,"valueName":"search_term_string"}}],"inLanguage":"es-ES"}]}},"_links":{"self":[{"href":"https:\/\/admin.industriall-union.org\/es\/wp-json\/wp\/v2\/article\/175599","targetHints":{"allow":["GET"]}}],"collection":[{"href":"https:\/\/admin.industriall-union.org\/es\/wp-json\/wp\/v2\/article"}],"about":[{"href":"https:\/\/admin.industriall-union.org\/es\/wp-json\/wp\/v2\/types\/article"}],"wp:attachment":[{"href":"https:\/\/admin.industriall-union.org\/es\/wp-json\/wp\/v2\/media?parent=175599"}],"wp:term":[{"taxonomy":"issues","embeddable":true,"href":"https:\/\/admin.industriall-union.org\/es\/wp-json\/wp\/v2\/issues?post=175599"},{"taxonomy":"companies","embeddable":true,"href":"https:\/\/admin.industriall-union.org\/es\/wp-json\/wp\/v2\/companies?post=175599"},{"taxonomy":"regions","embeddable":true,"href":"https:\/\/admin.industriall-union.org\/es\/wp-json\/wp\/v2\/regions?post=175599"},{"taxonomy":"sectors","embeddable":true,"href":"https:\/\/admin.industriall-union.org\/es\/wp-json\/wp\/v2\/sectors?post=175599"},{"taxonomy":"article_tags","embeddable":true,"href":"https:\/\/admin.industriall-union.org\/es\/wp-json\/wp\/v2\/article_tags?post=175599"}],"curies":[{"name":"wp","href":"https:\/\/api.w.org\/{rel}","templated":true}]}}