{"id":175573,"date":"2012-08-09T09:43:32","date_gmt":"2012-08-09T09:43:32","guid":{"rendered":"https:\/\/admin.industriall-union.org\/lucha-de-ier-nezavisnost-de-serbia-en-kronospan\/"},"modified":"2025-02-08T20:40:10","modified_gmt":"2025-02-08T20:40:10","slug":"lucha-de-ier-nezavisnost-de-serbia-en-kronospan","status":"publish","type":"article","link":"https:\/\/admin.industriall-union.org\/es\/lucha-de-ier-nezavisnost-de-serbia-en-kronospan\/","title":{"rendered":"Lucha de IER Nezavisnost de Serbia en Kronospan"},"content":{"rendered":"<p>IER Nezavisnost ha tropezado con la animosidad de la direcci\u00f3n desde que empez\u00f3 a organizar a trabajadores en la factor\u00eda de Kronospan en Lapovo, Serbia central, en abril de 2010. La direcci\u00f3n de la planta ha hecho una serie de tentativas destinadas a reducir la influencia del sindicato, tratando incluso de excluirlo totalmente. Diez miembros sindicales fueron despedidos el 29 de junio con miras a debilitar al sindicato.<\/p><p>El secretario general de la IndustriALL, Jyrki Raina, escribi\u00f3 una carta a Kronospan protestando por las insalubres condiciones de trabajo, los bajos sueldos de los miembros sindicales, las largas horas de trabajo, el impago del permiso por enfermedad y de las horas extraordinarias, la presi\u00f3n y la humillaci\u00f3n de que son objeto los miembros sindicales y, finalmente, los despidos de sindicalistas.<\/p><p>La direcci\u00f3n Serbia de Kronospan alega que los despidos se debieron a razones econ\u00f3micas y comerciales, y la IndustriALL intensifica la campa\u00f1a porque la factor\u00eda est\u00e1 produciendo m\u00e1s aumentando las horas de trabajo a turnos de 12 horas, y tratando de cumplir un denominado ambicioso plan de actividad. Los diez trabajadores despedidos eran todos miembros sindicales, y trabajaban en la producci\u00f3n. Los despidos masivos suponen una considerable reducci\u00f3n del sindicato y transmiten una clara se\u00f1al a los dem\u00e1s miembros de que pueden perder su empleo si siguen en el sindicato.<\/p><p>La tentativa de Kronospan de que los sindicalistas abandonen el sindicato y trabajen directamente con la direcci\u00f3n en el Comit\u00e9 de Empresa est\u00e1 documentada. La direcci\u00f3n no ha establecido la representatividad del sindicato, a lo que est\u00e1 obligada legalmente por la legislaci\u00f3n laboral serbia, lo que constituye una importante violaci\u00f3n. Y la negativa de la direcci\u00f3n a proporcionar una oficina y el correspondiente equipo para las reuniones y actividades sindicales es otra violaci\u00f3n. En una reciente inspecci\u00f3n laboral se observaron malas pr\u00e1cticas en la factor\u00eda, y esa documentaci\u00f3n formar\u00e1 parte de las actuaciones judiciales que probablemente sean favorables a los trabajadores.<\/p><p>La IndustriALL Global Union insta a la direcci\u00f3n de Kronospan a que ponga fin a esta pol\u00edtica y al mal trato dispensado a sus empleados, y apoya a su afiliado en la preparaci\u00f3n de las actuaciones judiciales y otros m\u00e9todos de resistencia. Sin embargo, la campa\u00f1a contin\u00faa a fin de que la direcci\u00f3n evite esos nuevos pasos readmitiendo a los 10 trabajadores despedidos e iniciando una negociaci\u00f3n social significativa con IER Nezavisnost en Lapovo.<\/p>","protected":false},"featured_media":0,"template":"","issues":[424,425],"companies":[],"regions":[243],"sectors":[],"article_tags":[],"class_list":["post-175573","article","type-article","status-publish","hentry","issues-violation","issues-workers-rights","regions-serbia"],"acf":[],"yoast_head":"<!-- This site is optimized with the Yoast SEO Premium plugin v27.1 (Yoast SEO v27.1) - https:\/\/yoast.com\/product\/yoast-seo-premium-wordpress\/ -->\n<title>Lucha de IER Nezavisnost de Serbia en Kronospan - industriall-union<\/title>\n<meta name=\"description\" content=\"IER Nezavisnost ha tropezado con la animosidad de la direcci\u00f3n desde que empez\u00f3 a organizar a trabajadores en la factor\u00eda de Kronospan en Lapovo, Serbia\" \/>\n<meta name=\"robots\" content=\"index, follow, max-snippet:-1, max-image-preview:large, max-video-preview:-1\" \/>\n<link rel=\"canonical\" href=\"https:\/\/admin.industriall-union.org\/es\/lucha-de-ier-nezavisnost-de-serbia-en-kronospan\/\" \/>\n<meta property=\"og:locale\" content=\"es_ES\" \/>\n<meta property=\"og:type\" content=\"article\" \/>\n<meta property=\"og:title\" content=\"Lucha de IER Nezavisnost de Serbia en Kronospan\" \/>\n<meta property=\"og:description\" content=\"IER Nezavisnost ha tropezado con la animosidad de la direcci\u00f3n desde que empez\u00f3 a organizar a trabajadores en la factor\u00eda de Kronospan en Lapovo, Serbia\" \/>\n<meta property=\"og:url\" content=\"https:\/\/admin.industriall-union.org\/es\/lucha-de-ier-nezavisnost-de-serbia-en-kronospan\/\" \/>\n<meta property=\"og:site_name\" content=\"industriall-union\" \/>\n<meta property=\"article:modified_time\" content=\"2025-02-08T20:40:10+00:00\" \/>\n<meta name=\"twitter:card\" content=\"summary_large_image\" \/>\n<meta name=\"twitter:label1\" content=\"Est. reading time\" \/>\n\t<meta name=\"twitter:data1\" content=\"2 minutes\" \/>\n<script type=\"application\/ld+json\" class=\"yoast-schema-graph\">{\"@context\":\"https:\/\/schema.org\",\"@graph\":[{\"@type\":\"WebPage\",\"@id\":\"https:\/\/admin.industriall-union.org\/es\/lucha-de-ier-nezavisnost-de-serbia-en-kronospan\/\",\"url\":\"https:\/\/admin.industriall-union.org\/es\/lucha-de-ier-nezavisnost-de-serbia-en-kronospan\/\",\"name\":\"Lucha de IER Nezavisnost de Serbia en Kronospan - industriall-union\",\"isPartOf\":{\"@id\":\"https:\/\/admin.industriall-union.org\/ru\/#website\"},\"datePublished\":\"2012-08-09T09:43:32+00:00\",\"dateModified\":\"2025-02-08T20:40:10+00:00\",\"description\":\"IER Nezavisnost ha tropezado con la animosidad de la direcci\u00f3n desde que empez\u00f3 a organizar a trabajadores en la factor\u00eda de Kronospan en Lapovo, Serbia\",\"breadcrumb\":{\"@id\":\"https:\/\/admin.industriall-union.org\/es\/lucha-de-ier-nezavisnost-de-serbia-en-kronospan\/#breadcrumb\"},\"inLanguage\":\"es-ES\",\"potentialAction\":[{\"@type\":\"ReadAction\",\"target\":[\"https:\/\/admin.industriall-union.org\/es\/lucha-de-ier-nezavisnost-de-serbia-en-kronospan\/\"]}]},{\"@type\":\"BreadcrumbList\",\"@id\":\"https:\/\/admin.industriall-union.org\/es\/lucha-de-ier-nezavisnost-de-serbia-en-kronospan\/#breadcrumb\",\"itemListElement\":[{\"@type\":\"ListItem\",\"position\":1,\"name\":\"Home\",\"item\":\"https:\/\/admin.industriall-union.org\/ru\/\"},{\"@type\":\"ListItem\",\"position\":2,\"name\":\"Articles\",\"item\":\"https:\/\/admin.industriall-union.org\/ru\/article\/\"},{\"@type\":\"ListItem\",\"position\":3,\"name\":\"Lucha de IER Nezavisnost de Serbia en Kronospan\"}]},{\"@type\":\"WebSite\",\"@id\":\"https:\/\/admin.industriall-union.org\/ru\/#website\",\"url\":\"https:\/\/admin.industriall-union.org\/ru\/\",\"name\":\"industriall-union\",\"description\":\"\",\"potentialAction\":[{\"@type\":\"SearchAction\",\"target\":{\"@type\":\"EntryPoint\",\"urlTemplate\":\"https:\/\/admin.industriall-union.org\/ru\/?s={search_term_string}\"},\"query-input\":{\"@type\":\"PropertyValueSpecification\",\"valueRequired\":true,\"valueName\":\"search_term_string\"}}],\"inLanguage\":\"es-ES\"}]}<\/script>\n<!-- \/ Yoast SEO Premium plugin. -->","yoast_head_json":{"title":"Lucha de IER Nezavisnost de Serbia en Kronospan - industriall-union","description":"IER Nezavisnost ha tropezado con la animosidad de la direcci\u00f3n desde que empez\u00f3 a organizar a trabajadores en la factor\u00eda de Kronospan en Lapovo, Serbia","robots":{"index":"index","follow":"follow","max-snippet":"max-snippet:-1","max-image-preview":"max-image-preview:large","max-video-preview":"max-video-preview:-1"},"canonical":"https:\/\/admin.industriall-union.org\/es\/lucha-de-ier-nezavisnost-de-serbia-en-kronospan\/","og_locale":"es_ES","og_type":"article","og_title":"Lucha de IER Nezavisnost de Serbia en Kronospan","og_description":"IER Nezavisnost ha tropezado con la animosidad de la direcci\u00f3n desde que empez\u00f3 a organizar a trabajadores en la factor\u00eda de Kronospan en Lapovo, Serbia","og_url":"https:\/\/admin.industriall-union.org\/es\/lucha-de-ier-nezavisnost-de-serbia-en-kronospan\/","og_site_name":"industriall-union","article_modified_time":"2025-02-08T20:40:10+00:00","twitter_card":"summary_large_image","twitter_misc":{"Est. reading time":"2 minutes"},"schema":{"@context":"https:\/\/schema.org","@graph":[{"@type":"WebPage","@id":"https:\/\/admin.industriall-union.org\/es\/lucha-de-ier-nezavisnost-de-serbia-en-kronospan\/","url":"https:\/\/admin.industriall-union.org\/es\/lucha-de-ier-nezavisnost-de-serbia-en-kronospan\/","name":"Lucha de IER Nezavisnost de Serbia en Kronospan - industriall-union","isPartOf":{"@id":"https:\/\/admin.industriall-union.org\/ru\/#website"},"datePublished":"2012-08-09T09:43:32+00:00","dateModified":"2025-02-08T20:40:10+00:00","description":"IER Nezavisnost ha tropezado con la animosidad de la direcci\u00f3n desde que empez\u00f3 a organizar a trabajadores en la factor\u00eda de Kronospan en Lapovo, Serbia","breadcrumb":{"@id":"https:\/\/admin.industriall-union.org\/es\/lucha-de-ier-nezavisnost-de-serbia-en-kronospan\/#breadcrumb"},"inLanguage":"es-ES","potentialAction":[{"@type":"ReadAction","target":["https:\/\/admin.industriall-union.org\/es\/lucha-de-ier-nezavisnost-de-serbia-en-kronospan\/"]}]},{"@type":"BreadcrumbList","@id":"https:\/\/admin.industriall-union.org\/es\/lucha-de-ier-nezavisnost-de-serbia-en-kronospan\/#breadcrumb","itemListElement":[{"@type":"ListItem","position":1,"name":"Home","item":"https:\/\/admin.industriall-union.org\/ru\/"},{"@type":"ListItem","position":2,"name":"Articles","item":"https:\/\/admin.industriall-union.org\/ru\/article\/"},{"@type":"ListItem","position":3,"name":"Lucha de IER Nezavisnost de Serbia en Kronospan"}]},{"@type":"WebSite","@id":"https:\/\/admin.industriall-union.org\/ru\/#website","url":"https:\/\/admin.industriall-union.org\/ru\/","name":"industriall-union","description":"","potentialAction":[{"@type":"SearchAction","target":{"@type":"EntryPoint","urlTemplate":"https:\/\/admin.industriall-union.org\/ru\/?s={search_term_string}"},"query-input":{"@type":"PropertyValueSpecification","valueRequired":true,"valueName":"search_term_string"}}],"inLanguage":"es-ES"}]}},"_links":{"self":[{"href":"https:\/\/admin.industriall-union.org\/es\/wp-json\/wp\/v2\/article\/175573","targetHints":{"allow":["GET"]}}],"collection":[{"href":"https:\/\/admin.industriall-union.org\/es\/wp-json\/wp\/v2\/article"}],"about":[{"href":"https:\/\/admin.industriall-union.org\/es\/wp-json\/wp\/v2\/types\/article"}],"wp:attachment":[{"href":"https:\/\/admin.industriall-union.org\/es\/wp-json\/wp\/v2\/media?parent=175573"}],"wp:term":[{"taxonomy":"issues","embeddable":true,"href":"https:\/\/admin.industriall-union.org\/es\/wp-json\/wp\/v2\/issues?post=175573"},{"taxonomy":"companies","embeddable":true,"href":"https:\/\/admin.industriall-union.org\/es\/wp-json\/wp\/v2\/companies?post=175573"},{"taxonomy":"regions","embeddable":true,"href":"https:\/\/admin.industriall-union.org\/es\/wp-json\/wp\/v2\/regions?post=175573"},{"taxonomy":"sectors","embeddable":true,"href":"https:\/\/admin.industriall-union.org\/es\/wp-json\/wp\/v2\/sectors?post=175573"},{"taxonomy":"article_tags","embeddable":true,"href":"https:\/\/admin.industriall-union.org\/es\/wp-json\/wp\/v2\/article_tags?post=175573"}],"curies":[{"name":"wp","href":"https:\/\/api.w.org\/{rel}","templated":true}]}}