{"id":175536,"date":"2012-08-22T08:38:47","date_gmt":"2012-08-22T08:38:47","guid":{"rendered":"https:\/\/admin.industriall-union.org\/justicia-para-trabajadores-coreanos-en-hyundai-y-kia-motors\/"},"modified":"2025-02-08T20:26:56","modified_gmt":"2025-02-08T20:26:56","slug":"justicia-para-trabajadores-coreanos-en-hyundai-y-kia-motors","status":"publish","type":"article","link":"https:\/\/admin.industriall-union.org\/es\/justicia-para-trabajadores-coreanos-en-hyundai-y-kia-motors\/","title":{"rendered":"Justicia para trabajadores coreanos en Hyundai y Kia Motors"},"content":{"rendered":"<div><p>El mi\u00e9rcoles 22 de agosto, el KMWU, afiliado a la IndustriALL Global Union, pide a la comunidad sindical internacional que monte piquetes y lleve a cabo acciones de protesta en apoyo de los sindicatos en Hyundai and Kia Motors. La IndustriALL pide a los afiliados que apoyen este llamamiento de los trabajadores del autom\u00f3vil coreanos y monten piquetes e intercambien la informaci\u00f3n y las fotograf\u00edas sobre las acciones en: <a href=\"http:\/\/www.industriall-union.org\">http:\/\/kmwu-kctu.tumblr.com<\/a>.<\/p><p>Desde julio de 2012, los trabajadores coreanos han procedido a varias huelgas para reivindicar que la compa\u00f1\u00eda aumente los sueldos mensuales en 151.696 won (134 $ EE.UU.) y utilice el 30 por ciento del beneficio neto de la compa\u00f1\u00eda para cubrir el plan de primas basadas en el rendimiento.<\/p><p>El sindicato pide que se convierta a los trabajadores precarios en permanentes, pero hasta ahora la compa\u00f1\u00eda est\u00e1 ofreciendo contratos permanentes en forma gradual a s\u00f3lo 3.000 trabajadores en 2015 de los 8.000 subcontratados internos actuales. A comienzos de este a\u00f1o, el Tribunal Supremo coreano fall\u00f3 a favor de una demanda presentada por un trabajador subcontratado de Hyundai Motor en 2005, ordenando que se le convierta en permanente, estableciendo as\u00ed un precedente para el cambio en la industria de la automoci\u00f3n coreana, que actualmente hace amplio uso de la fuerza de trabajo subcontratada para obtener beneficios adicionales.<\/p><p>El KMWU tambi\u00e9n insiste en que se suprima el turno de noche, sustituyendo los turnos de diez horas por horarios \u00fanicamente diarios, m\u00e1s breves, acabando todos los trabajadores su&nbsp; labor a medianoche, m\u00e1s tardar. El trabajo nocturno, y las largas horas de trabajo impuestas con el actual sistema de turnos, provocan severos trastornos de sue\u00f1o, e incluso la muerte por sobrecarga de trabajo, conocida en Corea como &ldquo;gwarosa&rdquo;.<\/p><p>Hyundai y Kia forman conjuntamente el quinto mayor fabricante de autom\u00f3viles del mundo, por ventas. Ambas compa\u00f1\u00edas registraron fuertes ventas en el primer semestre de este a\u00f1o, logrando Hyundai un 11,5 por ciento m\u00e1s desde el a\u00f1o anterior, y Kia un 12 por ciento m\u00e1s que en el&nbsp; mismo per\u00edodo del a\u00f1o anterior. Hyundai posee el 34 por ciento de Kia Motors mediante acciones.<\/p><\/div><p>&nbsp;<\/p>","protected":false},"featured_media":0,"template":"","issues":[420,415,425],"companies":[],"regions":[170],"sectors":[482],"article_tags":[529],"class_list":["post-175536","article","type-article","status-publish","hentry","issues-solidarity","issues-stop-precarious-work","issues-workers-rights","regions-korea","sectors-automotive","article_tags-strike"],"acf":[],"yoast_head":"<!-- This site is optimized with the Yoast SEO Premium plugin v27.1 (Yoast SEO v27.1) - https:\/\/yoast.com\/product\/yoast-seo-premium-wordpress\/ -->\n<title>Justicia para trabajadores coreanos en Hyundai y Kia Motors - industriall-union<\/title>\n<meta name=\"description\" content=\"El mi\u00e9rcoles 22 de agosto, el KMWU, afiliado a la IndustriALL Global Union, pide a la comunidad sindical internacional que monte piquetes y lleve a cabo\" \/>\n<meta name=\"robots\" content=\"index, follow, max-snippet:-1, max-image-preview:large, max-video-preview:-1\" \/>\n<link rel=\"canonical\" href=\"https:\/\/admin.industriall-union.org\/es\/justicia-para-trabajadores-coreanos-en-hyundai-y-kia-motors\/\" \/>\n<meta property=\"og:locale\" content=\"es_ES\" \/>\n<meta property=\"og:type\" content=\"article\" \/>\n<meta property=\"og:title\" content=\"Justicia para trabajadores coreanos en Hyundai y Kia Motors\" \/>\n<meta property=\"og:description\" content=\"El mi\u00e9rcoles 22 de agosto, el KMWU, afiliado a la IndustriALL Global Union, pide a la comunidad sindical internacional que monte piquetes y lleve a cabo\" \/>\n<meta property=\"og:url\" content=\"https:\/\/admin.industriall-union.org\/es\/justicia-para-trabajadores-coreanos-en-hyundai-y-kia-motors\/\" \/>\n<meta property=\"og:site_name\" content=\"industriall-union\" \/>\n<meta property=\"article:modified_time\" content=\"2025-02-08T20:26:56+00:00\" \/>\n<meta name=\"twitter:card\" content=\"summary_large_image\" \/>\n<meta name=\"twitter:label1\" content=\"Est. reading time\" \/>\n\t<meta name=\"twitter:data1\" content=\"2 minutes\" \/>\n<script type=\"application\/ld+json\" class=\"yoast-schema-graph\">{\"@context\":\"https:\/\/schema.org\",\"@graph\":[{\"@type\":\"WebPage\",\"@id\":\"https:\/\/admin.industriall-union.org\/es\/justicia-para-trabajadores-coreanos-en-hyundai-y-kia-motors\/\",\"url\":\"https:\/\/admin.industriall-union.org\/es\/justicia-para-trabajadores-coreanos-en-hyundai-y-kia-motors\/\",\"name\":\"Justicia para trabajadores coreanos en Hyundai y Kia Motors - industriall-union\",\"isPartOf\":{\"@id\":\"https:\/\/admin.industriall-union.org\/#website\"},\"datePublished\":\"2012-08-22T08:38:47+00:00\",\"dateModified\":\"2025-02-08T20:26:56+00:00\",\"description\":\"El mi\u00e9rcoles 22 de agosto, el KMWU, afiliado a la IndustriALL Global Union, pide a la comunidad sindical internacional que monte piquetes y lleve a cabo\",\"breadcrumb\":{\"@id\":\"https:\/\/admin.industriall-union.org\/es\/justicia-para-trabajadores-coreanos-en-hyundai-y-kia-motors\/#breadcrumb\"},\"inLanguage\":\"es-ES\",\"potentialAction\":[{\"@type\":\"ReadAction\",\"target\":[\"https:\/\/admin.industriall-union.org\/es\/justicia-para-trabajadores-coreanos-en-hyundai-y-kia-motors\/\"]}]},{\"@type\":\"BreadcrumbList\",\"@id\":\"https:\/\/admin.industriall-union.org\/es\/justicia-para-trabajadores-coreanos-en-hyundai-y-kia-motors\/#breadcrumb\",\"itemListElement\":[{\"@type\":\"ListItem\",\"position\":1,\"name\":\"Home\",\"item\":\"https:\/\/admin.industriall-union.org\/\"},{\"@type\":\"ListItem\",\"position\":2,\"name\":\"Articles\",\"item\":\"https:\/\/admin.industriall-union.org\/article\/\"},{\"@type\":\"ListItem\",\"position\":3,\"name\":\"Justicia para trabajadores coreanos en Hyundai y Kia Motors\"}]},{\"@type\":\"WebSite\",\"@id\":\"https:\/\/admin.industriall-union.org\/#website\",\"url\":\"https:\/\/admin.industriall-union.org\/\",\"name\":\"industriall-union\",\"description\":\"\",\"potentialAction\":[{\"@type\":\"SearchAction\",\"target\":{\"@type\":\"EntryPoint\",\"urlTemplate\":\"https:\/\/admin.industriall-union.org\/?s={search_term_string}\"},\"query-input\":{\"@type\":\"PropertyValueSpecification\",\"valueRequired\":true,\"valueName\":\"search_term_string\"}}],\"inLanguage\":\"es-ES\"}]}<\/script>\n<!-- \/ Yoast SEO Premium plugin. -->","yoast_head_json":{"title":"Justicia para trabajadores coreanos en Hyundai y Kia Motors - industriall-union","description":"El mi\u00e9rcoles 22 de agosto, el KMWU, afiliado a la IndustriALL Global Union, pide a la comunidad sindical internacional que monte piquetes y lleve a cabo","robots":{"index":"index","follow":"follow","max-snippet":"max-snippet:-1","max-image-preview":"max-image-preview:large","max-video-preview":"max-video-preview:-1"},"canonical":"https:\/\/admin.industriall-union.org\/es\/justicia-para-trabajadores-coreanos-en-hyundai-y-kia-motors\/","og_locale":"es_ES","og_type":"article","og_title":"Justicia para trabajadores coreanos en Hyundai y Kia Motors","og_description":"El mi\u00e9rcoles 22 de agosto, el KMWU, afiliado a la IndustriALL Global Union, pide a la comunidad sindical internacional que monte piquetes y lleve a cabo","og_url":"https:\/\/admin.industriall-union.org\/es\/justicia-para-trabajadores-coreanos-en-hyundai-y-kia-motors\/","og_site_name":"industriall-union","article_modified_time":"2025-02-08T20:26:56+00:00","twitter_card":"summary_large_image","twitter_misc":{"Est. reading time":"2 minutes"},"schema":{"@context":"https:\/\/schema.org","@graph":[{"@type":"WebPage","@id":"https:\/\/admin.industriall-union.org\/es\/justicia-para-trabajadores-coreanos-en-hyundai-y-kia-motors\/","url":"https:\/\/admin.industriall-union.org\/es\/justicia-para-trabajadores-coreanos-en-hyundai-y-kia-motors\/","name":"Justicia para trabajadores coreanos en Hyundai y Kia Motors - industriall-union","isPartOf":{"@id":"https:\/\/admin.industriall-union.org\/#website"},"datePublished":"2012-08-22T08:38:47+00:00","dateModified":"2025-02-08T20:26:56+00:00","description":"El mi\u00e9rcoles 22 de agosto, el KMWU, afiliado a la IndustriALL Global Union, pide a la comunidad sindical internacional que monte piquetes y lleve a cabo","breadcrumb":{"@id":"https:\/\/admin.industriall-union.org\/es\/justicia-para-trabajadores-coreanos-en-hyundai-y-kia-motors\/#breadcrumb"},"inLanguage":"es-ES","potentialAction":[{"@type":"ReadAction","target":["https:\/\/admin.industriall-union.org\/es\/justicia-para-trabajadores-coreanos-en-hyundai-y-kia-motors\/"]}]},{"@type":"BreadcrumbList","@id":"https:\/\/admin.industriall-union.org\/es\/justicia-para-trabajadores-coreanos-en-hyundai-y-kia-motors\/#breadcrumb","itemListElement":[{"@type":"ListItem","position":1,"name":"Home","item":"https:\/\/admin.industriall-union.org\/"},{"@type":"ListItem","position":2,"name":"Articles","item":"https:\/\/admin.industriall-union.org\/article\/"},{"@type":"ListItem","position":3,"name":"Justicia para trabajadores coreanos en Hyundai y Kia Motors"}]},{"@type":"WebSite","@id":"https:\/\/admin.industriall-union.org\/#website","url":"https:\/\/admin.industriall-union.org\/","name":"industriall-union","description":"","potentialAction":[{"@type":"SearchAction","target":{"@type":"EntryPoint","urlTemplate":"https:\/\/admin.industriall-union.org\/?s={search_term_string}"},"query-input":{"@type":"PropertyValueSpecification","valueRequired":true,"valueName":"search_term_string"}}],"inLanguage":"es-ES"}]}},"_links":{"self":[{"href":"https:\/\/admin.industriall-union.org\/es\/wp-json\/wp\/v2\/article\/175536","targetHints":{"allow":["GET"]}}],"collection":[{"href":"https:\/\/admin.industriall-union.org\/es\/wp-json\/wp\/v2\/article"}],"about":[{"href":"https:\/\/admin.industriall-union.org\/es\/wp-json\/wp\/v2\/types\/article"}],"wp:attachment":[{"href":"https:\/\/admin.industriall-union.org\/es\/wp-json\/wp\/v2\/media?parent=175536"}],"wp:term":[{"taxonomy":"issues","embeddable":true,"href":"https:\/\/admin.industriall-union.org\/es\/wp-json\/wp\/v2\/issues?post=175536"},{"taxonomy":"companies","embeddable":true,"href":"https:\/\/admin.industriall-union.org\/es\/wp-json\/wp\/v2\/companies?post=175536"},{"taxonomy":"regions","embeddable":true,"href":"https:\/\/admin.industriall-union.org\/es\/wp-json\/wp\/v2\/regions?post=175536"},{"taxonomy":"sectors","embeddable":true,"href":"https:\/\/admin.industriall-union.org\/es\/wp-json\/wp\/v2\/sectors?post=175536"},{"taxonomy":"article_tags","embeddable":true,"href":"https:\/\/admin.industriall-union.org\/es\/wp-json\/wp\/v2\/article_tags?post=175536"}],"curies":[{"name":"wp","href":"https:\/\/api.w.org\/{rel}","templated":true}]}}