{"id":175484,"date":"2012-09-05T14:19:22","date_gmt":"2012-09-05T14:19:22","guid":{"rendered":"https:\/\/admin.industriall-union.org\/la-industriall-global-union-insta-a-no-votar-la-fusion-de-glencore-y-xstrata\/"},"modified":"2025-02-08T20:08:48","modified_gmt":"2025-02-08T20:08:48","slug":"la-industriall-global-union-insta-a-no-votar-la-fusion-de-glencore-y-xstrata","status":"publish","type":"article","link":"https:\/\/admin.industriall-union.org\/es\/la-industriall-global-union-insta-a-no-votar-la-fusion-de-glencore-y-xstrata\/","title":{"rendered":"La IndustriALL Global Union insta a no votar la fusi\u00f3n de Glencore y Xstrata"},"content":{"rendered":"<p>La IndustriALL Global Union ha condenado constantemente la pretendida fusi\u00f3n, por ser contraria a los intereses de los trabajadores y de la sociedad en general.<\/p><p>Glen Mpufane, director del sector de la miner\u00eda de la IndustriALL Global Union, dijo: &ldquo;Las relaciones de trabajo mundiales y el mercado laboral mundial en la industria metal\u00fargica y minera no necesitan otra compa\u00f1\u00eda minera multinacional de este monstruoso tama\u00f1o y poder, un nuevo coloso.&rdquo;<\/p><p>La fusi\u00f3n prevista entre Glencore y Xstrata depende de una dram\u00e1tica votaci\u00f3n el 7 de septiembre de 2012. Los accionistas de Xstrata probablemente echen por tierra lo que se hab\u00eda considerado un acuerdo cerrado antes de que el fondo soberano de inversi\u00f3n de Qatar empezara a mostrar su fuerza despu\u00e9s de adquirir el 12 por ciento de las acciones de Xstrata. La oposici\u00f3n del fondo soberano de Qatar al acuerdo es el resultado de lo que estima una proporci\u00f3n injusta. Glencore ha ofrecido 2,8 acciones por cada acci\u00f3n de Xstrata, en tanto que Qatar pide 3.25.<\/p><p>Aunque Glencore posee el 34 por ciento de Xstrata, no puede votar sobre el acuerdo. La estructura del acuerdo permite que el 16,5 de los accionistas bloqueen la fusi\u00f3n, y el fondo de inversi\u00f3n soberano de Qatar s\u00f3lo necesita un apoyo del 4 por ciento para bloquearlo.<\/p><p>El fondo de Qatar espera que se rechace el acuerdo, despu\u00e9s de que otros accionistas de Xstrata como Standard Life, Schroder, Norges Bank y Knight Vinke, recomendaran votar en contra si Glencore no mejora su proporci\u00f3n.<\/p><p>Otro punto delicado para los accionistas de Xstrata es la enorme remuneraci\u00f3n de los directores ejecutivos Ivan Glasenberg y Mick Davis, que supone unos 218 millones de euros de pagos de retenci\u00f3n si se logra la fusi\u00f3n.<\/p><p>&ldquo;La fusi\u00f3n prevista es una mala noticia para los mineros de todo el mundo, e instamos a los accionistas a que voten contra ella, y no por razones benevolentes sino por el bien del accionariado, que resultar\u00e1 menoscabado por el da\u00f1o para la reputaci\u00f3n que supone la fusi\u00f3n con Glencore,&rdquo; agreg\u00f3 Mpufane.<\/p><p>La falta de transparencia asociada con Glencore, hasta ahora empresa privada de comercio de productos b\u00e1sicos y su funesto y detestable historial en materia de seguridad y v\u00edctimas, no pueden ser m\u00e1s que motivo de preocupaci\u00f3n. Seg\u00fan Bloomberg, Glencore inform\u00f3 de tres muertes por cada 10.000 trabajadores en 2011, m\u00e1s del triple de la tasa de 0,8 en Xstrata, el mayor exportador del mundo de carb\u00f3n para centrales t\u00e9rmicas. En junio de 2011, Reuters inform\u00f3 de que el Banco Europeo de Inversiones hab\u00eda congelado todos los nuevos pr\u00e9stamos al comerciante de productos b\u00e1sicos Glencore y a sus filiales por grandes inquietudes relacionadas con la gesti\u00f3n empresarial de la compa\u00f1\u00eda y cuestiones de impacto sobre el&nbsp; medio ambiente. En mayo de 2012,&nbsp; en la primera junta de accionistas de la compa\u00f1\u00eda como empresa cotizada en bolsa, Global Witness public\u00f3 un informe <u>acusando a<\/u> <u>Glencore de tratos potencialmente corruptos<\/u> en la Rep\u00fablica Democr\u00e1tica del Congo.<\/p><p>&ldquo;En caso de prosperar el acuerdo, la IndustriALL Global Union y sus 50 millones de miembros en 140 pa\u00edses est\u00e1n dispuestos a oponerse firmemente al nuevo coloso&rdquo;, dijo Mpufane.<\/p>","protected":false},"featured_media":0,"template":"","issues":[406,412],"companies":[60,148],"regions":[],"sectors":[495],"article_tags":[],"class_list":["post-175484","article","type-article","status-publish","hentry","issues-confronting-global-capital","issues-social-justice-and-globalization","companies-glencore","companies-xstrata","sectors-mining"],"acf":[],"yoast_head":"<!-- This site is optimized with the Yoast SEO Premium plugin v27.1 (Yoast SEO v27.1) - https:\/\/yoast.com\/product\/yoast-seo-premium-wordpress\/ -->\n<title>La IndustriALL Global Union insta a no votar la fusi\u00f3n de Glencore y Xstrata - industriall-union<\/title>\n<meta name=\"description\" content=\"La IndustriALL Global Union ha condenado constantemente la pretendida fusi\u00f3n, por ser contraria a los intereses de los trabajadores y de la sociedad en\" \/>\n<meta name=\"robots\" content=\"index, follow, max-snippet:-1, max-image-preview:large, max-video-preview:-1\" \/>\n<link rel=\"canonical\" href=\"https:\/\/admin.industriall-union.org\/es\/la-industriall-global-union-insta-a-no-votar-la-fusion-de-glencore-y-xstrata\/\" \/>\n<meta property=\"og:locale\" content=\"es_ES\" \/>\n<meta property=\"og:type\" content=\"article\" \/>\n<meta property=\"og:title\" content=\"La IndustriALL Global Union insta a no votar la fusi\u00f3n de Glencore y Xstrata\" \/>\n<meta property=\"og:description\" content=\"La IndustriALL Global Union ha condenado constantemente la pretendida fusi\u00f3n, por ser contraria a los intereses de los trabajadores y de la sociedad en\" \/>\n<meta property=\"og:url\" content=\"https:\/\/admin.industriall-union.org\/es\/la-industriall-global-union-insta-a-no-votar-la-fusion-de-glencore-y-xstrata\/\" \/>\n<meta property=\"og:site_name\" content=\"industriall-union\" \/>\n<meta property=\"article:modified_time\" content=\"2025-02-08T20:08:48+00:00\" \/>\n<meta name=\"twitter:card\" content=\"summary_large_image\" \/>\n<meta name=\"twitter:label1\" content=\"Est. reading time\" \/>\n\t<meta name=\"twitter:data1\" content=\"3 minutes\" \/>\n<script type=\"application\/ld+json\" class=\"yoast-schema-graph\">{\"@context\":\"https:\/\/schema.org\",\"@graph\":[{\"@type\":\"WebPage\",\"@id\":\"https:\/\/admin.industriall-union.org\/es\/la-industriall-global-union-insta-a-no-votar-la-fusion-de-glencore-y-xstrata\/\",\"url\":\"https:\/\/admin.industriall-union.org\/es\/la-industriall-global-union-insta-a-no-votar-la-fusion-de-glencore-y-xstrata\/\",\"name\":\"La IndustriALL Global Union insta a no votar la fusi\u00f3n de Glencore y Xstrata - industriall-union\",\"isPartOf\":{\"@id\":\"https:\/\/admin.industriall-union.org\/#website\"},\"datePublished\":\"2012-09-05T14:19:22+00:00\",\"dateModified\":\"2025-02-08T20:08:48+00:00\",\"description\":\"La IndustriALL Global Union ha condenado constantemente la pretendida fusi\u00f3n, por ser contraria a los intereses de los trabajadores y de la sociedad en\",\"breadcrumb\":{\"@id\":\"https:\/\/admin.industriall-union.org\/es\/la-industriall-global-union-insta-a-no-votar-la-fusion-de-glencore-y-xstrata\/#breadcrumb\"},\"inLanguage\":\"es-ES\",\"potentialAction\":[{\"@type\":\"ReadAction\",\"target\":[\"https:\/\/admin.industriall-union.org\/es\/la-industriall-global-union-insta-a-no-votar-la-fusion-de-glencore-y-xstrata\/\"]}]},{\"@type\":\"BreadcrumbList\",\"@id\":\"https:\/\/admin.industriall-union.org\/es\/la-industriall-global-union-insta-a-no-votar-la-fusion-de-glencore-y-xstrata\/#breadcrumb\",\"itemListElement\":[{\"@type\":\"ListItem\",\"position\":1,\"name\":\"Home\",\"item\":\"https:\/\/admin.industriall-union.org\/\"},{\"@type\":\"ListItem\",\"position\":2,\"name\":\"Articles\",\"item\":\"https:\/\/admin.industriall-union.org\/article\/\"},{\"@type\":\"ListItem\",\"position\":3,\"name\":\"La IndustriALL Global Union insta a no votar la fusi\u00f3n de Glencore y Xstrata\"}]},{\"@type\":\"WebSite\",\"@id\":\"https:\/\/admin.industriall-union.org\/#website\",\"url\":\"https:\/\/admin.industriall-union.org\/\",\"name\":\"industriall-union\",\"description\":\"\",\"potentialAction\":[{\"@type\":\"SearchAction\",\"target\":{\"@type\":\"EntryPoint\",\"urlTemplate\":\"https:\/\/admin.industriall-union.org\/?s={search_term_string}\"},\"query-input\":{\"@type\":\"PropertyValueSpecification\",\"valueRequired\":true,\"valueName\":\"search_term_string\"}}],\"inLanguage\":\"es-ES\"}]}<\/script>\n<!-- \/ Yoast SEO Premium plugin. -->","yoast_head_json":{"title":"La IndustriALL Global Union insta a no votar la fusi\u00f3n de Glencore y Xstrata - industriall-union","description":"La IndustriALL Global Union ha condenado constantemente la pretendida fusi\u00f3n, por ser contraria a los intereses de los trabajadores y de la sociedad en","robots":{"index":"index","follow":"follow","max-snippet":"max-snippet:-1","max-image-preview":"max-image-preview:large","max-video-preview":"max-video-preview:-1"},"canonical":"https:\/\/admin.industriall-union.org\/es\/la-industriall-global-union-insta-a-no-votar-la-fusion-de-glencore-y-xstrata\/","og_locale":"es_ES","og_type":"article","og_title":"La IndustriALL Global Union insta a no votar la fusi\u00f3n de Glencore y Xstrata","og_description":"La IndustriALL Global Union ha condenado constantemente la pretendida fusi\u00f3n, por ser contraria a los intereses de los trabajadores y de la sociedad en","og_url":"https:\/\/admin.industriall-union.org\/es\/la-industriall-global-union-insta-a-no-votar-la-fusion-de-glencore-y-xstrata\/","og_site_name":"industriall-union","article_modified_time":"2025-02-08T20:08:48+00:00","twitter_card":"summary_large_image","twitter_misc":{"Est. reading time":"3 minutes"},"schema":{"@context":"https:\/\/schema.org","@graph":[{"@type":"WebPage","@id":"https:\/\/admin.industriall-union.org\/es\/la-industriall-global-union-insta-a-no-votar-la-fusion-de-glencore-y-xstrata\/","url":"https:\/\/admin.industriall-union.org\/es\/la-industriall-global-union-insta-a-no-votar-la-fusion-de-glencore-y-xstrata\/","name":"La IndustriALL Global Union insta a no votar la fusi\u00f3n de Glencore y Xstrata - industriall-union","isPartOf":{"@id":"https:\/\/admin.industriall-union.org\/#website"},"datePublished":"2012-09-05T14:19:22+00:00","dateModified":"2025-02-08T20:08:48+00:00","description":"La IndustriALL Global Union ha condenado constantemente la pretendida fusi\u00f3n, por ser contraria a los intereses de los trabajadores y de la sociedad en","breadcrumb":{"@id":"https:\/\/admin.industriall-union.org\/es\/la-industriall-global-union-insta-a-no-votar-la-fusion-de-glencore-y-xstrata\/#breadcrumb"},"inLanguage":"es-ES","potentialAction":[{"@type":"ReadAction","target":["https:\/\/admin.industriall-union.org\/es\/la-industriall-global-union-insta-a-no-votar-la-fusion-de-glencore-y-xstrata\/"]}]},{"@type":"BreadcrumbList","@id":"https:\/\/admin.industriall-union.org\/es\/la-industriall-global-union-insta-a-no-votar-la-fusion-de-glencore-y-xstrata\/#breadcrumb","itemListElement":[{"@type":"ListItem","position":1,"name":"Home","item":"https:\/\/admin.industriall-union.org\/"},{"@type":"ListItem","position":2,"name":"Articles","item":"https:\/\/admin.industriall-union.org\/article\/"},{"@type":"ListItem","position":3,"name":"La IndustriALL Global Union insta a no votar la fusi\u00f3n de Glencore y Xstrata"}]},{"@type":"WebSite","@id":"https:\/\/admin.industriall-union.org\/#website","url":"https:\/\/admin.industriall-union.org\/","name":"industriall-union","description":"","potentialAction":[{"@type":"SearchAction","target":{"@type":"EntryPoint","urlTemplate":"https:\/\/admin.industriall-union.org\/?s={search_term_string}"},"query-input":{"@type":"PropertyValueSpecification","valueRequired":true,"valueName":"search_term_string"}}],"inLanguage":"es-ES"}]}},"_links":{"self":[{"href":"https:\/\/admin.industriall-union.org\/es\/wp-json\/wp\/v2\/article\/175484","targetHints":{"allow":["GET"]}}],"collection":[{"href":"https:\/\/admin.industriall-union.org\/es\/wp-json\/wp\/v2\/article"}],"about":[{"href":"https:\/\/admin.industriall-union.org\/es\/wp-json\/wp\/v2\/types\/article"}],"wp:attachment":[{"href":"https:\/\/admin.industriall-union.org\/es\/wp-json\/wp\/v2\/media?parent=175484"}],"wp:term":[{"taxonomy":"issues","embeddable":true,"href":"https:\/\/admin.industriall-union.org\/es\/wp-json\/wp\/v2\/issues?post=175484"},{"taxonomy":"companies","embeddable":true,"href":"https:\/\/admin.industriall-union.org\/es\/wp-json\/wp\/v2\/companies?post=175484"},{"taxonomy":"regions","embeddable":true,"href":"https:\/\/admin.industriall-union.org\/es\/wp-json\/wp\/v2\/regions?post=175484"},{"taxonomy":"sectors","embeddable":true,"href":"https:\/\/admin.industriall-union.org\/es\/wp-json\/wp\/v2\/sectors?post=175484"},{"taxonomy":"article_tags","embeddable":true,"href":"https:\/\/admin.industriall-union.org\/es\/wp-json\/wp\/v2\/article_tags?post=175484"}],"curies":[{"name":"wp","href":"https:\/\/api.w.org\/{rel}","templated":true}]}}