{"id":175443,"date":"2012-09-13T14:18:13","date_gmt":"2012-09-13T14:18:13","guid":{"rendered":"https:\/\/admin.industriall-union.org\/trabajadores-de-gerdau-diaco-muna-crean-comite-sintrametal-en-sibate\/"},"modified":"2025-02-08T19:52:00","modified_gmt":"2025-02-08T19:52:00","slug":"trabajadores-de-gerdau-diaco-muna-crean-comite-sintrametal-en-sibate","status":"publish","type":"article","link":"https:\/\/admin.industriall-union.org\/es\/trabajadores-de-gerdau-diaco-muna-crean-comite-sintrametal-en-sibate\/","title":{"rendered":"Trabajadores de Gerdau Diaco Mu\u00f1a crean Comit\u00e9 Sintrametal en Sibat\u00e9"},"content":{"rendered":"<p>Luego de los <a href=\"http:\/\/www.industriall-union.org\/es\/despiden-a-un-total-270-trabajadores-en-dos-plantas-colombianas-de-gerdau\">despidos masivos que se realizaron en Gerdau Diaco<\/a> en las plantas colombianas de Mu\u00f1a y Tocancip\u00e1,&nbsp;un grupo de trabajadores que no fueron despedidos se unieron a la organizaci\u00f3n sindical Sintrametal, sindicato que re\u00fane a los trabajadores de otras plantas de GERDAU&nbsp;Diaco en Duitama y Tuta en Boyac\u00e1 y en Cota en Cundinamarca, quien adem\u00e1s es parte de UTRAMMICOL, afiliado a IndustriALL Global Union.<\/p><p>Algunos trabajadores de la Planta Mu\u00f1a &nbsp;organizaron la semana pasada una asamblea para organizarse y defender sus puestos de trabajo, sus salarios y el bienestar de sus familias. Dicha reuni\u00f3n cont\u00f3 con el apoyo del presidente de la Subdirectiva Sintrametal Cota, Esteban Gonzalez, del vicepresidente Nelson Chac\u00f3n. Ellos se encargaron de elaborar los documentos &nbsp;necesarios para formalizar la creaci\u00f3n de esta seccional sindical.<\/p><p>En la asamblea se cre\u00f3 el Comit\u00e9 Sintrametal en Sibat\u00e9, y posteriormente reunieron los documentos ante al Ministerio del Trabajo y Gerdau Diaco. El sindicato inform\u00f3 que los directivos de la planta empezaron a intentar doblegar la reciente sindicalizaci\u00f3n diciendo que este hecho afecta&nbsp; la confianza que hab\u00eda entre los trabajadores y los directivos.<\/p><p>Fueron elegidos como representantes del Comit\u00e9, Jos\u00e9 Edilberto Vallejo Madrigal y Ra\u00fal Hernando Acosta &nbsp;Herrera, encargados de llevar la vocer\u00eda del grupo, y buscar apoyos para la nueva organizaci\u00f3n.<\/p><p>Los compa\u00f1eros de la planta de Mu\u00f1a del municipio de Sibat\u00e9, recibieron el apoyo de los compa\u00f1eros de las plantas de Cota, Tuta, y Duitama.<\/p><p>IndustriALL Global Union,&nbsp; manifiesta &nbsp;que &ldquo;como Sindicato Mundial de las Industrias, estaremos atento a la situaci\u00f3n en las plantas de Diaco Gerdau, y ofreceremos todo el apoyo y solidaridad en beneficio de&nbsp; los trabajadores afectados.<\/p>","protected":false},"featured_media":0,"template":"","issues":[],"companies":[],"regions":[264],"sectors":[481],"article_tags":[],"class_list":["post-175443","article","type-article","status-publish","hentry","regions-colombia","sectors-base-metals"],"acf":[],"yoast_head":"<!-- This site is optimized with the Yoast SEO Premium plugin v27.1 (Yoast SEO v27.1) - https:\/\/yoast.com\/product\/yoast-seo-premium-wordpress\/ -->\n<title>Trabajadores de Gerdau Diaco Mu\u00f1a crean Comit\u00e9 Sintrametal en Sibat\u00e9 - industriall-union<\/title>\n<meta name=\"description\" content=\"Luego de los despidos masivos que se realizaron en Gerdau Diaco en las plantas colombianas de Mu\u00f1a y Tocancip\u00e1,&nbsp;un grupo de trabajadores que no\" \/>\n<meta name=\"robots\" content=\"index, follow, max-snippet:-1, max-image-preview:large, max-video-preview:-1\" \/>\n<link rel=\"canonical\" href=\"https:\/\/admin.industriall-union.org\/es\/trabajadores-de-gerdau-diaco-muna-crean-comite-sintrametal-en-sibate\/\" \/>\n<meta property=\"og:locale\" content=\"es_ES\" \/>\n<meta property=\"og:type\" content=\"article\" \/>\n<meta property=\"og:title\" content=\"Trabajadores de Gerdau Diaco Mu\u00f1a crean Comit\u00e9 Sintrametal en Sibat\u00e9\" \/>\n<meta property=\"og:description\" content=\"Luego de los despidos masivos que se realizaron en Gerdau Diaco en las plantas colombianas de Mu\u00f1a y Tocancip\u00e1,&nbsp;un grupo de trabajadores que no\" \/>\n<meta property=\"og:url\" content=\"https:\/\/admin.industriall-union.org\/es\/trabajadores-de-gerdau-diaco-muna-crean-comite-sintrametal-en-sibate\/\" \/>\n<meta property=\"og:site_name\" content=\"industriall-union\" \/>\n<meta property=\"article:modified_time\" content=\"2025-02-08T19:52:00+00:00\" \/>\n<meta name=\"twitter:card\" content=\"summary_large_image\" \/>\n<meta name=\"twitter:label1\" content=\"Est. reading time\" \/>\n\t<meta name=\"twitter:data1\" content=\"2 minutes\" \/>\n<script type=\"application\/ld+json\" class=\"yoast-schema-graph\">{\"@context\":\"https:\/\/schema.org\",\"@graph\":[{\"@type\":\"WebPage\",\"@id\":\"https:\/\/admin.industriall-union.org\/es\/trabajadores-de-gerdau-diaco-muna-crean-comite-sintrametal-en-sibate\/\",\"url\":\"https:\/\/admin.industriall-union.org\/es\/trabajadores-de-gerdau-diaco-muna-crean-comite-sintrametal-en-sibate\/\",\"name\":\"Trabajadores de Gerdau Diaco Mu\u00f1a crean Comit\u00e9 Sintrametal en Sibat\u00e9 - industriall-union\",\"isPartOf\":{\"@id\":\"https:\/\/admin.industriall-union.org\/#website\"},\"datePublished\":\"2012-09-13T14:18:13+00:00\",\"dateModified\":\"2025-02-08T19:52:00+00:00\",\"description\":\"Luego de los despidos masivos que se realizaron en Gerdau Diaco en las plantas colombianas de Mu\u00f1a y Tocancip\u00e1,&nbsp;un grupo de trabajadores que no\",\"breadcrumb\":{\"@id\":\"https:\/\/admin.industriall-union.org\/es\/trabajadores-de-gerdau-diaco-muna-crean-comite-sintrametal-en-sibate\/#breadcrumb\"},\"inLanguage\":\"es-ES\",\"potentialAction\":[{\"@type\":\"ReadAction\",\"target\":[\"https:\/\/admin.industriall-union.org\/es\/trabajadores-de-gerdau-diaco-muna-crean-comite-sintrametal-en-sibate\/\"]}]},{\"@type\":\"BreadcrumbList\",\"@id\":\"https:\/\/admin.industriall-union.org\/es\/trabajadores-de-gerdau-diaco-muna-crean-comite-sintrametal-en-sibate\/#breadcrumb\",\"itemListElement\":[{\"@type\":\"ListItem\",\"position\":1,\"name\":\"Home\",\"item\":\"https:\/\/admin.industriall-union.org\/\"},{\"@type\":\"ListItem\",\"position\":2,\"name\":\"Articles\",\"item\":\"https:\/\/admin.industriall-union.org\/article\/\"},{\"@type\":\"ListItem\",\"position\":3,\"name\":\"Trabajadores de Gerdau Diaco Mu\u00f1a crean Comit\u00e9 Sintrametal en Sibat\u00e9\"}]},{\"@type\":\"WebSite\",\"@id\":\"https:\/\/admin.industriall-union.org\/#website\",\"url\":\"https:\/\/admin.industriall-union.org\/\",\"name\":\"industriall-union\",\"description\":\"\",\"potentialAction\":[{\"@type\":\"SearchAction\",\"target\":{\"@type\":\"EntryPoint\",\"urlTemplate\":\"https:\/\/admin.industriall-union.org\/?s={search_term_string}\"},\"query-input\":{\"@type\":\"PropertyValueSpecification\",\"valueRequired\":true,\"valueName\":\"search_term_string\"}}],\"inLanguage\":\"es-ES\"}]}<\/script>\n<!-- \/ Yoast SEO Premium plugin. -->","yoast_head_json":{"title":"Trabajadores de Gerdau Diaco Mu\u00f1a crean Comit\u00e9 Sintrametal en Sibat\u00e9 - industriall-union","description":"Luego de los despidos masivos que se realizaron en Gerdau Diaco en las plantas colombianas de Mu\u00f1a y Tocancip\u00e1,&nbsp;un grupo de trabajadores que no","robots":{"index":"index","follow":"follow","max-snippet":"max-snippet:-1","max-image-preview":"max-image-preview:large","max-video-preview":"max-video-preview:-1"},"canonical":"https:\/\/admin.industriall-union.org\/es\/trabajadores-de-gerdau-diaco-muna-crean-comite-sintrametal-en-sibate\/","og_locale":"es_ES","og_type":"article","og_title":"Trabajadores de Gerdau Diaco Mu\u00f1a crean Comit\u00e9 Sintrametal en Sibat\u00e9","og_description":"Luego de los despidos masivos que se realizaron en Gerdau Diaco en las plantas colombianas de Mu\u00f1a y Tocancip\u00e1,&nbsp;un grupo de trabajadores que no","og_url":"https:\/\/admin.industriall-union.org\/es\/trabajadores-de-gerdau-diaco-muna-crean-comite-sintrametal-en-sibate\/","og_site_name":"industriall-union","article_modified_time":"2025-02-08T19:52:00+00:00","twitter_card":"summary_large_image","twitter_misc":{"Est. reading time":"2 minutes"},"schema":{"@context":"https:\/\/schema.org","@graph":[{"@type":"WebPage","@id":"https:\/\/admin.industriall-union.org\/es\/trabajadores-de-gerdau-diaco-muna-crean-comite-sintrametal-en-sibate\/","url":"https:\/\/admin.industriall-union.org\/es\/trabajadores-de-gerdau-diaco-muna-crean-comite-sintrametal-en-sibate\/","name":"Trabajadores de Gerdau Diaco Mu\u00f1a crean Comit\u00e9 Sintrametal en Sibat\u00e9 - industriall-union","isPartOf":{"@id":"https:\/\/admin.industriall-union.org\/#website"},"datePublished":"2012-09-13T14:18:13+00:00","dateModified":"2025-02-08T19:52:00+00:00","description":"Luego de los despidos masivos que se realizaron en Gerdau Diaco en las plantas colombianas de Mu\u00f1a y Tocancip\u00e1,&nbsp;un grupo de trabajadores que no","breadcrumb":{"@id":"https:\/\/admin.industriall-union.org\/es\/trabajadores-de-gerdau-diaco-muna-crean-comite-sintrametal-en-sibate\/#breadcrumb"},"inLanguage":"es-ES","potentialAction":[{"@type":"ReadAction","target":["https:\/\/admin.industriall-union.org\/es\/trabajadores-de-gerdau-diaco-muna-crean-comite-sintrametal-en-sibate\/"]}]},{"@type":"BreadcrumbList","@id":"https:\/\/admin.industriall-union.org\/es\/trabajadores-de-gerdau-diaco-muna-crean-comite-sintrametal-en-sibate\/#breadcrumb","itemListElement":[{"@type":"ListItem","position":1,"name":"Home","item":"https:\/\/admin.industriall-union.org\/"},{"@type":"ListItem","position":2,"name":"Articles","item":"https:\/\/admin.industriall-union.org\/article\/"},{"@type":"ListItem","position":3,"name":"Trabajadores de Gerdau Diaco Mu\u00f1a crean Comit\u00e9 Sintrametal en Sibat\u00e9"}]},{"@type":"WebSite","@id":"https:\/\/admin.industriall-union.org\/#website","url":"https:\/\/admin.industriall-union.org\/","name":"industriall-union","description":"","potentialAction":[{"@type":"SearchAction","target":{"@type":"EntryPoint","urlTemplate":"https:\/\/admin.industriall-union.org\/?s={search_term_string}"},"query-input":{"@type":"PropertyValueSpecification","valueRequired":true,"valueName":"search_term_string"}}],"inLanguage":"es-ES"}]}},"_links":{"self":[{"href":"https:\/\/admin.industriall-union.org\/es\/wp-json\/wp\/v2\/article\/175443","targetHints":{"allow":["GET"]}}],"collection":[{"href":"https:\/\/admin.industriall-union.org\/es\/wp-json\/wp\/v2\/article"}],"about":[{"href":"https:\/\/admin.industriall-union.org\/es\/wp-json\/wp\/v2\/types\/article"}],"wp:attachment":[{"href":"https:\/\/admin.industriall-union.org\/es\/wp-json\/wp\/v2\/media?parent=175443"}],"wp:term":[{"taxonomy":"issues","embeddable":true,"href":"https:\/\/admin.industriall-union.org\/es\/wp-json\/wp\/v2\/issues?post=175443"},{"taxonomy":"companies","embeddable":true,"href":"https:\/\/admin.industriall-union.org\/es\/wp-json\/wp\/v2\/companies?post=175443"},{"taxonomy":"regions","embeddable":true,"href":"https:\/\/admin.industriall-union.org\/es\/wp-json\/wp\/v2\/regions?post=175443"},{"taxonomy":"sectors","embeddable":true,"href":"https:\/\/admin.industriall-union.org\/es\/wp-json\/wp\/v2\/sectors?post=175443"},{"taxonomy":"article_tags","embeddable":true,"href":"https:\/\/admin.industriall-union.org\/es\/wp-json\/wp\/v2\/article_tags?post=175443"}],"curies":[{"name":"wp","href":"https:\/\/api.w.org\/{rel}","templated":true}]}}