{"id":175391,"date":"2012-09-21T15:34:15","date_gmt":"2012-09-21T15:34:15","guid":{"rendered":"https:\/\/admin.industriall-union.org\/canada-cambia-radicalmente-de-actitud-sobre-el-asbesto\/"},"modified":"2025-02-08T19:31:15","modified_gmt":"2025-02-08T19:31:15","slug":"canada-cambia-radicalmente-de-actitud-sobre-el-asbesto","status":"publish","type":"article","link":"https:\/\/admin.industriall-union.org\/es\/canada-cambia-radicalmente-de-actitud-sobre-el-asbesto\/","title":{"rendered":"Canad\u00e1 cambia radicalmente de actitud sobre el asbesto"},"content":{"rendered":"<div><p>Durante muchos a\u00f1os, Canad\u00e1 ha ofrecido la direcci\u00f3n &ldquo;cient\u00edfica&rdquo; y pol\u00edtica a otros pa\u00edses exportadores de asbesto. A trav\u00e9s del ya desaparecido Instituto del Asbesto (despu\u00e9s Instituto del Crisotilo) Canad\u00e1 era el principal productor de &ldquo;estudios&rdquo; pseudocient\u00edficos con los que se pretend\u00eda probar la seguridad del asbesto. Canad\u00e1 encabez\u00f3 frecuentemente los esfuerzos para impedir la prohibici\u00f3n, e incluso la regulaci\u00f3n efectiva, del asbesto a nivel internacional.<\/p><p>La decisi\u00f3n de Canad\u00e1 se ha debido a las nuevas realidades pol\u00edticas. El nuevo gobierno de Quebec ha indicado que preferir\u00eda gastar el dinero en planes de diversificaci\u00f3n industrial para las comunidades que depend\u00edan anteriormente del asbesto, con un programa de transici\u00f3n justo para los antiguos mineros, que tratar de apuntalar una industria moribunda con pr\u00e9stamos y subvenciones. En vista de la realidad, el gobierno federal no tiene m\u00e1s remedio que dejar de apoyar tambi\u00e9n a la industria.<\/p><p>Los no canadienses pueden preguntarse por qu\u00e9 esta mort\u00edfera industria ha tenido tanta influencia; pero en Canad\u00e1 el asbesto no es una industria cualquiera, es un icono. Forma parte de la historia cultural y de la mitolog\u00eda del movimiento sindical, de la provincia de Quebec y de Canad\u00e1. Pocos l\u00edderes sindicales&nbsp; se han atrevido a&nbsp; criticar a la industria en la que naci\u00f3 el&nbsp; moderno movimiento obrero de Quebec. Todav\u00eda se recuerda la violenta huelga de 1949 en Asbestos, Quebec, como s\u00edmbolo de las luchas de trabajadores franc\u00f3fonos contra jefes angl\u00f3fonos ausentes, y por lo tanto uno de los primeros momentos cr\u00edticos en la &ldquo;Revoluci\u00f3n tranquila&rdquo; de Quebec. Fue una de las primeras huelgas en Canad\u00e1 en la que las preocupaciones por la salud y la seguridad desempe\u00f1aron un papel clave. Durante esa huelga, muchos l\u00edderes canadienses futuros forjaron sus ideas y actitudes sociales, entre ellos un joven reportero que cubr\u00eda la huelga llamado Pierre Elliott Trudeau, luego uno de los m\u00e1s famosos primeros ministros de Canad\u00e1.<\/p><p>Pero todo cambia con el tiempo. La tarea de Canad\u00e1 es hacer honor a la historia de esos heroicos mineros del amianto sin defender la mort\u00edfera industria del asbesto. La mayor\u00eda de los canadienses, incluidos los quebequenses, entienden que el asbesto mata. La semana pasada, los pol\u00edticos hicieron finalmente lo que sus votantes ya sab\u00edan que deb\u00eda hacerse.<\/p><\/div>","protected":false},"featured_media":0,"template":"","issues":[404,402],"companies":[],"regions":[309],"sectors":[],"article_tags":[],"class_list":["post-175391","article","type-article","status-publish","hentry","issues-asbestos","issues-health-and-safety","regions-canada"],"acf":[],"yoast_head":"<!-- This site is optimized with the Yoast SEO Premium plugin v27.1 (Yoast SEO v27.1) - https:\/\/yoast.com\/product\/yoast-seo-premium-wordpress\/ -->\n<title>Canad\u00e1 cambia radicalmente de actitud sobre el asbesto - industriall-union<\/title>\n<meta name=\"description\" content=\"Durante muchos a\u00f1os, Canad\u00e1 ha ofrecido la direcci\u00f3n &ldquo;cient\u00edfica&rdquo; y pol\u00edtica a otros pa\u00edses exportadores de asbesto. A trav\u00e9s del ya\" \/>\n<meta name=\"robots\" content=\"index, follow, max-snippet:-1, max-image-preview:large, max-video-preview:-1\" \/>\n<link rel=\"canonical\" href=\"https:\/\/admin.industriall-union.org\/es\/canada-cambia-radicalmente-de-actitud-sobre-el-asbesto\/\" \/>\n<meta property=\"og:locale\" content=\"es_ES\" \/>\n<meta property=\"og:type\" content=\"article\" \/>\n<meta property=\"og:title\" content=\"Canad\u00e1 cambia radicalmente de actitud sobre el asbesto\" \/>\n<meta property=\"og:description\" content=\"Durante muchos a\u00f1os, Canad\u00e1 ha ofrecido la direcci\u00f3n &ldquo;cient\u00edfica&rdquo; y pol\u00edtica a otros pa\u00edses exportadores de asbesto. A trav\u00e9s del ya\" \/>\n<meta property=\"og:url\" content=\"https:\/\/admin.industriall-union.org\/es\/canada-cambia-radicalmente-de-actitud-sobre-el-asbesto\/\" \/>\n<meta property=\"og:site_name\" content=\"industriall-union\" \/>\n<meta property=\"article:modified_time\" content=\"2025-02-08T19:31:15+00:00\" \/>\n<meta name=\"twitter:card\" content=\"summary_large_image\" \/>\n<meta name=\"twitter:label1\" content=\"Est. reading time\" \/>\n\t<meta name=\"twitter:data1\" content=\"2 minutes\" \/>\n<script type=\"application\/ld+json\" class=\"yoast-schema-graph\">{\"@context\":\"https:\/\/schema.org\",\"@graph\":[{\"@type\":\"WebPage\",\"@id\":\"https:\/\/admin.industriall-union.org\/es\/canada-cambia-radicalmente-de-actitud-sobre-el-asbesto\/\",\"url\":\"https:\/\/admin.industriall-union.org\/es\/canada-cambia-radicalmente-de-actitud-sobre-el-asbesto\/\",\"name\":\"Canad\u00e1 cambia radicalmente de actitud sobre el asbesto - industriall-union\",\"isPartOf\":{\"@id\":\"https:\/\/admin.industriall-union.org\/#website\"},\"datePublished\":\"2012-09-21T15:34:15+00:00\",\"dateModified\":\"2025-02-08T19:31:15+00:00\",\"description\":\"Durante muchos a\u00f1os, Canad\u00e1 ha ofrecido la direcci\u00f3n &ldquo;cient\u00edfica&rdquo; y pol\u00edtica a otros pa\u00edses exportadores de asbesto. A trav\u00e9s del ya\",\"breadcrumb\":{\"@id\":\"https:\/\/admin.industriall-union.org\/es\/canada-cambia-radicalmente-de-actitud-sobre-el-asbesto\/#breadcrumb\"},\"inLanguage\":\"es-ES\",\"potentialAction\":[{\"@type\":\"ReadAction\",\"target\":[\"https:\/\/admin.industriall-union.org\/es\/canada-cambia-radicalmente-de-actitud-sobre-el-asbesto\/\"]}]},{\"@type\":\"BreadcrumbList\",\"@id\":\"https:\/\/admin.industriall-union.org\/es\/canada-cambia-radicalmente-de-actitud-sobre-el-asbesto\/#breadcrumb\",\"itemListElement\":[{\"@type\":\"ListItem\",\"position\":1,\"name\":\"Home\",\"item\":\"https:\/\/admin.industriall-union.org\/\"},{\"@type\":\"ListItem\",\"position\":2,\"name\":\"Articles\",\"item\":\"https:\/\/admin.industriall-union.org\/article\/\"},{\"@type\":\"ListItem\",\"position\":3,\"name\":\"Canad\u00e1 cambia radicalmente de actitud sobre el asbesto\"}]},{\"@type\":\"WebSite\",\"@id\":\"https:\/\/admin.industriall-union.org\/#website\",\"url\":\"https:\/\/admin.industriall-union.org\/\",\"name\":\"industriall-union\",\"description\":\"\",\"potentialAction\":[{\"@type\":\"SearchAction\",\"target\":{\"@type\":\"EntryPoint\",\"urlTemplate\":\"https:\/\/admin.industriall-union.org\/?s={search_term_string}\"},\"query-input\":{\"@type\":\"PropertyValueSpecification\",\"valueRequired\":true,\"valueName\":\"search_term_string\"}}],\"inLanguage\":\"es-ES\"}]}<\/script>\n<!-- \/ Yoast SEO Premium plugin. -->","yoast_head_json":{"title":"Canad\u00e1 cambia radicalmente de actitud sobre el asbesto - industriall-union","description":"Durante muchos a\u00f1os, Canad\u00e1 ha ofrecido la direcci\u00f3n &ldquo;cient\u00edfica&rdquo; y pol\u00edtica a otros pa\u00edses exportadores de asbesto. A trav\u00e9s del ya","robots":{"index":"index","follow":"follow","max-snippet":"max-snippet:-1","max-image-preview":"max-image-preview:large","max-video-preview":"max-video-preview:-1"},"canonical":"https:\/\/admin.industriall-union.org\/es\/canada-cambia-radicalmente-de-actitud-sobre-el-asbesto\/","og_locale":"es_ES","og_type":"article","og_title":"Canad\u00e1 cambia radicalmente de actitud sobre el asbesto","og_description":"Durante muchos a\u00f1os, Canad\u00e1 ha ofrecido la direcci\u00f3n &ldquo;cient\u00edfica&rdquo; y pol\u00edtica a otros pa\u00edses exportadores de asbesto. A trav\u00e9s del ya","og_url":"https:\/\/admin.industriall-union.org\/es\/canada-cambia-radicalmente-de-actitud-sobre-el-asbesto\/","og_site_name":"industriall-union","article_modified_time":"2025-02-08T19:31:15+00:00","twitter_card":"summary_large_image","twitter_misc":{"Est. reading time":"2 minutes"},"schema":{"@context":"https:\/\/schema.org","@graph":[{"@type":"WebPage","@id":"https:\/\/admin.industriall-union.org\/es\/canada-cambia-radicalmente-de-actitud-sobre-el-asbesto\/","url":"https:\/\/admin.industriall-union.org\/es\/canada-cambia-radicalmente-de-actitud-sobre-el-asbesto\/","name":"Canad\u00e1 cambia radicalmente de actitud sobre el asbesto - industriall-union","isPartOf":{"@id":"https:\/\/admin.industriall-union.org\/#website"},"datePublished":"2012-09-21T15:34:15+00:00","dateModified":"2025-02-08T19:31:15+00:00","description":"Durante muchos a\u00f1os, Canad\u00e1 ha ofrecido la direcci\u00f3n &ldquo;cient\u00edfica&rdquo; y pol\u00edtica a otros pa\u00edses exportadores de asbesto. A trav\u00e9s del ya","breadcrumb":{"@id":"https:\/\/admin.industriall-union.org\/es\/canada-cambia-radicalmente-de-actitud-sobre-el-asbesto\/#breadcrumb"},"inLanguage":"es-ES","potentialAction":[{"@type":"ReadAction","target":["https:\/\/admin.industriall-union.org\/es\/canada-cambia-radicalmente-de-actitud-sobre-el-asbesto\/"]}]},{"@type":"BreadcrumbList","@id":"https:\/\/admin.industriall-union.org\/es\/canada-cambia-radicalmente-de-actitud-sobre-el-asbesto\/#breadcrumb","itemListElement":[{"@type":"ListItem","position":1,"name":"Home","item":"https:\/\/admin.industriall-union.org\/"},{"@type":"ListItem","position":2,"name":"Articles","item":"https:\/\/admin.industriall-union.org\/article\/"},{"@type":"ListItem","position":3,"name":"Canad\u00e1 cambia radicalmente de actitud sobre el asbesto"}]},{"@type":"WebSite","@id":"https:\/\/admin.industriall-union.org\/#website","url":"https:\/\/admin.industriall-union.org\/","name":"industriall-union","description":"","potentialAction":[{"@type":"SearchAction","target":{"@type":"EntryPoint","urlTemplate":"https:\/\/admin.industriall-union.org\/?s={search_term_string}"},"query-input":{"@type":"PropertyValueSpecification","valueRequired":true,"valueName":"search_term_string"}}],"inLanguage":"es-ES"}]}},"_links":{"self":[{"href":"https:\/\/admin.industriall-union.org\/es\/wp-json\/wp\/v2\/article\/175391","targetHints":{"allow":["GET"]}}],"collection":[{"href":"https:\/\/admin.industriall-union.org\/es\/wp-json\/wp\/v2\/article"}],"about":[{"href":"https:\/\/admin.industriall-union.org\/es\/wp-json\/wp\/v2\/types\/article"}],"wp:attachment":[{"href":"https:\/\/admin.industriall-union.org\/es\/wp-json\/wp\/v2\/media?parent=175391"}],"wp:term":[{"taxonomy":"issues","embeddable":true,"href":"https:\/\/admin.industriall-union.org\/es\/wp-json\/wp\/v2\/issues?post=175391"},{"taxonomy":"companies","embeddable":true,"href":"https:\/\/admin.industriall-union.org\/es\/wp-json\/wp\/v2\/companies?post=175391"},{"taxonomy":"regions","embeddable":true,"href":"https:\/\/admin.industriall-union.org\/es\/wp-json\/wp\/v2\/regions?post=175391"},{"taxonomy":"sectors","embeddable":true,"href":"https:\/\/admin.industriall-union.org\/es\/wp-json\/wp\/v2\/sectors?post=175391"},{"taxonomy":"article_tags","embeddable":true,"href":"https:\/\/admin.industriall-union.org\/es\/wp-json\/wp\/v2\/article_tags?post=175391"}],"curies":[{"name":"wp","href":"https:\/\/api.w.org\/{rel}","templated":true}]}}