{"id":175389,"date":"2012-09-24T14:40:42","date_gmt":"2012-09-24T14:40:42","guid":{"rendered":"https:\/\/admin.industriall-union.org\/despidos-y-malas-condiciones-laborales-denuncia-sindicato-peruano-de-andina-plast\/"},"modified":"2025-02-08T19:28:37","modified_gmt":"2025-02-08T19:28:37","slug":"despidos-y-malas-condiciones-laborales-denuncia-sindicato-peruano-de-andina-plast","status":"publish","type":"article","link":"https:\/\/admin.industriall-union.org\/es\/despidos-y-malas-condiciones-laborales-denuncia-sindicato-peruano-de-andina-plast\/","title":{"rendered":"Despidos y malas condiciones laborales denuncia Sindicato peruano de Andina Plast"},"content":{"rendered":"<p>En junio de este a\u00f1o trabajadores peruanos constituyeron el Sindicato de Trabajadores de Andina Plast SRL., con el fin de defender sus derechos laborales, especialmente terminar con los abusos por parte de la empresa, Andina Plast SRL, al obligarlos a trabajar largas jornadas de trabajo, sin derecho a descanso semanal.<\/p><p>Andina Plast es una empresa peruana, con personal y capital cien por cientos peruanos, con sede en la ciudad de Lima, se dedican a la fabricaci\u00f3n de compuestos r\u00edgidos y flexibles de PVC.<\/p><p>El sindicato fue reconocido por la autoridad administrativa de trabajo, sin embargo la empresa y d\u00edas despu\u00e9s de la constituci\u00f3n del sindicato, se despidi\u00f3 sin motivo a Pasion Camilo Quezada Almazan, secretario general del sindicato, y varios dirigentes fueron sacados de sus puestos trasladados a otras actividades e incluso a otra planta.<\/p><p>La organizaci\u00f3n sindical se\u00f1ala que los despidos han continuado puesto que el 6 y 11 de septiembre fueron despedidos Mauricio Santos Torres, secretario de cultura y deporte y Wilper Quispe LLacctarimay, secretario de defensa del sindicato. Adem\u00e1s se ha enviado una carta de predespido al Miguel Mezarina Fernandez, por supuesta difamaci\u00f3n hacia la empresa INDECO.<\/p><p>Frente a esta situaci\u00f3n IndustriALL Global Union solidariz\u00f3 con los trabajadores despedidos y con la organizaci\u00f3n sindical, enviando una carta a la gerencia de la empresa, expresando su repudio a las pr\u00e1cticas antisindicales que est\u00e1 incurriendo la empresa.<\/p><p>Los trabajadores llaman&nbsp; a respetar el pacto mundial de las Naciones Unidas de Nexans Indeco y su proveedor Andina Plast SRL, que este grupo empresarial se comprometi\u00f3 a apoyar sus principios fundamentales en derechos humanos, de trabajo, medioambiente y lucha contra la corrupci\u00f3n.<\/p><p>A pesar de los sucesivos pedidos de di\u00e1logo para solucionar la problem\u00e1tica, la empresa se niega a solucionar las exigencias de empleo de calidad que se exprese en seguridad y salud, adem\u00e1s de salarios dignos, expres\u00f3 el sindicato en un comunicado oficial. Frente a ello, han decidi\u00f3 durante esta semana realizar acciones concretas como un plant\u00f3n en el frontis de la empresa, este lunes 24, &nbsp;en demanda de la reposici\u00f3n de los dirigentes despedidos y para una soluci\u00f3n a su pliego de reclamos.<\/p>","protected":false},"featured_media":0,"template":"","issues":[422],"companies":[],"regions":[279],"sectors":[478],"article_tags":[],"class_list":["post-175389","article","type-article","status-publish","hentry","issues-human-trade-union-rights","regions-peru","sectors-plastics"],"acf":[],"yoast_head":"<!-- This site is optimized with the Yoast SEO Premium plugin v27.1 (Yoast SEO v27.1) - https:\/\/yoast.com\/product\/yoast-seo-premium-wordpress\/ -->\n<title>Despidos y malas condiciones laborales denuncia Sindicato peruano de Andina Plast - industriall-union<\/title>\n<meta name=\"description\" content=\"En junio de este a\u00f1o trabajadores peruanos constituyeron el Sindicato de Trabajadores de Andina Plast SRL., con el fin de defender sus derechos laborales,\" \/>\n<meta name=\"robots\" content=\"index, follow, max-snippet:-1, max-image-preview:large, max-video-preview:-1\" \/>\n<link rel=\"canonical\" href=\"https:\/\/admin.industriall-union.org\/es\/despidos-y-malas-condiciones-laborales-denuncia-sindicato-peruano-de-andina-plast\/\" \/>\n<meta property=\"og:locale\" content=\"es_ES\" \/>\n<meta property=\"og:type\" content=\"article\" \/>\n<meta property=\"og:title\" content=\"Despidos y malas condiciones laborales denuncia Sindicato peruano de Andina Plast\" \/>\n<meta property=\"og:description\" content=\"En junio de este a\u00f1o trabajadores peruanos constituyeron el Sindicato de Trabajadores de Andina Plast SRL., con el fin de defender sus derechos laborales,\" \/>\n<meta property=\"og:url\" content=\"https:\/\/admin.industriall-union.org\/es\/despidos-y-malas-condiciones-laborales-denuncia-sindicato-peruano-de-andina-plast\/\" \/>\n<meta property=\"og:site_name\" content=\"industriall-union\" \/>\n<meta property=\"article:modified_time\" content=\"2025-02-08T19:28:37+00:00\" \/>\n<meta name=\"twitter:card\" content=\"summary_large_image\" \/>\n<meta name=\"twitter:label1\" content=\"Est. reading time\" \/>\n\t<meta name=\"twitter:data1\" content=\"2 minutes\" \/>\n<script type=\"application\/ld+json\" class=\"yoast-schema-graph\">{\"@context\":\"https:\/\/schema.org\",\"@graph\":[{\"@type\":\"WebPage\",\"@id\":\"https:\/\/admin.industriall-union.org\/es\/despidos-y-malas-condiciones-laborales-denuncia-sindicato-peruano-de-andina-plast\/\",\"url\":\"https:\/\/admin.industriall-union.org\/es\/despidos-y-malas-condiciones-laborales-denuncia-sindicato-peruano-de-andina-plast\/\",\"name\":\"Despidos y malas condiciones laborales denuncia Sindicato peruano de Andina Plast - industriall-union\",\"isPartOf\":{\"@id\":\"https:\/\/admin.industriall-union.org\/#website\"},\"datePublished\":\"2012-09-24T14:40:42+00:00\",\"dateModified\":\"2025-02-08T19:28:37+00:00\",\"description\":\"En junio de este a\u00f1o trabajadores peruanos constituyeron el Sindicato de Trabajadores de Andina Plast SRL., con el fin de defender sus derechos laborales,\",\"breadcrumb\":{\"@id\":\"https:\/\/admin.industriall-union.org\/es\/despidos-y-malas-condiciones-laborales-denuncia-sindicato-peruano-de-andina-plast\/#breadcrumb\"},\"inLanguage\":\"es-ES\",\"potentialAction\":[{\"@type\":\"ReadAction\",\"target\":[\"https:\/\/admin.industriall-union.org\/es\/despidos-y-malas-condiciones-laborales-denuncia-sindicato-peruano-de-andina-plast\/\"]}]},{\"@type\":\"BreadcrumbList\",\"@id\":\"https:\/\/admin.industriall-union.org\/es\/despidos-y-malas-condiciones-laborales-denuncia-sindicato-peruano-de-andina-plast\/#breadcrumb\",\"itemListElement\":[{\"@type\":\"ListItem\",\"position\":1,\"name\":\"Home\",\"item\":\"https:\/\/admin.industriall-union.org\/\"},{\"@type\":\"ListItem\",\"position\":2,\"name\":\"Articles\",\"item\":\"https:\/\/admin.industriall-union.org\/article\/\"},{\"@type\":\"ListItem\",\"position\":3,\"name\":\"Despidos y malas condiciones laborales denuncia Sindicato peruano de Andina Plast\"}]},{\"@type\":\"WebSite\",\"@id\":\"https:\/\/admin.industriall-union.org\/#website\",\"url\":\"https:\/\/admin.industriall-union.org\/\",\"name\":\"industriall-union\",\"description\":\"\",\"potentialAction\":[{\"@type\":\"SearchAction\",\"target\":{\"@type\":\"EntryPoint\",\"urlTemplate\":\"https:\/\/admin.industriall-union.org\/?s={search_term_string}\"},\"query-input\":{\"@type\":\"PropertyValueSpecification\",\"valueRequired\":true,\"valueName\":\"search_term_string\"}}],\"inLanguage\":\"es-ES\"}]}<\/script>\n<!-- \/ Yoast SEO Premium plugin. -->","yoast_head_json":{"title":"Despidos y malas condiciones laborales denuncia Sindicato peruano de Andina Plast - industriall-union","description":"En junio de este a\u00f1o trabajadores peruanos constituyeron el Sindicato de Trabajadores de Andina Plast SRL., con el fin de defender sus derechos laborales,","robots":{"index":"index","follow":"follow","max-snippet":"max-snippet:-1","max-image-preview":"max-image-preview:large","max-video-preview":"max-video-preview:-1"},"canonical":"https:\/\/admin.industriall-union.org\/es\/despidos-y-malas-condiciones-laborales-denuncia-sindicato-peruano-de-andina-plast\/","og_locale":"es_ES","og_type":"article","og_title":"Despidos y malas condiciones laborales denuncia Sindicato peruano de Andina Plast","og_description":"En junio de este a\u00f1o trabajadores peruanos constituyeron el Sindicato de Trabajadores de Andina Plast SRL., con el fin de defender sus derechos laborales,","og_url":"https:\/\/admin.industriall-union.org\/es\/despidos-y-malas-condiciones-laborales-denuncia-sindicato-peruano-de-andina-plast\/","og_site_name":"industriall-union","article_modified_time":"2025-02-08T19:28:37+00:00","twitter_card":"summary_large_image","twitter_misc":{"Est. reading time":"2 minutes"},"schema":{"@context":"https:\/\/schema.org","@graph":[{"@type":"WebPage","@id":"https:\/\/admin.industriall-union.org\/es\/despidos-y-malas-condiciones-laborales-denuncia-sindicato-peruano-de-andina-plast\/","url":"https:\/\/admin.industriall-union.org\/es\/despidos-y-malas-condiciones-laborales-denuncia-sindicato-peruano-de-andina-plast\/","name":"Despidos y malas condiciones laborales denuncia Sindicato peruano de Andina Plast - industriall-union","isPartOf":{"@id":"https:\/\/admin.industriall-union.org\/#website"},"datePublished":"2012-09-24T14:40:42+00:00","dateModified":"2025-02-08T19:28:37+00:00","description":"En junio de este a\u00f1o trabajadores peruanos constituyeron el Sindicato de Trabajadores de Andina Plast SRL., con el fin de defender sus derechos laborales,","breadcrumb":{"@id":"https:\/\/admin.industriall-union.org\/es\/despidos-y-malas-condiciones-laborales-denuncia-sindicato-peruano-de-andina-plast\/#breadcrumb"},"inLanguage":"es-ES","potentialAction":[{"@type":"ReadAction","target":["https:\/\/admin.industriall-union.org\/es\/despidos-y-malas-condiciones-laborales-denuncia-sindicato-peruano-de-andina-plast\/"]}]},{"@type":"BreadcrumbList","@id":"https:\/\/admin.industriall-union.org\/es\/despidos-y-malas-condiciones-laborales-denuncia-sindicato-peruano-de-andina-plast\/#breadcrumb","itemListElement":[{"@type":"ListItem","position":1,"name":"Home","item":"https:\/\/admin.industriall-union.org\/"},{"@type":"ListItem","position":2,"name":"Articles","item":"https:\/\/admin.industriall-union.org\/article\/"},{"@type":"ListItem","position":3,"name":"Despidos y malas condiciones laborales denuncia Sindicato peruano de Andina Plast"}]},{"@type":"WebSite","@id":"https:\/\/admin.industriall-union.org\/#website","url":"https:\/\/admin.industriall-union.org\/","name":"industriall-union","description":"","potentialAction":[{"@type":"SearchAction","target":{"@type":"EntryPoint","urlTemplate":"https:\/\/admin.industriall-union.org\/?s={search_term_string}"},"query-input":{"@type":"PropertyValueSpecification","valueRequired":true,"valueName":"search_term_string"}}],"inLanguage":"es-ES"}]}},"_links":{"self":[{"href":"https:\/\/admin.industriall-union.org\/es\/wp-json\/wp\/v2\/article\/175389","targetHints":{"allow":["GET"]}}],"collection":[{"href":"https:\/\/admin.industriall-union.org\/es\/wp-json\/wp\/v2\/article"}],"about":[{"href":"https:\/\/admin.industriall-union.org\/es\/wp-json\/wp\/v2\/types\/article"}],"wp:attachment":[{"href":"https:\/\/admin.industriall-union.org\/es\/wp-json\/wp\/v2\/media?parent=175389"}],"wp:term":[{"taxonomy":"issues","embeddable":true,"href":"https:\/\/admin.industriall-union.org\/es\/wp-json\/wp\/v2\/issues?post=175389"},{"taxonomy":"companies","embeddable":true,"href":"https:\/\/admin.industriall-union.org\/es\/wp-json\/wp\/v2\/companies?post=175389"},{"taxonomy":"regions","embeddable":true,"href":"https:\/\/admin.industriall-union.org\/es\/wp-json\/wp\/v2\/regions?post=175389"},{"taxonomy":"sectors","embeddable":true,"href":"https:\/\/admin.industriall-union.org\/es\/wp-json\/wp\/v2\/sectors?post=175389"},{"taxonomy":"article_tags","embeddable":true,"href":"https:\/\/admin.industriall-union.org\/es\/wp-json\/wp\/v2\/article_tags?post=175389"}],"curies":[{"name":"wp","href":"https:\/\/api.w.org\/{rel}","templated":true}]}}