{"id":175387,"date":"2012-09-25T07:45:13","date_gmt":"2012-09-25T07:45:13","guid":{"rendered":"https:\/\/admin.industriall-union.org\/los-sindicatos-suizos-se-manifiestan-para-salvar-empleos-industriales\/"},"modified":"2025-02-08T19:28:28","modified_gmt":"2025-02-08T19:28:28","slug":"los-sindicatos-suizos-se-manifiestan-para-salvar-empleos-industriales","status":"publish","type":"article","link":"https:\/\/admin.industriall-union.org\/es\/los-sindicatos-suizos-se-manifiestan-para-salvar-empleos-industriales\/","title":{"rendered":"Los sindicatos suizos se manifiestan para salvar empleos industriales"},"content":{"rendered":"<p>El acontecimiento se celebr\u00f3 bajo la lluvia en la Plaza Federal, en el centro de Berna. La manifestaci\u00f3n nacional fue organizada por el afiliado a la IndustriALL Global Union UNIA, junto con Syndicom, la Association du personnel de la Conf\u00e9d\u00e9ration (APC) y el sindicato de transporte local (SEV).<\/p><p>Los sindicatos pidieron a las autoridades y a los agentes econ\u00f3micos que se movilicen para salvar el sector industrial, en lugar de ser &ldquo;complacientes con los bancos&rdquo;. La manifestaci\u00f3n tuvo lugar dos semanas despu\u00e9s de que se anunciara la eliminaci\u00f3n de 225 empleos por el fabricante de ingenier\u00eda mec\u00e1nica Tornos en Moutier y en La Chaux-de-Fonds.<\/p><blockquote><p>Los&nbsp; miembros de UNIA son la industria. Quieren que se aseguren sus empleos en la industria, quieren condiciones de trabajo decentes y quieren tener una econom\u00eda real productiva. Estos son los objetivos de la IndustriALL y les brindamos nuestra solidaridad y apoyo en su lucha,<\/p><\/blockquote><p>dijo Kemal Ozkan, secretario general adjunto de la IndustriALL, en la manifestaci\u00f3n de Berna el 22 de septiembre.<\/p><p>En Suiza, el convenio colectivo de trabajo en sectores como la ingenier\u00eda mec\u00e1nica, el quipo el\u00e9ctrico y la metalurgia expirar\u00e1 a finales de junio de 2013. Las negociaciones para su renovaci\u00f3n comenzar\u00e1n en noviembre, entre los empleadores y los sindicatos.<\/p>","protected":false},"featured_media":0,"template":"","issues":[420,415],"companies":[],"regions":[248],"sectors":[481,483,475],"article_tags":[535],"class_list":["post-175387","article","type-article","status-publish","hentry","issues-solidarity","issues-stop-precarious-work","regions-switzerland","sectors-base-metals","sectors-energy-oil-gas-electricity-and-nuclear","sectors-mechanical-engineering","article_tags-world-day-for-decent-work-wddw"],"acf":[],"yoast_head":"<!-- This site is optimized with the Yoast SEO Premium plugin v27.1 (Yoast SEO v27.1) - https:\/\/yoast.com\/product\/yoast-seo-premium-wordpress\/ -->\n<title>Los sindicatos suizos se manifiestan para salvar empleos industriales - industriall-union<\/title>\n<meta name=\"description\" content=\"El acontecimiento se celebr\u00f3 bajo la lluvia en la Plaza Federal, en el centro de Berna. La manifestaci\u00f3n nacional fue organizada por el afiliado a la\" \/>\n<meta name=\"robots\" content=\"index, follow, max-snippet:-1, max-image-preview:large, max-video-preview:-1\" \/>\n<link rel=\"canonical\" href=\"https:\/\/admin.industriall-union.org\/es\/los-sindicatos-suizos-se-manifiestan-para-salvar-empleos-industriales\/\" \/>\n<meta property=\"og:locale\" content=\"es_ES\" \/>\n<meta property=\"og:type\" content=\"article\" \/>\n<meta property=\"og:title\" content=\"Los sindicatos suizos se manifiestan para salvar empleos industriales\" \/>\n<meta property=\"og:description\" content=\"El acontecimiento se celebr\u00f3 bajo la lluvia en la Plaza Federal, en el centro de Berna. La manifestaci\u00f3n nacional fue organizada por el afiliado a la\" \/>\n<meta property=\"og:url\" content=\"https:\/\/admin.industriall-union.org\/es\/los-sindicatos-suizos-se-manifiestan-para-salvar-empleos-industriales\/\" \/>\n<meta property=\"og:site_name\" content=\"industriall-union\" \/>\n<meta property=\"article:modified_time\" content=\"2025-02-08T19:28:28+00:00\" \/>\n<meta name=\"twitter:card\" content=\"summary_large_image\" \/>\n<meta name=\"twitter:label1\" content=\"Est. reading time\" \/>\n\t<meta name=\"twitter:data1\" content=\"1 minute\" \/>\n<script type=\"application\/ld+json\" class=\"yoast-schema-graph\">{\"@context\":\"https:\/\/schema.org\",\"@graph\":[{\"@type\":\"WebPage\",\"@id\":\"https:\/\/admin.industriall-union.org\/es\/los-sindicatos-suizos-se-manifiestan-para-salvar-empleos-industriales\/\",\"url\":\"https:\/\/admin.industriall-union.org\/es\/los-sindicatos-suizos-se-manifiestan-para-salvar-empleos-industriales\/\",\"name\":\"Los sindicatos suizos se manifiestan para salvar empleos industriales - industriall-union\",\"isPartOf\":{\"@id\":\"https:\/\/admin.industriall-union.org\/#website\"},\"datePublished\":\"2012-09-25T07:45:13+00:00\",\"dateModified\":\"2025-02-08T19:28:28+00:00\",\"description\":\"El acontecimiento se celebr\u00f3 bajo la lluvia en la Plaza Federal, en el centro de Berna. La manifestaci\u00f3n nacional fue organizada por el afiliado a la\",\"breadcrumb\":{\"@id\":\"https:\/\/admin.industriall-union.org\/es\/los-sindicatos-suizos-se-manifiestan-para-salvar-empleos-industriales\/#breadcrumb\"},\"inLanguage\":\"es-ES\",\"potentialAction\":[{\"@type\":\"ReadAction\",\"target\":[\"https:\/\/admin.industriall-union.org\/es\/los-sindicatos-suizos-se-manifiestan-para-salvar-empleos-industriales\/\"]}]},{\"@type\":\"BreadcrumbList\",\"@id\":\"https:\/\/admin.industriall-union.org\/es\/los-sindicatos-suizos-se-manifiestan-para-salvar-empleos-industriales\/#breadcrumb\",\"itemListElement\":[{\"@type\":\"ListItem\",\"position\":1,\"name\":\"Home\",\"item\":\"https:\/\/admin.industriall-union.org\/\"},{\"@type\":\"ListItem\",\"position\":2,\"name\":\"Articles\",\"item\":\"https:\/\/admin.industriall-union.org\/article\/\"},{\"@type\":\"ListItem\",\"position\":3,\"name\":\"Los sindicatos suizos se manifiestan para salvar empleos industriales\"}]},{\"@type\":\"WebSite\",\"@id\":\"https:\/\/admin.industriall-union.org\/#website\",\"url\":\"https:\/\/admin.industriall-union.org\/\",\"name\":\"industriall-union\",\"description\":\"\",\"potentialAction\":[{\"@type\":\"SearchAction\",\"target\":{\"@type\":\"EntryPoint\",\"urlTemplate\":\"https:\/\/admin.industriall-union.org\/?s={search_term_string}\"},\"query-input\":{\"@type\":\"PropertyValueSpecification\",\"valueRequired\":true,\"valueName\":\"search_term_string\"}}],\"inLanguage\":\"es-ES\"}]}<\/script>\n<!-- \/ Yoast SEO Premium plugin. -->","yoast_head_json":{"title":"Los sindicatos suizos se manifiestan para salvar empleos industriales - industriall-union","description":"El acontecimiento se celebr\u00f3 bajo la lluvia en la Plaza Federal, en el centro de Berna. La manifestaci\u00f3n nacional fue organizada por el afiliado a la","robots":{"index":"index","follow":"follow","max-snippet":"max-snippet:-1","max-image-preview":"max-image-preview:large","max-video-preview":"max-video-preview:-1"},"canonical":"https:\/\/admin.industriall-union.org\/es\/los-sindicatos-suizos-se-manifiestan-para-salvar-empleos-industriales\/","og_locale":"es_ES","og_type":"article","og_title":"Los sindicatos suizos se manifiestan para salvar empleos industriales","og_description":"El acontecimiento se celebr\u00f3 bajo la lluvia en la Plaza Federal, en el centro de Berna. La manifestaci\u00f3n nacional fue organizada por el afiliado a la","og_url":"https:\/\/admin.industriall-union.org\/es\/los-sindicatos-suizos-se-manifiestan-para-salvar-empleos-industriales\/","og_site_name":"industriall-union","article_modified_time":"2025-02-08T19:28:28+00:00","twitter_card":"summary_large_image","twitter_misc":{"Est. reading time":"1 minute"},"schema":{"@context":"https:\/\/schema.org","@graph":[{"@type":"WebPage","@id":"https:\/\/admin.industriall-union.org\/es\/los-sindicatos-suizos-se-manifiestan-para-salvar-empleos-industriales\/","url":"https:\/\/admin.industriall-union.org\/es\/los-sindicatos-suizos-se-manifiestan-para-salvar-empleos-industriales\/","name":"Los sindicatos suizos se manifiestan para salvar empleos industriales - industriall-union","isPartOf":{"@id":"https:\/\/admin.industriall-union.org\/#website"},"datePublished":"2012-09-25T07:45:13+00:00","dateModified":"2025-02-08T19:28:28+00:00","description":"El acontecimiento se celebr\u00f3 bajo la lluvia en la Plaza Federal, en el centro de Berna. La manifestaci\u00f3n nacional fue organizada por el afiliado a la","breadcrumb":{"@id":"https:\/\/admin.industriall-union.org\/es\/los-sindicatos-suizos-se-manifiestan-para-salvar-empleos-industriales\/#breadcrumb"},"inLanguage":"es-ES","potentialAction":[{"@type":"ReadAction","target":["https:\/\/admin.industriall-union.org\/es\/los-sindicatos-suizos-se-manifiestan-para-salvar-empleos-industriales\/"]}]},{"@type":"BreadcrumbList","@id":"https:\/\/admin.industriall-union.org\/es\/los-sindicatos-suizos-se-manifiestan-para-salvar-empleos-industriales\/#breadcrumb","itemListElement":[{"@type":"ListItem","position":1,"name":"Home","item":"https:\/\/admin.industriall-union.org\/"},{"@type":"ListItem","position":2,"name":"Articles","item":"https:\/\/admin.industriall-union.org\/article\/"},{"@type":"ListItem","position":3,"name":"Los sindicatos suizos se manifiestan para salvar empleos industriales"}]},{"@type":"WebSite","@id":"https:\/\/admin.industriall-union.org\/#website","url":"https:\/\/admin.industriall-union.org\/","name":"industriall-union","description":"","potentialAction":[{"@type":"SearchAction","target":{"@type":"EntryPoint","urlTemplate":"https:\/\/admin.industriall-union.org\/?s={search_term_string}"},"query-input":{"@type":"PropertyValueSpecification","valueRequired":true,"valueName":"search_term_string"}}],"inLanguage":"es-ES"}]}},"_links":{"self":[{"href":"https:\/\/admin.industriall-union.org\/es\/wp-json\/wp\/v2\/article\/175387","targetHints":{"allow":["GET"]}}],"collection":[{"href":"https:\/\/admin.industriall-union.org\/es\/wp-json\/wp\/v2\/article"}],"about":[{"href":"https:\/\/admin.industriall-union.org\/es\/wp-json\/wp\/v2\/types\/article"}],"wp:attachment":[{"href":"https:\/\/admin.industriall-union.org\/es\/wp-json\/wp\/v2\/media?parent=175387"}],"wp:term":[{"taxonomy":"issues","embeddable":true,"href":"https:\/\/admin.industriall-union.org\/es\/wp-json\/wp\/v2\/issues?post=175387"},{"taxonomy":"companies","embeddable":true,"href":"https:\/\/admin.industriall-union.org\/es\/wp-json\/wp\/v2\/companies?post=175387"},{"taxonomy":"regions","embeddable":true,"href":"https:\/\/admin.industriall-union.org\/es\/wp-json\/wp\/v2\/regions?post=175387"},{"taxonomy":"sectors","embeddable":true,"href":"https:\/\/admin.industriall-union.org\/es\/wp-json\/wp\/v2\/sectors?post=175387"},{"taxonomy":"article_tags","embeddable":true,"href":"https:\/\/admin.industriall-union.org\/es\/wp-json\/wp\/v2\/article_tags?post=175387"}],"curies":[{"name":"wp","href":"https:\/\/api.w.org\/{rel}","templated":true}]}}