{"id":175382,"date":"2012-09-26T10:24:34","date_gmt":"2012-09-26T10:24:34","guid":{"rendered":"https:\/\/admin.industriall-union.org\/los-sindicatos-quieren-justicia-en-grupo-mexico\/"},"modified":"2025-02-08T19:27:45","modified_gmt":"2025-02-08T19:27:45","slug":"los-sindicatos-quieren-justicia-en-grupo-mexico","status":"publish","type":"article","link":"https:\/\/admin.industriall-union.org\/es\/los-sindicatos-quieren-justicia-en-grupo-mexico\/","title":{"rendered":"Los sindicatos quieren justicia en Grupo M\u00e9xico"},"content":{"rendered":"<p>Esas acciones formaban parte de una continua campa\u00f1a para establecer relaciones fuertes a trav\u00e9s de las fronteras entre sindicatos que representan a los trabajadores de Grupo M\u00e9xico en todas las operaciones.<\/p><p>&ldquo;Unidos negociamos, divididos rogamos&rdquo; es el eslogan utilizado por los sindicatos. Los sindicatos en la Southern Peru Copper Company (ST-ILO, STTA-Toquepala y SUT-Cuajone), Los Mineros (SNTMMSRM) en M\u00e9xico y el United Steelworkers (USW) en Asarco han unido sus fuerzas para declarar la solidaridad internacional de los trabajadores y los sindicatos en Grupo M\u00e9xico.<\/p><p>La alianza sindical pide que la compa\u00f1\u00eda respete a los trabajadores y a los sindicatos en la totalidad de sus operaciones, y tambi\u00e9n que negocie con Los Mineros, y llegue a una resoluci\u00f3n justa de las huelgas en Cananea, Taxco y Sombrete que comenzaron en 2007.<\/p><p>Los sindicatos en la Southern Peru Copper Company iniciaron sus negociaciones para un nuevo convenio de trabajo en agosto de 2012, pero todav\u00eda no se ha llegado a un acuerdo, que es urgente alcanzar especialmente para mejorar la salud y la seguridad, en vista de la tr\u00e1gica muerte de un sindicalista en la mina Toquepala de Southern Peru en agosto de 2012, adem\u00e1s de otras dos muertes en operaciones de Grupo M\u00e9xico en Per\u00fa en los dos \u00faltimos a\u00f1os.<\/p><p>El 18 de septiembre, como parte de la jornada de acci\u00f3n trinacional, el sindicato Los Mineros celebr\u00f3 una manifestaci\u00f3n ante la sede de la compa\u00f1\u00eda; en Per\u00fa, los sindicatos celebraron manifestaciones y distribuyeron volantes y pegatinas a los trabajadores en la Southern Peru Copper Company (SPCC), y en Estados Unidos, las secciones locales del USW distribuyeron tambi\u00e9n folletos y pegatinas a sus miembros.<\/p>","protected":false},"featured_media":0,"template":"","issues":[402,409,420],"companies":[63],"regions":[275,279,310],"sectors":[495],"article_tags":[505],"class_list":["post-175382","article","type-article","status-publish","hentry","issues-health-and-safety","issues-multinational-companies-mncs","issues-solidarity","companies-grupo-mexico","regions-mexico","regions-peru","regions-usa","sectors-mining","article_tags-collective-bargaining"],"acf":[],"yoast_head":"<!-- This site is optimized with the Yoast SEO Premium plugin v27.1 (Yoast SEO v27.1) - https:\/\/yoast.com\/product\/yoast-seo-premium-wordpress\/ -->\n<title>Los sindicatos quieren justicia en Grupo M\u00e9xico - industriall-union<\/title>\n<meta name=\"description\" content=\"Esas acciones formaban parte de una continua campa\u00f1a para establecer relaciones fuertes a trav\u00e9s de las fronteras entre sindicatos que representan a los\" \/>\n<meta name=\"robots\" content=\"index, follow, max-snippet:-1, max-image-preview:large, max-video-preview:-1\" \/>\n<link rel=\"canonical\" href=\"https:\/\/admin.industriall-union.org\/es\/los-sindicatos-quieren-justicia-en-grupo-mexico\/\" \/>\n<meta property=\"og:locale\" content=\"es_ES\" \/>\n<meta property=\"og:type\" content=\"article\" \/>\n<meta property=\"og:title\" content=\"Los sindicatos quieren justicia en Grupo M\u00e9xico\" \/>\n<meta property=\"og:description\" content=\"Esas acciones formaban parte de una continua campa\u00f1a para establecer relaciones fuertes a trav\u00e9s de las fronteras entre sindicatos que representan a los\" \/>\n<meta property=\"og:url\" content=\"https:\/\/admin.industriall-union.org\/es\/los-sindicatos-quieren-justicia-en-grupo-mexico\/\" \/>\n<meta property=\"og:site_name\" content=\"industriall-union\" \/>\n<meta property=\"article:modified_time\" content=\"2025-02-08T19:27:45+00:00\" \/>\n<meta name=\"twitter:card\" content=\"summary_large_image\" \/>\n<meta name=\"twitter:label1\" content=\"Est. reading time\" \/>\n\t<meta name=\"twitter:data1\" content=\"1 minute\" \/>\n<script type=\"application\/ld+json\" class=\"yoast-schema-graph\">{\"@context\":\"https:\/\/schema.org\",\"@graph\":[{\"@type\":\"WebPage\",\"@id\":\"https:\/\/admin.industriall-union.org\/es\/los-sindicatos-quieren-justicia-en-grupo-mexico\/\",\"url\":\"https:\/\/admin.industriall-union.org\/es\/los-sindicatos-quieren-justicia-en-grupo-mexico\/\",\"name\":\"Los sindicatos quieren justicia en Grupo M\u00e9xico - industriall-union\",\"isPartOf\":{\"@id\":\"https:\/\/admin.industriall-union.org\/#website\"},\"datePublished\":\"2012-09-26T10:24:34+00:00\",\"dateModified\":\"2025-02-08T19:27:45+00:00\",\"description\":\"Esas acciones formaban parte de una continua campa\u00f1a para establecer relaciones fuertes a trav\u00e9s de las fronteras entre sindicatos que representan a los\",\"breadcrumb\":{\"@id\":\"https:\/\/admin.industriall-union.org\/es\/los-sindicatos-quieren-justicia-en-grupo-mexico\/#breadcrumb\"},\"inLanguage\":\"es-ES\",\"potentialAction\":[{\"@type\":\"ReadAction\",\"target\":[\"https:\/\/admin.industriall-union.org\/es\/los-sindicatos-quieren-justicia-en-grupo-mexico\/\"]}]},{\"@type\":\"BreadcrumbList\",\"@id\":\"https:\/\/admin.industriall-union.org\/es\/los-sindicatos-quieren-justicia-en-grupo-mexico\/#breadcrumb\",\"itemListElement\":[{\"@type\":\"ListItem\",\"position\":1,\"name\":\"Home\",\"item\":\"https:\/\/admin.industriall-union.org\/\"},{\"@type\":\"ListItem\",\"position\":2,\"name\":\"Articles\",\"item\":\"https:\/\/admin.industriall-union.org\/article\/\"},{\"@type\":\"ListItem\",\"position\":3,\"name\":\"Los sindicatos quieren justicia en Grupo M\u00e9xico\"}]},{\"@type\":\"WebSite\",\"@id\":\"https:\/\/admin.industriall-union.org\/#website\",\"url\":\"https:\/\/admin.industriall-union.org\/\",\"name\":\"industriall-union\",\"description\":\"\",\"potentialAction\":[{\"@type\":\"SearchAction\",\"target\":{\"@type\":\"EntryPoint\",\"urlTemplate\":\"https:\/\/admin.industriall-union.org\/?s={search_term_string}\"},\"query-input\":{\"@type\":\"PropertyValueSpecification\",\"valueRequired\":true,\"valueName\":\"search_term_string\"}}],\"inLanguage\":\"es-ES\"}]}<\/script>\n<!-- \/ Yoast SEO Premium plugin. -->","yoast_head_json":{"title":"Los sindicatos quieren justicia en Grupo M\u00e9xico - industriall-union","description":"Esas acciones formaban parte de una continua campa\u00f1a para establecer relaciones fuertes a trav\u00e9s de las fronteras entre sindicatos que representan a los","robots":{"index":"index","follow":"follow","max-snippet":"max-snippet:-1","max-image-preview":"max-image-preview:large","max-video-preview":"max-video-preview:-1"},"canonical":"https:\/\/admin.industriall-union.org\/es\/los-sindicatos-quieren-justicia-en-grupo-mexico\/","og_locale":"es_ES","og_type":"article","og_title":"Los sindicatos quieren justicia en Grupo M\u00e9xico","og_description":"Esas acciones formaban parte de una continua campa\u00f1a para establecer relaciones fuertes a trav\u00e9s de las fronteras entre sindicatos que representan a los","og_url":"https:\/\/admin.industriall-union.org\/es\/los-sindicatos-quieren-justicia-en-grupo-mexico\/","og_site_name":"industriall-union","article_modified_time":"2025-02-08T19:27:45+00:00","twitter_card":"summary_large_image","twitter_misc":{"Est. reading time":"1 minute"},"schema":{"@context":"https:\/\/schema.org","@graph":[{"@type":"WebPage","@id":"https:\/\/admin.industriall-union.org\/es\/los-sindicatos-quieren-justicia-en-grupo-mexico\/","url":"https:\/\/admin.industriall-union.org\/es\/los-sindicatos-quieren-justicia-en-grupo-mexico\/","name":"Los sindicatos quieren justicia en Grupo M\u00e9xico - industriall-union","isPartOf":{"@id":"https:\/\/admin.industriall-union.org\/#website"},"datePublished":"2012-09-26T10:24:34+00:00","dateModified":"2025-02-08T19:27:45+00:00","description":"Esas acciones formaban parte de una continua campa\u00f1a para establecer relaciones fuertes a trav\u00e9s de las fronteras entre sindicatos que representan a los","breadcrumb":{"@id":"https:\/\/admin.industriall-union.org\/es\/los-sindicatos-quieren-justicia-en-grupo-mexico\/#breadcrumb"},"inLanguage":"es-ES","potentialAction":[{"@type":"ReadAction","target":["https:\/\/admin.industriall-union.org\/es\/los-sindicatos-quieren-justicia-en-grupo-mexico\/"]}]},{"@type":"BreadcrumbList","@id":"https:\/\/admin.industriall-union.org\/es\/los-sindicatos-quieren-justicia-en-grupo-mexico\/#breadcrumb","itemListElement":[{"@type":"ListItem","position":1,"name":"Home","item":"https:\/\/admin.industriall-union.org\/"},{"@type":"ListItem","position":2,"name":"Articles","item":"https:\/\/admin.industriall-union.org\/article\/"},{"@type":"ListItem","position":3,"name":"Los sindicatos quieren justicia en Grupo M\u00e9xico"}]},{"@type":"WebSite","@id":"https:\/\/admin.industriall-union.org\/#website","url":"https:\/\/admin.industriall-union.org\/","name":"industriall-union","description":"","potentialAction":[{"@type":"SearchAction","target":{"@type":"EntryPoint","urlTemplate":"https:\/\/admin.industriall-union.org\/?s={search_term_string}"},"query-input":{"@type":"PropertyValueSpecification","valueRequired":true,"valueName":"search_term_string"}}],"inLanguage":"es-ES"}]}},"_links":{"self":[{"href":"https:\/\/admin.industriall-union.org\/es\/wp-json\/wp\/v2\/article\/175382","targetHints":{"allow":["GET"]}}],"collection":[{"href":"https:\/\/admin.industriall-union.org\/es\/wp-json\/wp\/v2\/article"}],"about":[{"href":"https:\/\/admin.industriall-union.org\/es\/wp-json\/wp\/v2\/types\/article"}],"wp:attachment":[{"href":"https:\/\/admin.industriall-union.org\/es\/wp-json\/wp\/v2\/media?parent=175382"}],"wp:term":[{"taxonomy":"issues","embeddable":true,"href":"https:\/\/admin.industriall-union.org\/es\/wp-json\/wp\/v2\/issues?post=175382"},{"taxonomy":"companies","embeddable":true,"href":"https:\/\/admin.industriall-union.org\/es\/wp-json\/wp\/v2\/companies?post=175382"},{"taxonomy":"regions","embeddable":true,"href":"https:\/\/admin.industriall-union.org\/es\/wp-json\/wp\/v2\/regions?post=175382"},{"taxonomy":"sectors","embeddable":true,"href":"https:\/\/admin.industriall-union.org\/es\/wp-json\/wp\/v2\/sectors?post=175382"},{"taxonomy":"article_tags","embeddable":true,"href":"https:\/\/admin.industriall-union.org\/es\/wp-json\/wp\/v2\/article_tags?post=175382"}],"curies":[{"name":"wp","href":"https:\/\/api.w.org\/{rel}","templated":true}]}}