{"id":175379,"date":"2012-09-27T10:25:26","date_gmt":"2012-09-27T10:25:26","guid":{"rendered":"https:\/\/admin.industriall-union.org\/gerdau-continua-despidiendo-trabajadores-en-colombia\/"},"modified":"2025-02-08T19:26:55","modified_gmt":"2025-02-08T19:26:55","slug":"gerdau-continua-despidiendo-trabajadores-en-colombia","status":"publish","type":"article","link":"https:\/\/admin.industriall-union.org\/es\/gerdau-continua-despidiendo-trabajadores-en-colombia\/","title":{"rendered":"Gerdau continua despidiendo trabajadores en Colombia."},"content":{"rendered":"<div>La semana pasada el Comit\u00e9 Mundial de Trabaajdores de Gerdau y Sintrametal (sindicato de los trabajadores de Gerdau en Colombia) realiz\u00f3 gestiones frente al gobierno para detener la ola de despidos iniciada por Gerdau.<\/div><div>&nbsp;<\/div><div>Mientras la reuniones se llevaban a cabo en Bogot\u00e1, Gerdau procedi\u00f3 a despedir tres trabajadores m\u00e1s en la planta ubicada en Tuta.&nbsp;La respuesta del sindicato no se hizo esperar. El lunes por la ma\u00f1ana, a la hora de entrada, se impidi\u00f3 la entrada de los autobuses y se realiz\u00f3 una asamblea en la calle, parando el tr\u00e1fico adem\u00e1s de impedir la entrada de los trabajadores.<\/div><div>&nbsp;<\/div><div>Como resultado, el gerente de planta pidi\u00f3 una reuni\u00f3n con el sindicato y se comprometi\u00f3 a no despedir m\u00e1s trabajadores en su planta. Juntamente, el Director de Gerdau para Colombia, Carlos Hamilton, se comprometi\u00f3 a reunirse con el sindicato para discutir la situaci\u00f3n en todas las plantas y la aplicabilidad de la convenci\u00f3n colectiva de la planta de Tuta a todas la plantas de Gerdau en Colombia.<\/div><div>&nbsp;<\/div><div>La ley colombiana reconoce la aplicabilidad de una convenci\u00f3n a otras plantas de la misma empresa bajo la figura de &ldquo;unidad de empresa.&rdquo;<\/div>","protected":false},"featured_media":0,"template":"","issues":[396,425],"companies":[59],"regions":[264],"sectors":[481],"article_tags":[],"class_list":["post-175379","article","type-article","status-publish","hentry","issues-building-strong-unions","issues-workers-rights","companies-gerdau","regions-colombia","sectors-base-metals"],"acf":[],"yoast_head":"<!-- This site is optimized with the Yoast SEO Premium plugin v27.1 (Yoast SEO v27.1) - https:\/\/yoast.com\/product\/yoast-seo-premium-wordpress\/ -->\n<title>Gerdau continua despidiendo trabajadores en Colombia. - industriall-union<\/title>\n<meta name=\"description\" content=\"La semana pasada el Comit\u00e9 Mundial de Trabaajdores de Gerdau y Sintrametal (sindicato de los trabajadores de Gerdau en Colombia) realiz\u00f3 gestiones frente\" \/>\n<meta name=\"robots\" content=\"index, follow, max-snippet:-1, max-image-preview:large, max-video-preview:-1\" \/>\n<link rel=\"canonical\" href=\"https:\/\/admin.industriall-union.org\/es\/gerdau-continua-despidiendo-trabajadores-en-colombia\/\" \/>\n<meta property=\"og:locale\" content=\"es_ES\" \/>\n<meta property=\"og:type\" content=\"article\" \/>\n<meta property=\"og:title\" content=\"Gerdau continua despidiendo trabajadores en Colombia.\" \/>\n<meta property=\"og:description\" content=\"La semana pasada el Comit\u00e9 Mundial de Trabaajdores de Gerdau y Sintrametal (sindicato de los trabajadores de Gerdau en Colombia) realiz\u00f3 gestiones frente\" \/>\n<meta property=\"og:url\" content=\"https:\/\/admin.industriall-union.org\/es\/gerdau-continua-despidiendo-trabajadores-en-colombia\/\" \/>\n<meta property=\"og:site_name\" content=\"industriall-union\" \/>\n<meta property=\"article:modified_time\" content=\"2025-02-08T19:26:55+00:00\" \/>\n<meta name=\"twitter:card\" content=\"summary_large_image\" \/>\n<meta name=\"twitter:label1\" content=\"Est. reading time\" \/>\n\t<meta name=\"twitter:data1\" content=\"1 minute\" \/>\n<script type=\"application\/ld+json\" class=\"yoast-schema-graph\">{\"@context\":\"https:\/\/schema.org\",\"@graph\":[{\"@type\":\"WebPage\",\"@id\":\"https:\/\/admin.industriall-union.org\/es\/gerdau-continua-despidiendo-trabajadores-en-colombia\/\",\"url\":\"https:\/\/admin.industriall-union.org\/es\/gerdau-continua-despidiendo-trabajadores-en-colombia\/\",\"name\":\"Gerdau continua despidiendo trabajadores en Colombia. - industriall-union\",\"isPartOf\":{\"@id\":\"https:\/\/admin.industriall-union.org\/#website\"},\"datePublished\":\"2012-09-27T10:25:26+00:00\",\"dateModified\":\"2025-02-08T19:26:55+00:00\",\"description\":\"La semana pasada el Comit\u00e9 Mundial de Trabaajdores de Gerdau y Sintrametal (sindicato de los trabajadores de Gerdau en Colombia) realiz\u00f3 gestiones frente\",\"breadcrumb\":{\"@id\":\"https:\/\/admin.industriall-union.org\/es\/gerdau-continua-despidiendo-trabajadores-en-colombia\/#breadcrumb\"},\"inLanguage\":\"es-ES\",\"potentialAction\":[{\"@type\":\"ReadAction\",\"target\":[\"https:\/\/admin.industriall-union.org\/es\/gerdau-continua-despidiendo-trabajadores-en-colombia\/\"]}]},{\"@type\":\"BreadcrumbList\",\"@id\":\"https:\/\/admin.industriall-union.org\/es\/gerdau-continua-despidiendo-trabajadores-en-colombia\/#breadcrumb\",\"itemListElement\":[{\"@type\":\"ListItem\",\"position\":1,\"name\":\"Home\",\"item\":\"https:\/\/admin.industriall-union.org\/\"},{\"@type\":\"ListItem\",\"position\":2,\"name\":\"Articles\",\"item\":\"https:\/\/admin.industriall-union.org\/article\/\"},{\"@type\":\"ListItem\",\"position\":3,\"name\":\"Gerdau continua despidiendo trabajadores en Colombia.\"}]},{\"@type\":\"WebSite\",\"@id\":\"https:\/\/admin.industriall-union.org\/#website\",\"url\":\"https:\/\/admin.industriall-union.org\/\",\"name\":\"industriall-union\",\"description\":\"\",\"potentialAction\":[{\"@type\":\"SearchAction\",\"target\":{\"@type\":\"EntryPoint\",\"urlTemplate\":\"https:\/\/admin.industriall-union.org\/?s={search_term_string}\"},\"query-input\":{\"@type\":\"PropertyValueSpecification\",\"valueRequired\":true,\"valueName\":\"search_term_string\"}}],\"inLanguage\":\"es-ES\"}]}<\/script>\n<!-- \/ Yoast SEO Premium plugin. -->","yoast_head_json":{"title":"Gerdau continua despidiendo trabajadores en Colombia. - industriall-union","description":"La semana pasada el Comit\u00e9 Mundial de Trabaajdores de Gerdau y Sintrametal (sindicato de los trabajadores de Gerdau en Colombia) realiz\u00f3 gestiones frente","robots":{"index":"index","follow":"follow","max-snippet":"max-snippet:-1","max-image-preview":"max-image-preview:large","max-video-preview":"max-video-preview:-1"},"canonical":"https:\/\/admin.industriall-union.org\/es\/gerdau-continua-despidiendo-trabajadores-en-colombia\/","og_locale":"es_ES","og_type":"article","og_title":"Gerdau continua despidiendo trabajadores en Colombia.","og_description":"La semana pasada el Comit\u00e9 Mundial de Trabaajdores de Gerdau y Sintrametal (sindicato de los trabajadores de Gerdau en Colombia) realiz\u00f3 gestiones frente","og_url":"https:\/\/admin.industriall-union.org\/es\/gerdau-continua-despidiendo-trabajadores-en-colombia\/","og_site_name":"industriall-union","article_modified_time":"2025-02-08T19:26:55+00:00","twitter_card":"summary_large_image","twitter_misc":{"Est. reading time":"1 minute"},"schema":{"@context":"https:\/\/schema.org","@graph":[{"@type":"WebPage","@id":"https:\/\/admin.industriall-union.org\/es\/gerdau-continua-despidiendo-trabajadores-en-colombia\/","url":"https:\/\/admin.industriall-union.org\/es\/gerdau-continua-despidiendo-trabajadores-en-colombia\/","name":"Gerdau continua despidiendo trabajadores en Colombia. - industriall-union","isPartOf":{"@id":"https:\/\/admin.industriall-union.org\/#website"},"datePublished":"2012-09-27T10:25:26+00:00","dateModified":"2025-02-08T19:26:55+00:00","description":"La semana pasada el Comit\u00e9 Mundial de Trabaajdores de Gerdau y Sintrametal (sindicato de los trabajadores de Gerdau en Colombia) realiz\u00f3 gestiones frente","breadcrumb":{"@id":"https:\/\/admin.industriall-union.org\/es\/gerdau-continua-despidiendo-trabajadores-en-colombia\/#breadcrumb"},"inLanguage":"es-ES","potentialAction":[{"@type":"ReadAction","target":["https:\/\/admin.industriall-union.org\/es\/gerdau-continua-despidiendo-trabajadores-en-colombia\/"]}]},{"@type":"BreadcrumbList","@id":"https:\/\/admin.industriall-union.org\/es\/gerdau-continua-despidiendo-trabajadores-en-colombia\/#breadcrumb","itemListElement":[{"@type":"ListItem","position":1,"name":"Home","item":"https:\/\/admin.industriall-union.org\/"},{"@type":"ListItem","position":2,"name":"Articles","item":"https:\/\/admin.industriall-union.org\/article\/"},{"@type":"ListItem","position":3,"name":"Gerdau continua despidiendo trabajadores en Colombia."}]},{"@type":"WebSite","@id":"https:\/\/admin.industriall-union.org\/#website","url":"https:\/\/admin.industriall-union.org\/","name":"industriall-union","description":"","potentialAction":[{"@type":"SearchAction","target":{"@type":"EntryPoint","urlTemplate":"https:\/\/admin.industriall-union.org\/?s={search_term_string}"},"query-input":{"@type":"PropertyValueSpecification","valueRequired":true,"valueName":"search_term_string"}}],"inLanguage":"es-ES"}]}},"_links":{"self":[{"href":"https:\/\/admin.industriall-union.org\/es\/wp-json\/wp\/v2\/article\/175379","targetHints":{"allow":["GET"]}}],"collection":[{"href":"https:\/\/admin.industriall-union.org\/es\/wp-json\/wp\/v2\/article"}],"about":[{"href":"https:\/\/admin.industriall-union.org\/es\/wp-json\/wp\/v2\/types\/article"}],"wp:attachment":[{"href":"https:\/\/admin.industriall-union.org\/es\/wp-json\/wp\/v2\/media?parent=175379"}],"wp:term":[{"taxonomy":"issues","embeddable":true,"href":"https:\/\/admin.industriall-union.org\/es\/wp-json\/wp\/v2\/issues?post=175379"},{"taxonomy":"companies","embeddable":true,"href":"https:\/\/admin.industriall-union.org\/es\/wp-json\/wp\/v2\/companies?post=175379"},{"taxonomy":"regions","embeddable":true,"href":"https:\/\/admin.industriall-union.org\/es\/wp-json\/wp\/v2\/regions?post=175379"},{"taxonomy":"sectors","embeddable":true,"href":"https:\/\/admin.industriall-union.org\/es\/wp-json\/wp\/v2\/sectors?post=175379"},{"taxonomy":"article_tags","embeddable":true,"href":"https:\/\/admin.industriall-union.org\/es\/wp-json\/wp\/v2\/article_tags?post=175379"}],"curies":[{"name":"wp","href":"https:\/\/api.w.org\/{rel}","templated":true}]}}