{"id":175372,"date":"2012-09-27T13:13:24","date_gmt":"2012-09-27T13:13:24","guid":{"rendered":"https:\/\/admin.industriall-union.org\/con-los-nuevos-productos-de-apple-aumenta-la-presion-sobre-los-trabajadores-de-foxconn\/"},"modified":"2025-02-08T19:25:50","modified_gmt":"2025-02-08T19:25:50","slug":"con-los-nuevos-productos-de-apple-aumenta-la-presion-sobre-los-trabajadores-de-foxconn","status":"publish","type":"article","link":"https:\/\/admin.industriall-union.org\/es\/con-los-nuevos-productos-de-apple-aumenta-la-presion-sobre-los-trabajadores-de-foxconn\/","title":{"rendered":"Con los nuevos productos de Apple aumenta la presi\u00f3n sobre los trabajadores de Foxconn"},"content":{"rendered":"<p>Seg\u00fan se informa, las tensiones comenzaron el 23 de septiembre como consecuencia de un uso excesivo de la fuerza por los guardas contra los trabajadores. M\u00e1s de 2.000 personas intervinieron en las luchas; hubo 40 hospitalizadas y se suspendi\u00f3 la producci\u00f3n. Los altos cargos de la compa\u00f1\u00eda niegan que los guardas participaran en el conflicto, pero pidieron m\u00e1s fuerzas al gobierno para prevenir nuevos disturbios.<\/p><p>El 29 de marzo de 2012 Apple declar\u00f3 p\u00fablicamente que cumpl\u00eda las condiciones de trabajo en f\u00e1bricas de la cadena de suministro china que construye iPhones, iPods e iPads. Anteriormente, Apple contrat\u00f3 a la Asociaci\u00f3n de Justicia Laboral (FLA) a fin de que realizara una auditor\u00eda en su cadena de proveedores. En su informe (<a href=\"\/wp-content\/documents\/reports\/foxconn_verification_report_final.pdf\">\/wp-content\/documents\/reports\/foxconn_verification_report_final.pdf<\/a>) de agosto de 2012, la FLA hizo referencia a r\u00e1pidas mejoras en las empresas de Foxconn en China desde sus \u00faltimas misiones, en julio, incluidas mejoras en el tiempo de trabajo y los salarios.<\/p><p>Sin embargo, una serie de testimonios <a href=\"http:\/\/chinalaborwatch.org\/news\/new-422.html\">http:\/\/chinalaborwatch.org\/news\/new-422.html<\/a> reunidos por la red de activistas China Labor Watch (CLW), de trabajadores de Foxconn y publicados pocos d\u00edas antes de los disturbios en la factor\u00eda de Taiyuan, &nbsp;revelaron que no hab\u00eda habido cambios en las condiciones de los trabajadores; muchos afirman que han de efectuar m\u00e1s horas extraordinarias, a veces el doble o el triple de lo legalmente autorizado en China, para cumplir los plazos de Apple.<\/p><p>De acuerdo con esas informaciones,&nbsp; el sueldo de los trabajadores sigue siendo inadecuado y no compensa plenamente las muchas horas extraordinarias de trabajo que se les imponen. Muchos informan de la violenta actitud de los guardas con respecto a los trabajadores.<\/p><p>Anteriormente, la FITIM (ahora IndustriALL Global Union) y la Confederaci\u00f3n Sindical Internacional (CSI), Good Electronics, MakeITFair y Students &amp; Scholars Against Corporate Misbehaviour (SACOM) expresaron grandes preocupaciones sobre la capacidad de la FLA para hacer auditor\u00edas en los establecimientos de Foxconn en China sin la participaci\u00f3n de sindicatos independientes para expresar las preocupaciones de los trabajadores &quot;<a href=\"http:\/\/www.imfmetal.org\/files\/12032217085966\/Give_Apple_workers_a_voice.pdf\" target=\"_blank\">Give Apple workers a voice in their future<\/a>&quot; ( Dar voz a los trabajadores de Apple sobre su futuro).<\/p><p>El reciente informe de SACOM (v\u00e9ase el enlace <a href=\"http:\/\/sacom.hk\/archives\/960\">http:\/\/sacom.hk\/archives\/960<\/a>) publicado un d\u00eda antes del lanzamiento oficial del iPhone 5 confirma una vez m\u00e1s esas preocupaciones. SACOM entrevist\u00f3 a 60 trabajadores en Zhengzhou, que informaron con detalle de continuos problemas en la planta de Foxconn.<\/p><p>En vista de sus terribles antecedentes sobre relaciones de trabajo, afiliados indonesios de la IndustriALL <a href=\"\/\/www.globalpost.com\/dispatch\/news\/regions\/asia-pacific\/indonesia\/120904\/foxconn-moves-indonesia-worrying-labor-groups\">expresan inquietudes sobre los recientes anuncios de Foxconn de establecer producci\u00f3n en Indonesia<\/a>.<\/p><p>&ldquo;Creemos que quieren utilizar trabajadores subcontratados, y no cumplir la legislaci\u00f3n laboral&rdquo;, dice Said Iqbal, presidente de la Confederaci\u00f3n de Sindicatos Indonesios (KSPI).<\/p>","protected":false},"featured_media":0,"template":"","issues":[422,409,412,425],"companies":[11,52],"regions":[163],"sectors":[492,493,490],"article_tags":[],"class_list":["post-175372","article","type-article","status-publish","hentry","issues-human-trade-union-rights","issues-multinational-companies-mncs","issues-social-justice-and-globalization","issues-workers-rights","companies-apple","companies-foxconn","regions-china","sectors-electronics","sectors-ict","sectors-ict-electrical-and-electronics"],"acf":[],"yoast_head":"<!-- This site is optimized with the Yoast SEO Premium plugin v27.1 (Yoast SEO v27.1) - https:\/\/yoast.com\/product\/yoast-seo-premium-wordpress\/ -->\n<title>Con los nuevos productos de Apple aumenta la presi\u00f3n sobre los trabajadores de Foxconn - industriall-union<\/title>\n<meta name=\"description\" content=\"Seg\u00fan se informa, las tensiones comenzaron el 23 de septiembre como consecuencia de un uso excesivo de la fuerza por los guardas contra los trabajadores.\" \/>\n<meta name=\"robots\" content=\"index, follow, max-snippet:-1, max-image-preview:large, max-video-preview:-1\" \/>\n<link rel=\"canonical\" href=\"https:\/\/admin.industriall-union.org\/es\/con-los-nuevos-productos-de-apple-aumenta-la-presion-sobre-los-trabajadores-de-foxconn\/\" \/>\n<meta property=\"og:locale\" content=\"es_ES\" \/>\n<meta property=\"og:type\" content=\"article\" \/>\n<meta property=\"og:title\" content=\"Con los nuevos productos de Apple aumenta la presi\u00f3n sobre los trabajadores de Foxconn\" \/>\n<meta property=\"og:description\" content=\"Seg\u00fan se informa, las tensiones comenzaron el 23 de septiembre como consecuencia de un uso excesivo de la fuerza por los guardas contra los trabajadores.\" \/>\n<meta property=\"og:url\" content=\"https:\/\/admin.industriall-union.org\/es\/con-los-nuevos-productos-de-apple-aumenta-la-presion-sobre-los-trabajadores-de-foxconn\/\" \/>\n<meta property=\"og:site_name\" content=\"industriall-union\" \/>\n<meta property=\"article:modified_time\" content=\"2025-02-08T19:25:50+00:00\" \/>\n<meta name=\"twitter:card\" content=\"summary_large_image\" \/>\n<meta name=\"twitter:label1\" content=\"Est. reading time\" \/>\n\t<meta name=\"twitter:data1\" content=\"2 minutes\" \/>\n<script type=\"application\/ld+json\" class=\"yoast-schema-graph\">{\"@context\":\"https:\/\/schema.org\",\"@graph\":[{\"@type\":\"WebPage\",\"@id\":\"https:\/\/admin.industriall-union.org\/es\/con-los-nuevos-productos-de-apple-aumenta-la-presion-sobre-los-trabajadores-de-foxconn\/\",\"url\":\"https:\/\/admin.industriall-union.org\/es\/con-los-nuevos-productos-de-apple-aumenta-la-presion-sobre-los-trabajadores-de-foxconn\/\",\"name\":\"Con los nuevos productos de Apple aumenta la presi\u00f3n sobre los trabajadores de Foxconn - industriall-union\",\"isPartOf\":{\"@id\":\"https:\/\/admin.industriall-union.org\/#website\"},\"datePublished\":\"2012-09-27T13:13:24+00:00\",\"dateModified\":\"2025-02-08T19:25:50+00:00\",\"description\":\"Seg\u00fan se informa, las tensiones comenzaron el 23 de septiembre como consecuencia de un uso excesivo de la fuerza por los guardas contra los trabajadores.\",\"breadcrumb\":{\"@id\":\"https:\/\/admin.industriall-union.org\/es\/con-los-nuevos-productos-de-apple-aumenta-la-presion-sobre-los-trabajadores-de-foxconn\/#breadcrumb\"},\"inLanguage\":\"es-ES\",\"potentialAction\":[{\"@type\":\"ReadAction\",\"target\":[\"https:\/\/admin.industriall-union.org\/es\/con-los-nuevos-productos-de-apple-aumenta-la-presion-sobre-los-trabajadores-de-foxconn\/\"]}]},{\"@type\":\"BreadcrumbList\",\"@id\":\"https:\/\/admin.industriall-union.org\/es\/con-los-nuevos-productos-de-apple-aumenta-la-presion-sobre-los-trabajadores-de-foxconn\/#breadcrumb\",\"itemListElement\":[{\"@type\":\"ListItem\",\"position\":1,\"name\":\"Home\",\"item\":\"https:\/\/admin.industriall-union.org\/\"},{\"@type\":\"ListItem\",\"position\":2,\"name\":\"Articles\",\"item\":\"https:\/\/admin.industriall-union.org\/article\/\"},{\"@type\":\"ListItem\",\"position\":3,\"name\":\"Con los nuevos productos de Apple aumenta la presi\u00f3n sobre los trabajadores de Foxconn\"}]},{\"@type\":\"WebSite\",\"@id\":\"https:\/\/admin.industriall-union.org\/#website\",\"url\":\"https:\/\/admin.industriall-union.org\/\",\"name\":\"industriall-union\",\"description\":\"\",\"potentialAction\":[{\"@type\":\"SearchAction\",\"target\":{\"@type\":\"EntryPoint\",\"urlTemplate\":\"https:\/\/admin.industriall-union.org\/?s={search_term_string}\"},\"query-input\":{\"@type\":\"PropertyValueSpecification\",\"valueRequired\":true,\"valueName\":\"search_term_string\"}}],\"inLanguage\":\"es-ES\"}]}<\/script>\n<!-- \/ Yoast SEO Premium plugin. -->","yoast_head_json":{"title":"Con los nuevos productos de Apple aumenta la presi\u00f3n sobre los trabajadores de Foxconn - industriall-union","description":"Seg\u00fan se informa, las tensiones comenzaron el 23 de septiembre como consecuencia de un uso excesivo de la fuerza por los guardas contra los trabajadores.","robots":{"index":"index","follow":"follow","max-snippet":"max-snippet:-1","max-image-preview":"max-image-preview:large","max-video-preview":"max-video-preview:-1"},"canonical":"https:\/\/admin.industriall-union.org\/es\/con-los-nuevos-productos-de-apple-aumenta-la-presion-sobre-los-trabajadores-de-foxconn\/","og_locale":"es_ES","og_type":"article","og_title":"Con los nuevos productos de Apple aumenta la presi\u00f3n sobre los trabajadores de Foxconn","og_description":"Seg\u00fan se informa, las tensiones comenzaron el 23 de septiembre como consecuencia de un uso excesivo de la fuerza por los guardas contra los trabajadores.","og_url":"https:\/\/admin.industriall-union.org\/es\/con-los-nuevos-productos-de-apple-aumenta-la-presion-sobre-los-trabajadores-de-foxconn\/","og_site_name":"industriall-union","article_modified_time":"2025-02-08T19:25:50+00:00","twitter_card":"summary_large_image","twitter_misc":{"Est. reading time":"2 minutes"},"schema":{"@context":"https:\/\/schema.org","@graph":[{"@type":"WebPage","@id":"https:\/\/admin.industriall-union.org\/es\/con-los-nuevos-productos-de-apple-aumenta-la-presion-sobre-los-trabajadores-de-foxconn\/","url":"https:\/\/admin.industriall-union.org\/es\/con-los-nuevos-productos-de-apple-aumenta-la-presion-sobre-los-trabajadores-de-foxconn\/","name":"Con los nuevos productos de Apple aumenta la presi\u00f3n sobre los trabajadores de Foxconn - industriall-union","isPartOf":{"@id":"https:\/\/admin.industriall-union.org\/#website"},"datePublished":"2012-09-27T13:13:24+00:00","dateModified":"2025-02-08T19:25:50+00:00","description":"Seg\u00fan se informa, las tensiones comenzaron el 23 de septiembre como consecuencia de un uso excesivo de la fuerza por los guardas contra los trabajadores.","breadcrumb":{"@id":"https:\/\/admin.industriall-union.org\/es\/con-los-nuevos-productos-de-apple-aumenta-la-presion-sobre-los-trabajadores-de-foxconn\/#breadcrumb"},"inLanguage":"es-ES","potentialAction":[{"@type":"ReadAction","target":["https:\/\/admin.industriall-union.org\/es\/con-los-nuevos-productos-de-apple-aumenta-la-presion-sobre-los-trabajadores-de-foxconn\/"]}]},{"@type":"BreadcrumbList","@id":"https:\/\/admin.industriall-union.org\/es\/con-los-nuevos-productos-de-apple-aumenta-la-presion-sobre-los-trabajadores-de-foxconn\/#breadcrumb","itemListElement":[{"@type":"ListItem","position":1,"name":"Home","item":"https:\/\/admin.industriall-union.org\/"},{"@type":"ListItem","position":2,"name":"Articles","item":"https:\/\/admin.industriall-union.org\/article\/"},{"@type":"ListItem","position":3,"name":"Con los nuevos productos de Apple aumenta la presi\u00f3n sobre los trabajadores de Foxconn"}]},{"@type":"WebSite","@id":"https:\/\/admin.industriall-union.org\/#website","url":"https:\/\/admin.industriall-union.org\/","name":"industriall-union","description":"","potentialAction":[{"@type":"SearchAction","target":{"@type":"EntryPoint","urlTemplate":"https:\/\/admin.industriall-union.org\/?s={search_term_string}"},"query-input":{"@type":"PropertyValueSpecification","valueRequired":true,"valueName":"search_term_string"}}],"inLanguage":"es-ES"}]}},"_links":{"self":[{"href":"https:\/\/admin.industriall-union.org\/es\/wp-json\/wp\/v2\/article\/175372","targetHints":{"allow":["GET"]}}],"collection":[{"href":"https:\/\/admin.industriall-union.org\/es\/wp-json\/wp\/v2\/article"}],"about":[{"href":"https:\/\/admin.industriall-union.org\/es\/wp-json\/wp\/v2\/types\/article"}],"wp:attachment":[{"href":"https:\/\/admin.industriall-union.org\/es\/wp-json\/wp\/v2\/media?parent=175372"}],"wp:term":[{"taxonomy":"issues","embeddable":true,"href":"https:\/\/admin.industriall-union.org\/es\/wp-json\/wp\/v2\/issues?post=175372"},{"taxonomy":"companies","embeddable":true,"href":"https:\/\/admin.industriall-union.org\/es\/wp-json\/wp\/v2\/companies?post=175372"},{"taxonomy":"regions","embeddable":true,"href":"https:\/\/admin.industriall-union.org\/es\/wp-json\/wp\/v2\/regions?post=175372"},{"taxonomy":"sectors","embeddable":true,"href":"https:\/\/admin.industriall-union.org\/es\/wp-json\/wp\/v2\/sectors?post=175372"},{"taxonomy":"article_tags","embeddable":true,"href":"https:\/\/admin.industriall-union.org\/es\/wp-json\/wp\/v2\/article_tags?post=175372"}],"curies":[{"name":"wp","href":"https:\/\/api.w.org\/{rel}","templated":true}]}}