{"id":175305,"date":"2012-10-09T15:00:26","date_gmt":"2012-10-09T15:00:26","guid":{"rendered":"https:\/\/admin.industriall-union.org\/el-parlamento-turco-debate-legislacion-sindical-sin-verdaderos-derechos\/"},"modified":"2025-02-08T19:02:05","modified_gmt":"2025-02-08T19:02:05","slug":"el-parlamento-turco-debate-legislacion-sindical-sin-verdaderos-derechos","status":"publish","type":"article","link":"https:\/\/admin.industriall-union.org\/es\/el-parlamento-turco-debate-legislacion-sindical-sin-verdaderos-derechos\/","title":{"rendered":"El Parlamento turco debate legislaci\u00f3n sindical sin verdaderos derechos"},"content":{"rendered":"<p>ACTUALIZACI\u00d3N:<\/p><p>Los sindicatos turcos, entre ellos afiliados a la IndustriALL Global Union, marcharon y se manifestaron ante el Parlamento turco el 9 de octubre en la capital, Ankara, protestando contra el proyecto de legislaci\u00f3n sindical, y reivindicando una legislaci\u00f3n con verdaderos derechos y libertades. Sin embargo, a miles de manifestantes procedentes de diversas ciudades de Turqu\u00eda en representaci\u00f3n de sindicatos de centros nacionales de Turk-Is y &nbsp;DISK no se les permiti\u00f3 acercarse al Parlamento, al bloquear las fuerzas de polic\u00eda todas las carreteras adyacentes. Al insistir los manifestantes en continuar su marcha, las fuerzas de seguridad actuaron despiadadamente, utilizando gases lacrim\u00f3genos y agua a presi\u00f3n para dispersar a la muchedumbre. Muchas personas, incluido un miembro del Parlamento que se uni\u00f3 al grupo, fueron hospitalizadas debido a los fuertes efectos de los gases lacrim\u00f3genos. Tras m\u00e1s de una hora de batalla, los l\u00edderes sindicales hicieron una declaraci\u00f3n a la prensa frente a la barricada de la polic\u00eda, protestando por la violencia y la intimidaci\u00f3n contra los manifestantes.<\/p><p>Debido a las claras y constantes violaciones de los derechos sindicales, Turqu\u00eda es con frecuencia objeto de la acci\u00f3n de la IndustriALL Global Union. Uno de los principales factores es la legislaci\u00f3n antilaboral y antisindical que infringe claramente los convenios fundamentales de la Organizaci\u00f3n Internacional del Trabajo (OIT).<\/p><p>Las discusiones sobre modificaciones de la legislaci\u00f3n sindical comenzaron el a\u00f1o pasado, y el movimiento sindical mundial, incluidos los fundadores de la IndustriALL, enviaron una carta conjunta al primer ministro turco, Recep Tayyip Erdogan, inst\u00e1ndole a que introduzca los cambios necesarios de manera que el nuevo proyecto de ley cumpla las normas internacionales. Adem\u00e1s, la OIT public\u00f3 un memor\u00e1ndum por entender que una serie de puntos de las enmiendas propuestas est\u00e1n en clara contradicci\u00f3n con los convenios fundamentales sobre libertad sindical y negociaci\u00f3n colectiva.<\/p><p>Adem\u00e1s de violaciones regulares de casos de libertad sindical, este a\u00f1o, durante m\u00e1s de diez meses, sindicatos turcos no pueden ejercer sus derechos de negociaci\u00f3n colectiva, y la IndustriALL Global Union <a href=\"http:\/\/www.industriall-union.org\/es\/la-industriall-lleva-a-la-oit-la-suspension-de-facto-de-los-derechos-de-negociacion-en-turquia\">present\u00f3 una queja contra el Gobierno turco en la OIT<\/a>.<\/p><p>Despu\u00e9s de iniciar su per\u00edodo de sesiones oficial a comienzos de octubre, el Parlamento turco empez\u00f3 a discutir la nueva legislaci\u00f3n sindical, pero la IndustriALL Global Union cree que dista mucho de cumplir las normas internacionales del trabajo.<\/p><p>En una carta al primer ministro turco, Recep Tayyip Erdogan, el secretario general de la IndustriALL, Jyrki Raina, dijo: &ldquo;La Ley de relaciones colectivas de trabajo que se debate en el Parlamento no abarca el libre ejercicio de derechos sindicales fundamentales, el derecho de sindicaci\u00f3n, el derecho de negociaci\u00f3n colectiva y el derecho de huelga, y sus disposiciones quebrantan las normas de la OIT y de la UE. Le instamos firmemente a que haga las revisiones necesarias en el proyecto de ley dialogando con todo el movimiento sindical de Turqu\u00eda.&rdquo;<\/p><p>Los sindicatos turcos, entre ellos afiliados a la IndustriALL Global Union, marchan y se manifiestan ante el Parlamento turco el 9 de octubre en la capital, Ankara, protestando contra el proyecto de legislaci\u00f3n sindical, y reivindicando una legislaci\u00f3n con verdaderos derechos y libertades.<\/p>","protected":false},"featured_media":0,"template":"","issues":[422,423],"companies":[],"regions":[250],"sectors":[],"article_tags":[513],"class_list":["post-175305","article","type-article","status-publish","hentry","issues-human-trade-union-rights","issues-ilo-watch","regions-turkiye","article_tags-labour-laws"],"acf":[],"yoast_head":"<!-- This site is optimized with the Yoast SEO Premium plugin v27.1 (Yoast SEO v27.1) - https:\/\/yoast.com\/product\/yoast-seo-premium-wordpress\/ -->\n<title>El Parlamento turco debate legislaci\u00f3n sindical sin verdaderos derechos - industriall-union<\/title>\n<meta name=\"description\" content=\"ACTUALIZACI\u00d3N:Los sindicatos turcos, entre ellos afiliados a la IndustriALL Global Union, marcharon y se manifestaron ante el Parlamento turco el 9 de\" \/>\n<meta name=\"robots\" content=\"index, follow, max-snippet:-1, max-image-preview:large, max-video-preview:-1\" \/>\n<link rel=\"canonical\" href=\"https:\/\/admin.industriall-union.org\/es\/el-parlamento-turco-debate-legislacion-sindical-sin-verdaderos-derechos\/\" \/>\n<meta property=\"og:locale\" content=\"es_ES\" \/>\n<meta property=\"og:type\" content=\"article\" \/>\n<meta property=\"og:title\" content=\"El Parlamento turco debate legislaci\u00f3n sindical sin verdaderos derechos\" \/>\n<meta property=\"og:description\" content=\"ACTUALIZACI\u00d3N:Los sindicatos turcos, entre ellos afiliados a la IndustriALL Global Union, marcharon y se manifestaron ante el Parlamento turco el 9 de\" \/>\n<meta property=\"og:url\" content=\"https:\/\/admin.industriall-union.org\/es\/el-parlamento-turco-debate-legislacion-sindical-sin-verdaderos-derechos\/\" \/>\n<meta property=\"og:site_name\" content=\"industriall-union\" \/>\n<meta property=\"article:modified_time\" content=\"2025-02-08T19:02:05+00:00\" \/>\n<meta name=\"twitter:card\" content=\"summary_large_image\" \/>\n<meta name=\"twitter:label1\" content=\"Est. reading time\" \/>\n\t<meta name=\"twitter:data1\" content=\"3 minutes\" \/>\n<script type=\"application\/ld+json\" class=\"yoast-schema-graph\">{\"@context\":\"https:\/\/schema.org\",\"@graph\":[{\"@type\":\"WebPage\",\"@id\":\"https:\/\/admin.industriall-union.org\/es\/el-parlamento-turco-debate-legislacion-sindical-sin-verdaderos-derechos\/\",\"url\":\"https:\/\/admin.industriall-union.org\/es\/el-parlamento-turco-debate-legislacion-sindical-sin-verdaderos-derechos\/\",\"name\":\"El Parlamento turco debate legislaci\u00f3n sindical sin verdaderos derechos - industriall-union\",\"isPartOf\":{\"@id\":\"https:\/\/admin.industriall-union.org\/#website\"},\"datePublished\":\"2012-10-09T15:00:26+00:00\",\"dateModified\":\"2025-02-08T19:02:05+00:00\",\"description\":\"ACTUALIZACI\u00d3N:Los sindicatos turcos, entre ellos afiliados a la IndustriALL Global Union, marcharon y se manifestaron ante el Parlamento turco el 9 de\",\"breadcrumb\":{\"@id\":\"https:\/\/admin.industriall-union.org\/es\/el-parlamento-turco-debate-legislacion-sindical-sin-verdaderos-derechos\/#breadcrumb\"},\"inLanguage\":\"es-ES\",\"potentialAction\":[{\"@type\":\"ReadAction\",\"target\":[\"https:\/\/admin.industriall-union.org\/es\/el-parlamento-turco-debate-legislacion-sindical-sin-verdaderos-derechos\/\"]}]},{\"@type\":\"BreadcrumbList\",\"@id\":\"https:\/\/admin.industriall-union.org\/es\/el-parlamento-turco-debate-legislacion-sindical-sin-verdaderos-derechos\/#breadcrumb\",\"itemListElement\":[{\"@type\":\"ListItem\",\"position\":1,\"name\":\"Home\",\"item\":\"https:\/\/admin.industriall-union.org\/\"},{\"@type\":\"ListItem\",\"position\":2,\"name\":\"Articles\",\"item\":\"https:\/\/admin.industriall-union.org\/article\/\"},{\"@type\":\"ListItem\",\"position\":3,\"name\":\"El Parlamento turco debate legislaci\u00f3n sindical sin verdaderos derechos\"}]},{\"@type\":\"WebSite\",\"@id\":\"https:\/\/admin.industriall-union.org\/#website\",\"url\":\"https:\/\/admin.industriall-union.org\/\",\"name\":\"industriall-union\",\"description\":\"\",\"potentialAction\":[{\"@type\":\"SearchAction\",\"target\":{\"@type\":\"EntryPoint\",\"urlTemplate\":\"https:\/\/admin.industriall-union.org\/?s={search_term_string}\"},\"query-input\":{\"@type\":\"PropertyValueSpecification\",\"valueRequired\":true,\"valueName\":\"search_term_string\"}}],\"inLanguage\":\"es-ES\"}]}<\/script>\n<!-- \/ Yoast SEO Premium plugin. -->","yoast_head_json":{"title":"El Parlamento turco debate legislaci\u00f3n sindical sin verdaderos derechos - industriall-union","description":"ACTUALIZACI\u00d3N:Los sindicatos turcos, entre ellos afiliados a la IndustriALL Global Union, marcharon y se manifestaron ante el Parlamento turco el 9 de","robots":{"index":"index","follow":"follow","max-snippet":"max-snippet:-1","max-image-preview":"max-image-preview:large","max-video-preview":"max-video-preview:-1"},"canonical":"https:\/\/admin.industriall-union.org\/es\/el-parlamento-turco-debate-legislacion-sindical-sin-verdaderos-derechos\/","og_locale":"es_ES","og_type":"article","og_title":"El Parlamento turco debate legislaci\u00f3n sindical sin verdaderos derechos","og_description":"ACTUALIZACI\u00d3N:Los sindicatos turcos, entre ellos afiliados a la IndustriALL Global Union, marcharon y se manifestaron ante el Parlamento turco el 9 de","og_url":"https:\/\/admin.industriall-union.org\/es\/el-parlamento-turco-debate-legislacion-sindical-sin-verdaderos-derechos\/","og_site_name":"industriall-union","article_modified_time":"2025-02-08T19:02:05+00:00","twitter_card":"summary_large_image","twitter_misc":{"Est. reading time":"3 minutes"},"schema":{"@context":"https:\/\/schema.org","@graph":[{"@type":"WebPage","@id":"https:\/\/admin.industriall-union.org\/es\/el-parlamento-turco-debate-legislacion-sindical-sin-verdaderos-derechos\/","url":"https:\/\/admin.industriall-union.org\/es\/el-parlamento-turco-debate-legislacion-sindical-sin-verdaderos-derechos\/","name":"El Parlamento turco debate legislaci\u00f3n sindical sin verdaderos derechos - industriall-union","isPartOf":{"@id":"https:\/\/admin.industriall-union.org\/#website"},"datePublished":"2012-10-09T15:00:26+00:00","dateModified":"2025-02-08T19:02:05+00:00","description":"ACTUALIZACI\u00d3N:Los sindicatos turcos, entre ellos afiliados a la IndustriALL Global Union, marcharon y se manifestaron ante el Parlamento turco el 9 de","breadcrumb":{"@id":"https:\/\/admin.industriall-union.org\/es\/el-parlamento-turco-debate-legislacion-sindical-sin-verdaderos-derechos\/#breadcrumb"},"inLanguage":"es-ES","potentialAction":[{"@type":"ReadAction","target":["https:\/\/admin.industriall-union.org\/es\/el-parlamento-turco-debate-legislacion-sindical-sin-verdaderos-derechos\/"]}]},{"@type":"BreadcrumbList","@id":"https:\/\/admin.industriall-union.org\/es\/el-parlamento-turco-debate-legislacion-sindical-sin-verdaderos-derechos\/#breadcrumb","itemListElement":[{"@type":"ListItem","position":1,"name":"Home","item":"https:\/\/admin.industriall-union.org\/"},{"@type":"ListItem","position":2,"name":"Articles","item":"https:\/\/admin.industriall-union.org\/article\/"},{"@type":"ListItem","position":3,"name":"El Parlamento turco debate legislaci\u00f3n sindical sin verdaderos derechos"}]},{"@type":"WebSite","@id":"https:\/\/admin.industriall-union.org\/#website","url":"https:\/\/admin.industriall-union.org\/","name":"industriall-union","description":"","potentialAction":[{"@type":"SearchAction","target":{"@type":"EntryPoint","urlTemplate":"https:\/\/admin.industriall-union.org\/?s={search_term_string}"},"query-input":{"@type":"PropertyValueSpecification","valueRequired":true,"valueName":"search_term_string"}}],"inLanguage":"es-ES"}]}},"_links":{"self":[{"href":"https:\/\/admin.industriall-union.org\/es\/wp-json\/wp\/v2\/article\/175305","targetHints":{"allow":["GET"]}}],"collection":[{"href":"https:\/\/admin.industriall-union.org\/es\/wp-json\/wp\/v2\/article"}],"about":[{"href":"https:\/\/admin.industriall-union.org\/es\/wp-json\/wp\/v2\/types\/article"}],"wp:attachment":[{"href":"https:\/\/admin.industriall-union.org\/es\/wp-json\/wp\/v2\/media?parent=175305"}],"wp:term":[{"taxonomy":"issues","embeddable":true,"href":"https:\/\/admin.industriall-union.org\/es\/wp-json\/wp\/v2\/issues?post=175305"},{"taxonomy":"companies","embeddable":true,"href":"https:\/\/admin.industriall-union.org\/es\/wp-json\/wp\/v2\/companies?post=175305"},{"taxonomy":"regions","embeddable":true,"href":"https:\/\/admin.industriall-union.org\/es\/wp-json\/wp\/v2\/regions?post=175305"},{"taxonomy":"sectors","embeddable":true,"href":"https:\/\/admin.industriall-union.org\/es\/wp-json\/wp\/v2\/sectors?post=175305"},{"taxonomy":"article_tags","embeddable":true,"href":"https:\/\/admin.industriall-union.org\/es\/wp-json\/wp\/v2\/article_tags?post=175305"}],"curies":[{"name":"wp","href":"https:\/\/api.w.org\/{rel}","templated":true}]}}