{"id":175291,"date":"2012-10-11T14:37:11","date_gmt":"2012-10-11T14:37:11","guid":{"rendered":"https:\/\/admin.industriall-union.org\/condena-del-asesinato-de-sindicalistas-mientras-se-extiende-la-conflictividad-laboral-en-las-minas-de-sudafrica\/"},"modified":"2025-02-08T18:54:26","modified_gmt":"2025-02-08T18:54:26","slug":"condena-del-asesinato-de-sindicalistas-mientras-se-extiende-la-conflictividad-laboral-en-las-minas-de-sudafrica","status":"publish","type":"article","link":"https:\/\/admin.industriall-union.org\/es\/condena-del-asesinato-de-sindicalistas-mientras-se-extiende-la-conflictividad-laboral-en-las-minas-de-sudafrica\/","title":{"rendered":"Condena del asesinato de sindicalistas, mientras se extiende la conflictividad laboral en las minas de Sud\u00e1frica"},"content":{"rendered":"<p>El Congress of South African Trade Unions (Cosatu) informa de que en la rama de Western Platinum del NUM, el secretario y el presidente fueron asesinados en incidentes concretos separados, y que, en tanto que un tercer l\u00edder de la rama escapaba, se mat\u00f3 a su mujer. Un familiar de un delegado sindical del NUM tambi\u00e9n fue matado a tiros en casa del delegado sindical, en lo que parece ser un caso de identidad err\u00f3nea. En otra rama del NUM, el presidente result\u00f3 herido de gravedad, despu\u00e9s de que su casa fuera incendiada, y en West Rand un delegado sindical fue sacado de su habitaci\u00f3n y disparado a quemarropa.<\/p><p>En una carta al NUM, el secretario general de la IndustriALL, Jyrki Raina, expres\u00f3 su conmoci\u00f3n y horror por lo que calific\u00f3 de &ldquo;ola de ataques asesinos crueles y cobardes de miembros del NUM despu\u00e9s de la tragedia de Marikana.&rdquo;<\/p><p>El Cosatu tambi\u00e9n informa de que cinco miembros del NUM, dos de ellos enlaces sindicales, fueron matados en la violencia asociada con una huelga en la mina de platino de Lonmin, en Marikana, entre el 10 y el 16 de agosto, y de que de las 34 personas matadas a tiros por la polic\u00eda el 16 de agosto 14 eran miembros del NUM. El 11 de septiembre, un tercer delegado sindical del NUM, Dumisani Mthinti, fue asesinado a machetazos cerca del escenario de estos disparos.<\/p><p>&ldquo;La IndustriALL Global Union env\u00eda un mensaje de condolencia a las familias, los amigos y los compa\u00f1eros de quienes han perdido la vida y pide que se detenga y juzgue r\u00e1pidamente a los autores de esos escalofriantes, brutales y b\u00e1rbaros asesinatos&rdquo;, escribe Raina. &ldquo;Reiteramos nuestro incondicional apoyo de solidaridad al NUM en todos sus esfuerzos para resolver este desaf\u00edo, sumamente dif\u00edcil, en su admirable legado hist\u00f3rico de incansable lucha por una vida mejor de los mineros y de sus familias.&rdquo;<\/p><p>Seg\u00fan las estimaciones actuales, entre 80.000 y 100.000 mineros de platino y de oro est\u00e1n en huelga, como consecuencia de negociar la soluci\u00f3n de Lonmin fuera del proceso de negociaci\u00f3n, lo que ha animado a otros trabajadores, que afrontan dificultades similares para conseguir mejores sueldos y condiciones, y las huelgas sin protecci\u00f3n se han extendido como un reguero de p\u00f3lvora. Esto no es un resultado de debilidad en la representaci\u00f3n sindical, sino m\u00e1s bien de que se explota de nuevo, emotiva y reactivamente, a los trabajadores en el sector minero que ha resistido a la transformaci\u00f3n.<\/p><p>A pesar de que el mundo les observa, algunas compa\u00f1\u00edas mineras han mantenido el enfoque acostumbrado en las relaciones de trabajo. Anglo Platinum ha dado pruebas de oportunismo, aprovechando estos momentos dif\u00edciles de los trabajadores para reducir personal en sus operaciones marginales de Rustenburg. El 5 de octubre, Anglo Platinum despidi\u00f3 a 12.000 trabajadores que participaban en una huelga sin protecci\u00f3n en sus operaciones de Rustenburg.<\/p><p>Tambi\u00e9n son cuestionables sus motivos para las suspensiones preferentes de las operaciones de Rustenburg el 11 de septiembre, citando la actual situaci\u00f3n de inestabilidad en la zona, que era en realidad un cierre patronal que estimul\u00f3 la huelga. Ahora la compa\u00f1\u00eda lamenta p\u00fablicamente que las tres semanas de huelga han supuesto enormes p\u00e9rdidas de beneficios, pero no dice nada de sus econom\u00edas en los costos de explotaci\u00f3n en el mismo per\u00edodo ni de las primas de los trabajadores que no habr\u00e1 de pagar. Entretanto, debido a la restricci\u00f3n del suministro el precio del platino ha aumentado, mientras el rand se ha debilitado. Todo ello es una buena noticia para los productores de platino, incluido Anglo Platinum, al crecer la rentabilidad del sector.<\/p>","protected":false},"featured_media":0,"template":"","issues":[422,424],"companies":[],"regions":[350],"sectors":[495],"article_tags":[],"class_list":["post-175291","article","type-article","status-publish","hentry","issues-human-trade-union-rights","issues-violation","regions-south-africa","sectors-mining"],"acf":[],"yoast_head":"<!-- This site is optimized with the Yoast SEO Premium plugin v27.1 (Yoast SEO v27.1) - https:\/\/yoast.com\/product\/yoast-seo-premium-wordpress\/ -->\n<title>Condena del asesinato de sindicalistas, mientras se extiende la conflictividad laboral en las minas de Sud\u00e1frica - industriall-union<\/title>\n<meta name=\"description\" content=\"El Congress of South African Trade Unions (Cosatu) informa de que en la rama de Western Platinum del NUM, el secretario y el presidente fueron asesinados\" \/>\n<meta name=\"robots\" content=\"index, follow, max-snippet:-1, max-image-preview:large, max-video-preview:-1\" \/>\n<link rel=\"canonical\" href=\"https:\/\/admin.industriall-union.org\/es\/condena-del-asesinato-de-sindicalistas-mientras-se-extiende-la-conflictividad-laboral-en-las-minas-de-sudafrica\/\" \/>\n<meta property=\"og:locale\" content=\"es_ES\" \/>\n<meta property=\"og:type\" content=\"article\" \/>\n<meta property=\"og:title\" content=\"Condena del asesinato de sindicalistas, mientras se extiende la conflictividad laboral en las minas de Sud\u00e1frica\" \/>\n<meta property=\"og:description\" content=\"El Congress of South African Trade Unions (Cosatu) informa de que en la rama de Western Platinum del NUM, el secretario y el presidente fueron asesinados\" \/>\n<meta property=\"og:url\" content=\"https:\/\/admin.industriall-union.org\/es\/condena-del-asesinato-de-sindicalistas-mientras-se-extiende-la-conflictividad-laboral-en-las-minas-de-sudafrica\/\" \/>\n<meta property=\"og:site_name\" content=\"industriall-union\" \/>\n<meta property=\"article:modified_time\" content=\"2025-02-08T18:54:26+00:00\" \/>\n<meta name=\"twitter:card\" content=\"summary_large_image\" \/>\n<meta name=\"twitter:label1\" content=\"Est. reading time\" \/>\n\t<meta name=\"twitter:data1\" content=\"3 minutes\" \/>\n<script type=\"application\/ld+json\" class=\"yoast-schema-graph\">{\"@context\":\"https:\/\/schema.org\",\"@graph\":[{\"@type\":\"WebPage\",\"@id\":\"https:\/\/admin.industriall-union.org\/es\/condena-del-asesinato-de-sindicalistas-mientras-se-extiende-la-conflictividad-laboral-en-las-minas-de-sudafrica\/\",\"url\":\"https:\/\/admin.industriall-union.org\/es\/condena-del-asesinato-de-sindicalistas-mientras-se-extiende-la-conflictividad-laboral-en-las-minas-de-sudafrica\/\",\"name\":\"Condena del asesinato de sindicalistas, mientras se extiende la conflictividad laboral en las minas de Sud\u00e1frica - industriall-union\",\"isPartOf\":{\"@id\":\"https:\/\/admin.industriall-union.org\/#website\"},\"datePublished\":\"2012-10-11T14:37:11+00:00\",\"dateModified\":\"2025-02-08T18:54:26+00:00\",\"description\":\"El Congress of South African Trade Unions (Cosatu) informa de que en la rama de Western Platinum del NUM, el secretario y el presidente fueron asesinados\",\"breadcrumb\":{\"@id\":\"https:\/\/admin.industriall-union.org\/es\/condena-del-asesinato-de-sindicalistas-mientras-se-extiende-la-conflictividad-laboral-en-las-minas-de-sudafrica\/#breadcrumb\"},\"inLanguage\":\"es-ES\",\"potentialAction\":[{\"@type\":\"ReadAction\",\"target\":[\"https:\/\/admin.industriall-union.org\/es\/condena-del-asesinato-de-sindicalistas-mientras-se-extiende-la-conflictividad-laboral-en-las-minas-de-sudafrica\/\"]}]},{\"@type\":\"BreadcrumbList\",\"@id\":\"https:\/\/admin.industriall-union.org\/es\/condena-del-asesinato-de-sindicalistas-mientras-se-extiende-la-conflictividad-laboral-en-las-minas-de-sudafrica\/#breadcrumb\",\"itemListElement\":[{\"@type\":\"ListItem\",\"position\":1,\"name\":\"Home\",\"item\":\"https:\/\/admin.industriall-union.org\/\"},{\"@type\":\"ListItem\",\"position\":2,\"name\":\"Articles\",\"item\":\"https:\/\/admin.industriall-union.org\/article\/\"},{\"@type\":\"ListItem\",\"position\":3,\"name\":\"Condena del asesinato de sindicalistas, mientras se extiende la conflictividad laboral en las minas de Sud\u00e1frica\"}]},{\"@type\":\"WebSite\",\"@id\":\"https:\/\/admin.industriall-union.org\/#website\",\"url\":\"https:\/\/admin.industriall-union.org\/\",\"name\":\"industriall-union\",\"description\":\"\",\"potentialAction\":[{\"@type\":\"SearchAction\",\"target\":{\"@type\":\"EntryPoint\",\"urlTemplate\":\"https:\/\/admin.industriall-union.org\/?s={search_term_string}\"},\"query-input\":{\"@type\":\"PropertyValueSpecification\",\"valueRequired\":true,\"valueName\":\"search_term_string\"}}],\"inLanguage\":\"es-ES\"}]}<\/script>\n<!-- \/ Yoast SEO Premium plugin. -->","yoast_head_json":{"title":"Condena del asesinato de sindicalistas, mientras se extiende la conflictividad laboral en las minas de Sud\u00e1frica - industriall-union","description":"El Congress of South African Trade Unions (Cosatu) informa de que en la rama de Western Platinum del NUM, el secretario y el presidente fueron asesinados","robots":{"index":"index","follow":"follow","max-snippet":"max-snippet:-1","max-image-preview":"max-image-preview:large","max-video-preview":"max-video-preview:-1"},"canonical":"https:\/\/admin.industriall-union.org\/es\/condena-del-asesinato-de-sindicalistas-mientras-se-extiende-la-conflictividad-laboral-en-las-minas-de-sudafrica\/","og_locale":"es_ES","og_type":"article","og_title":"Condena del asesinato de sindicalistas, mientras se extiende la conflictividad laboral en las minas de Sud\u00e1frica","og_description":"El Congress of South African Trade Unions (Cosatu) informa de que en la rama de Western Platinum del NUM, el secretario y el presidente fueron asesinados","og_url":"https:\/\/admin.industriall-union.org\/es\/condena-del-asesinato-de-sindicalistas-mientras-se-extiende-la-conflictividad-laboral-en-las-minas-de-sudafrica\/","og_site_name":"industriall-union","article_modified_time":"2025-02-08T18:54:26+00:00","twitter_card":"summary_large_image","twitter_misc":{"Est. reading time":"3 minutes"},"schema":{"@context":"https:\/\/schema.org","@graph":[{"@type":"WebPage","@id":"https:\/\/admin.industriall-union.org\/es\/condena-del-asesinato-de-sindicalistas-mientras-se-extiende-la-conflictividad-laboral-en-las-minas-de-sudafrica\/","url":"https:\/\/admin.industriall-union.org\/es\/condena-del-asesinato-de-sindicalistas-mientras-se-extiende-la-conflictividad-laboral-en-las-minas-de-sudafrica\/","name":"Condena del asesinato de sindicalistas, mientras se extiende la conflictividad laboral en las minas de Sud\u00e1frica - industriall-union","isPartOf":{"@id":"https:\/\/admin.industriall-union.org\/#website"},"datePublished":"2012-10-11T14:37:11+00:00","dateModified":"2025-02-08T18:54:26+00:00","description":"El Congress of South African Trade Unions (Cosatu) informa de que en la rama de Western Platinum del NUM, el secretario y el presidente fueron asesinados","breadcrumb":{"@id":"https:\/\/admin.industriall-union.org\/es\/condena-del-asesinato-de-sindicalistas-mientras-se-extiende-la-conflictividad-laboral-en-las-minas-de-sudafrica\/#breadcrumb"},"inLanguage":"es-ES","potentialAction":[{"@type":"ReadAction","target":["https:\/\/admin.industriall-union.org\/es\/condena-del-asesinato-de-sindicalistas-mientras-se-extiende-la-conflictividad-laboral-en-las-minas-de-sudafrica\/"]}]},{"@type":"BreadcrumbList","@id":"https:\/\/admin.industriall-union.org\/es\/condena-del-asesinato-de-sindicalistas-mientras-se-extiende-la-conflictividad-laboral-en-las-minas-de-sudafrica\/#breadcrumb","itemListElement":[{"@type":"ListItem","position":1,"name":"Home","item":"https:\/\/admin.industriall-union.org\/"},{"@type":"ListItem","position":2,"name":"Articles","item":"https:\/\/admin.industriall-union.org\/article\/"},{"@type":"ListItem","position":3,"name":"Condena del asesinato de sindicalistas, mientras se extiende la conflictividad laboral en las minas de Sud\u00e1frica"}]},{"@type":"WebSite","@id":"https:\/\/admin.industriall-union.org\/#website","url":"https:\/\/admin.industriall-union.org\/","name":"industriall-union","description":"","potentialAction":[{"@type":"SearchAction","target":{"@type":"EntryPoint","urlTemplate":"https:\/\/admin.industriall-union.org\/?s={search_term_string}"},"query-input":{"@type":"PropertyValueSpecification","valueRequired":true,"valueName":"search_term_string"}}],"inLanguage":"es-ES"}]}},"_links":{"self":[{"href":"https:\/\/admin.industriall-union.org\/es\/wp-json\/wp\/v2\/article\/175291","targetHints":{"allow":["GET"]}}],"collection":[{"href":"https:\/\/admin.industriall-union.org\/es\/wp-json\/wp\/v2\/article"}],"about":[{"href":"https:\/\/admin.industriall-union.org\/es\/wp-json\/wp\/v2\/types\/article"}],"wp:attachment":[{"href":"https:\/\/admin.industriall-union.org\/es\/wp-json\/wp\/v2\/media?parent=175291"}],"wp:term":[{"taxonomy":"issues","embeddable":true,"href":"https:\/\/admin.industriall-union.org\/es\/wp-json\/wp\/v2\/issues?post=175291"},{"taxonomy":"companies","embeddable":true,"href":"https:\/\/admin.industriall-union.org\/es\/wp-json\/wp\/v2\/companies?post=175291"},{"taxonomy":"regions","embeddable":true,"href":"https:\/\/admin.industriall-union.org\/es\/wp-json\/wp\/v2\/regions?post=175291"},{"taxonomy":"sectors","embeddable":true,"href":"https:\/\/admin.industriall-union.org\/es\/wp-json\/wp\/v2\/sectors?post=175291"},{"taxonomy":"article_tags","embeddable":true,"href":"https:\/\/admin.industriall-union.org\/es\/wp-json\/wp\/v2\/article_tags?post=175291"}],"curies":[{"name":"wp","href":"https:\/\/api.w.org\/{rel}","templated":true}]}}