{"id":175273,"date":"2012-10-18T13:28:12","date_gmt":"2012-10-18T13:28:12","guid":{"rendered":"https:\/\/admin.industriall-union.org\/la-politica-industrial-de-la-ue-debe-abordar-los-problemas-sociales\/"},"modified":"2025-02-08T18:45:37","modified_gmt":"2025-02-08T18:45:37","slug":"la-politica-industrial-de-la-ue-debe-abordar-los-problemas-sociales","status":"publish","type":"article","link":"https:\/\/admin.industriall-union.org\/es\/la-politica-industrial-de-la-ue-debe-abordar-los-problemas-sociales\/","title":{"rendered":"La pol\u00edtica industrial de la UE debe abordar los problemas sociales"},"content":{"rendered":"<p>La IndustriAll European Trade Union acoge con satisfacci\u00f3n la nueva pol\u00edtica industrial publicada por la Comisi\u00f3n, pero alega que no trata debidamente los crecientes problemas sociales que siguen amenazando a Europa, y si la Comisi\u00f3n Europea se atiene a su actual pol\u00edtica de austeridad no se alcanzar\u00e1n los objetivos de reactivar la industria en Europa.<\/p><p>En un <a href=\"http:\/\/ec.europa.eu\/enterprise\/initiatives\/mission-growth\/index_en.htm\">documento de pol\u00edtica<\/a> publicado el 10 de octubre, la Comisi\u00f3n Europea trata de relanzar la actividad manufacturera y lograr el retorno de industrias a Europa.<\/p><p>&quot;Nos complace observar que la Comisi\u00f3n comparte nuestra opini\u00f3n de que s\u00f3lo con una industria europea fuerte se puede lograr la recuperaci\u00f3n econ\u00f3mica tras varios a\u00f1os de crisis&rdquo;, dijo Ulrich Eckelmann, secretario general de la IndustriAll European Trade Union. La IndustriAll European Trade Union est\u00e1 a la espera de propuestas de financiaci\u00f3n adecuadas, pues el concepto de financiaci\u00f3n contenido en el documento de pol\u00edtica no ser\u00eda suficiente para aumentar el crecimiento industrial.<\/p><p>La IndustriAll European Trade Union ha firmado la resoluci\u00f3n de la Confederaci\u00f3n Europea de Sindicatos (CES) <u>&ldquo;Un Pacto Social para Europa&quot;<\/u>. Un importante elemento para la CES es tener los medios y recursos necesarios para formaci\u00f3n, a fin de disponer de mano de obra calificada.<\/p><p>&quot;La UE ha de pasar a la acci\u00f3n sobre pol\u00edtica industrial. Los trabajadores europeos ya no pueden contentarse con declaraciones de hipot\u00e9tico apoyo a la industria&rdquo;, dijo Bernadette S\u00e9gol, secretaria general de la CES. La pol\u00edtica industrial europea debe centrarse tambi\u00e9n en industrias con futuro, como la energ\u00eda y el transporte, a fin de lograr una econom\u00eda verde y sostenible.<\/p><p>El Comit\u00e9 Ejecutivo de la CES, en su reuni\u00f3n de 17 de octubre, abog\u00f3 por un<a href=\"http:\/\/www.etuc.org\/a\/10439\"> d\u00eda de acci\u00f3n<\/a> y solidaridad el 14 de noviembre, con huelgas, manifestaciones, concentraciones y otras acciones, movilizando al movimiento sindical europeo para respaldar las pol\u00edticas de la CES expuestas en el Pacto Social para Europa.<\/p>","protected":false},"featured_media":0,"template":"","issues":[417,412,418],"companies":[],"regions":[202],"sectors":[],"article_tags":[527,536],"class_list":["post-175273","article","type-article","status-publish","hentry","issues-international-financial-institutions","issues-social-justice-and-globalization","issues-sustainability","regions-europe","article_tags-social-protection","article_tags-youth"],"acf":[],"yoast_head":"<!-- This site is optimized with the Yoast SEO Premium plugin v27.1 (Yoast SEO v27.1) - https:\/\/yoast.com\/product\/yoast-seo-premium-wordpress\/ -->\n<title>La pol\u00edtica industrial de la UE debe abordar los problemas sociales - industriall-union<\/title>\n<meta name=\"description\" content=\"La IndustriAll European Trade Union acoge con satisfacci\u00f3n la nueva pol\u00edtica industrial publicada por la Comisi\u00f3n, pero alega que no trata debidamente los\" \/>\n<meta name=\"robots\" content=\"index, follow, max-snippet:-1, max-image-preview:large, max-video-preview:-1\" \/>\n<link rel=\"canonical\" href=\"https:\/\/admin.industriall-union.org\/es\/la-politica-industrial-de-la-ue-debe-abordar-los-problemas-sociales\/\" \/>\n<meta property=\"og:locale\" content=\"es_ES\" \/>\n<meta property=\"og:type\" content=\"article\" \/>\n<meta property=\"og:title\" content=\"La pol\u00edtica industrial de la UE debe abordar los problemas sociales\" \/>\n<meta property=\"og:description\" content=\"La IndustriAll European Trade Union acoge con satisfacci\u00f3n la nueva pol\u00edtica industrial publicada por la Comisi\u00f3n, pero alega que no trata debidamente los\" \/>\n<meta property=\"og:url\" content=\"https:\/\/admin.industriall-union.org\/es\/la-politica-industrial-de-la-ue-debe-abordar-los-problemas-sociales\/\" \/>\n<meta property=\"og:site_name\" content=\"industriall-union\" \/>\n<meta property=\"article:modified_time\" content=\"2025-02-08T18:45:37+00:00\" \/>\n<meta name=\"twitter:card\" content=\"summary_large_image\" \/>\n<meta name=\"twitter:label1\" content=\"Est. reading time\" \/>\n\t<meta name=\"twitter:data1\" content=\"2 minutes\" \/>\n<script type=\"application\/ld+json\" class=\"yoast-schema-graph\">{\"@context\":\"https:\/\/schema.org\",\"@graph\":[{\"@type\":\"WebPage\",\"@id\":\"https:\/\/admin.industriall-union.org\/es\/la-politica-industrial-de-la-ue-debe-abordar-los-problemas-sociales\/\",\"url\":\"https:\/\/admin.industriall-union.org\/es\/la-politica-industrial-de-la-ue-debe-abordar-los-problemas-sociales\/\",\"name\":\"La pol\u00edtica industrial de la UE debe abordar los problemas sociales - industriall-union\",\"isPartOf\":{\"@id\":\"https:\/\/admin.industriall-union.org\/#website\"},\"datePublished\":\"2012-10-18T13:28:12+00:00\",\"dateModified\":\"2025-02-08T18:45:37+00:00\",\"description\":\"La IndustriAll European Trade Union acoge con satisfacci\u00f3n la nueva pol\u00edtica industrial publicada por la Comisi\u00f3n, pero alega que no trata debidamente los\",\"breadcrumb\":{\"@id\":\"https:\/\/admin.industriall-union.org\/es\/la-politica-industrial-de-la-ue-debe-abordar-los-problemas-sociales\/#breadcrumb\"},\"inLanguage\":\"es-ES\",\"potentialAction\":[{\"@type\":\"ReadAction\",\"target\":[\"https:\/\/admin.industriall-union.org\/es\/la-politica-industrial-de-la-ue-debe-abordar-los-problemas-sociales\/\"]}]},{\"@type\":\"BreadcrumbList\",\"@id\":\"https:\/\/admin.industriall-union.org\/es\/la-politica-industrial-de-la-ue-debe-abordar-los-problemas-sociales\/#breadcrumb\",\"itemListElement\":[{\"@type\":\"ListItem\",\"position\":1,\"name\":\"Home\",\"item\":\"https:\/\/admin.industriall-union.org\/\"},{\"@type\":\"ListItem\",\"position\":2,\"name\":\"Articles\",\"item\":\"https:\/\/admin.industriall-union.org\/article\/\"},{\"@type\":\"ListItem\",\"position\":3,\"name\":\"La pol\u00edtica industrial de la UE debe abordar los problemas sociales\"}]},{\"@type\":\"WebSite\",\"@id\":\"https:\/\/admin.industriall-union.org\/#website\",\"url\":\"https:\/\/admin.industriall-union.org\/\",\"name\":\"industriall-union\",\"description\":\"\",\"potentialAction\":[{\"@type\":\"SearchAction\",\"target\":{\"@type\":\"EntryPoint\",\"urlTemplate\":\"https:\/\/admin.industriall-union.org\/?s={search_term_string}\"},\"query-input\":{\"@type\":\"PropertyValueSpecification\",\"valueRequired\":true,\"valueName\":\"search_term_string\"}}],\"inLanguage\":\"es-ES\"}]}<\/script>\n<!-- \/ Yoast SEO Premium plugin. -->","yoast_head_json":{"title":"La pol\u00edtica industrial de la UE debe abordar los problemas sociales - industriall-union","description":"La IndustriAll European Trade Union acoge con satisfacci\u00f3n la nueva pol\u00edtica industrial publicada por la Comisi\u00f3n, pero alega que no trata debidamente los","robots":{"index":"index","follow":"follow","max-snippet":"max-snippet:-1","max-image-preview":"max-image-preview:large","max-video-preview":"max-video-preview:-1"},"canonical":"https:\/\/admin.industriall-union.org\/es\/la-politica-industrial-de-la-ue-debe-abordar-los-problemas-sociales\/","og_locale":"es_ES","og_type":"article","og_title":"La pol\u00edtica industrial de la UE debe abordar los problemas sociales","og_description":"La IndustriAll European Trade Union acoge con satisfacci\u00f3n la nueva pol\u00edtica industrial publicada por la Comisi\u00f3n, pero alega que no trata debidamente los","og_url":"https:\/\/admin.industriall-union.org\/es\/la-politica-industrial-de-la-ue-debe-abordar-los-problemas-sociales\/","og_site_name":"industriall-union","article_modified_time":"2025-02-08T18:45:37+00:00","twitter_card":"summary_large_image","twitter_misc":{"Est. reading time":"2 minutes"},"schema":{"@context":"https:\/\/schema.org","@graph":[{"@type":"WebPage","@id":"https:\/\/admin.industriall-union.org\/es\/la-politica-industrial-de-la-ue-debe-abordar-los-problemas-sociales\/","url":"https:\/\/admin.industriall-union.org\/es\/la-politica-industrial-de-la-ue-debe-abordar-los-problemas-sociales\/","name":"La pol\u00edtica industrial de la UE debe abordar los problemas sociales - industriall-union","isPartOf":{"@id":"https:\/\/admin.industriall-union.org\/#website"},"datePublished":"2012-10-18T13:28:12+00:00","dateModified":"2025-02-08T18:45:37+00:00","description":"La IndustriAll European Trade Union acoge con satisfacci\u00f3n la nueva pol\u00edtica industrial publicada por la Comisi\u00f3n, pero alega que no trata debidamente los","breadcrumb":{"@id":"https:\/\/admin.industriall-union.org\/es\/la-politica-industrial-de-la-ue-debe-abordar-los-problemas-sociales\/#breadcrumb"},"inLanguage":"es-ES","potentialAction":[{"@type":"ReadAction","target":["https:\/\/admin.industriall-union.org\/es\/la-politica-industrial-de-la-ue-debe-abordar-los-problemas-sociales\/"]}]},{"@type":"BreadcrumbList","@id":"https:\/\/admin.industriall-union.org\/es\/la-politica-industrial-de-la-ue-debe-abordar-los-problemas-sociales\/#breadcrumb","itemListElement":[{"@type":"ListItem","position":1,"name":"Home","item":"https:\/\/admin.industriall-union.org\/"},{"@type":"ListItem","position":2,"name":"Articles","item":"https:\/\/admin.industriall-union.org\/article\/"},{"@type":"ListItem","position":3,"name":"La pol\u00edtica industrial de la UE debe abordar los problemas sociales"}]},{"@type":"WebSite","@id":"https:\/\/admin.industriall-union.org\/#website","url":"https:\/\/admin.industriall-union.org\/","name":"industriall-union","description":"","potentialAction":[{"@type":"SearchAction","target":{"@type":"EntryPoint","urlTemplate":"https:\/\/admin.industriall-union.org\/?s={search_term_string}"},"query-input":{"@type":"PropertyValueSpecification","valueRequired":true,"valueName":"search_term_string"}}],"inLanguage":"es-ES"}]}},"_links":{"self":[{"href":"https:\/\/admin.industriall-union.org\/es\/wp-json\/wp\/v2\/article\/175273","targetHints":{"allow":["GET"]}}],"collection":[{"href":"https:\/\/admin.industriall-union.org\/es\/wp-json\/wp\/v2\/article"}],"about":[{"href":"https:\/\/admin.industriall-union.org\/es\/wp-json\/wp\/v2\/types\/article"}],"wp:attachment":[{"href":"https:\/\/admin.industriall-union.org\/es\/wp-json\/wp\/v2\/media?parent=175273"}],"wp:term":[{"taxonomy":"issues","embeddable":true,"href":"https:\/\/admin.industriall-union.org\/es\/wp-json\/wp\/v2\/issues?post=175273"},{"taxonomy":"companies","embeddable":true,"href":"https:\/\/admin.industriall-union.org\/es\/wp-json\/wp\/v2\/companies?post=175273"},{"taxonomy":"regions","embeddable":true,"href":"https:\/\/admin.industriall-union.org\/es\/wp-json\/wp\/v2\/regions?post=175273"},{"taxonomy":"sectors","embeddable":true,"href":"https:\/\/admin.industriall-union.org\/es\/wp-json\/wp\/v2\/sectors?post=175273"},{"taxonomy":"article_tags","embeddable":true,"href":"https:\/\/admin.industriall-union.org\/es\/wp-json\/wp\/v2\/article_tags?post=175273"}],"curies":[{"name":"wp","href":"https:\/\/api.w.org\/{rel}","templated":true}]}}