{"id":175271,"date":"2012-10-18T13:34:40","date_gmt":"2012-10-18T13:34:40","guid":{"rendered":"https:\/\/admin.industriall-union.org\/implats-objetivo-de-la-marcha-del-num\/"},"modified":"2025-02-08T18:45:12","modified_gmt":"2025-02-08T18:45:12","slug":"implats-objetivo-de-la-marcha-del-num","status":"publish","type":"article","link":"https:\/\/admin.industriall-union.org\/es\/implats-objetivo-de-la-marcha-del-num\/","title":{"rendered":"Implats, objetivo de la marcha del Num"},"content":{"rendered":"<p>En enero de 2012, trabajadores de Impala Platinum declararon una huelga sin protecci\u00f3n, para protestar por la decisi\u00f3n unilateral de la compa\u00f1\u00eda de conceder a algunos trabajadores un aumento del 18 por ciento. Esto se hizo fuera de la estructura de negociaci\u00f3n colectiva y sin la intervenci\u00f3n del Num. La huelga de seis semanas se resolvi\u00f3 finalmente mediante la negociaci\u00f3n con el Num de un aumento general del 18 por ciento.<\/p><p>Sin embargo, la acci\u00f3n en Impala Platinum dio lugar a que trabajadores de otras compa\u00f1\u00edas hicieran demandas fuera del proceso de negociaci\u00f3n colectiva y ejercieran presi\u00f3n sobre las compa\u00f1\u00edas mineras para negociar al margen de las estructuras establecidas y reconocidas. Estos eran los problemas que hab\u00edan provocado la huelga en Lonmin y la subsiguiente conflictividad laboral que ha costado la vida al menos a 70 personas hasta ahora.<\/p><p>En este caso hay dos fuerzas en juego, un sindicato rival que trata de lograr avances y el comportamiento oportunista de las compa\u00f1\u00edas mineras, descrito por el portavoz del Num, Lesiba Seshoko, como &ldquo;motivado por t\u00e1cticas de divide y vencer\u00e1s, para lograr que los trabajadores no tengan confianza en el sindicato&rdquo;.<\/p><p>Estas dos fuerzas se deben a la violencia y la intimidaci\u00f3n incontroladas en Impala Platinum. Seg\u00fan Seshoko, &ldquo;Impala no ha hecho nada para acabar con la violencia; incluso ha permitido que los trabajadores vayan con pistolas y otras armas al trabajo. Nuestra oficina del Num en Impala fue cerrada violentamente en enero, y as\u00ed sigue en el actual ambiente de intimidaci\u00f3n. Peor a\u00fan, Impala no ha tomado medidas disciplinarias contra los autores.&rdquo; El Num pide que se aborden inmediatamente las cuestiones de seguridad en Impala Platinum, para poner fin a la violencia y la intimidaci\u00f3n, y que se reabran las oficinas del Num.<\/p><p>Impala Platinum tambi\u00e9n ha hablado p\u00fablicamente de una disminuci\u00f3n de miembros del Num en la compa\u00f1\u00eda del 70 al 13 por ciento, pero no ha aceptado un proceso de verificaci\u00f3n. El Num alega que se ha obligado a trabajadores a darse de baja y a unirse al sindicato rival, y ha solicitado un ejercicio de verificaci\u00f3n independiente, sin intimidaciones, para determinar su representaci\u00f3n en la mina.<\/p>","protected":false},"featured_media":0,"template":"","issues":[422],"companies":[],"regions":[350],"sectors":[495],"article_tags":[505,511,529],"class_list":["post-175271","article","type-article","status-publish","hentry","issues-human-trade-union-rights","regions-south-africa","sectors-mining","article_tags-collective-bargaining","article_tags-industriall","article_tags-strike"],"acf":[],"yoast_head":"<!-- This site is optimized with the Yoast SEO Premium plugin v27.1 (Yoast SEO v27.1) - https:\/\/yoast.com\/product\/yoast-seo-premium-wordpress\/ -->\n<title>Implats, objetivo de la marcha del Num - industriall-union<\/title>\n<meta name=\"description\" content=\"En enero de 2012, trabajadores de Impala Platinum declararon una huelga sin protecci\u00f3n, para protestar por la decisi\u00f3n unilateral de la compa\u00f1\u00eda de\" \/>\n<meta name=\"robots\" content=\"index, follow, max-snippet:-1, max-image-preview:large, max-video-preview:-1\" \/>\n<link rel=\"canonical\" href=\"https:\/\/admin.industriall-union.org\/es\/implats-objetivo-de-la-marcha-del-num\/\" \/>\n<meta property=\"og:locale\" content=\"es_ES\" \/>\n<meta property=\"og:type\" content=\"article\" \/>\n<meta property=\"og:title\" content=\"Implats, objetivo de la marcha del Num\" \/>\n<meta property=\"og:description\" content=\"En enero de 2012, trabajadores de Impala Platinum declararon una huelga sin protecci\u00f3n, para protestar por la decisi\u00f3n unilateral de la compa\u00f1\u00eda de\" \/>\n<meta property=\"og:url\" content=\"https:\/\/admin.industriall-union.org\/es\/implats-objetivo-de-la-marcha-del-num\/\" \/>\n<meta property=\"og:site_name\" content=\"industriall-union\" \/>\n<meta property=\"article:modified_time\" content=\"2025-02-08T18:45:12+00:00\" \/>\n<meta name=\"twitter:card\" content=\"summary_large_image\" \/>\n<meta name=\"twitter:label1\" content=\"Est. reading time\" \/>\n\t<meta name=\"twitter:data1\" content=\"2 minutes\" \/>\n<script type=\"application\/ld+json\" class=\"yoast-schema-graph\">{\"@context\":\"https:\/\/schema.org\",\"@graph\":[{\"@type\":\"WebPage\",\"@id\":\"https:\/\/admin.industriall-union.org\/es\/implats-objetivo-de-la-marcha-del-num\/\",\"url\":\"https:\/\/admin.industriall-union.org\/es\/implats-objetivo-de-la-marcha-del-num\/\",\"name\":\"Implats, objetivo de la marcha del Num - industriall-union\",\"isPartOf\":{\"@id\":\"https:\/\/admin.industriall-union.org\/#website\"},\"datePublished\":\"2012-10-18T13:34:40+00:00\",\"dateModified\":\"2025-02-08T18:45:12+00:00\",\"description\":\"En enero de 2012, trabajadores de Impala Platinum declararon una huelga sin protecci\u00f3n, para protestar por la decisi\u00f3n unilateral de la compa\u00f1\u00eda de\",\"breadcrumb\":{\"@id\":\"https:\/\/admin.industriall-union.org\/es\/implats-objetivo-de-la-marcha-del-num\/#breadcrumb\"},\"inLanguage\":\"es-ES\",\"potentialAction\":[{\"@type\":\"ReadAction\",\"target\":[\"https:\/\/admin.industriall-union.org\/es\/implats-objetivo-de-la-marcha-del-num\/\"]}]},{\"@type\":\"BreadcrumbList\",\"@id\":\"https:\/\/admin.industriall-union.org\/es\/implats-objetivo-de-la-marcha-del-num\/#breadcrumb\",\"itemListElement\":[{\"@type\":\"ListItem\",\"position\":1,\"name\":\"Home\",\"item\":\"https:\/\/admin.industriall-union.org\/\"},{\"@type\":\"ListItem\",\"position\":2,\"name\":\"Articles\",\"item\":\"https:\/\/admin.industriall-union.org\/article\/\"},{\"@type\":\"ListItem\",\"position\":3,\"name\":\"Implats, objetivo de la marcha del Num\"}]},{\"@type\":\"WebSite\",\"@id\":\"https:\/\/admin.industriall-union.org\/#website\",\"url\":\"https:\/\/admin.industriall-union.org\/\",\"name\":\"industriall-union\",\"description\":\"\",\"potentialAction\":[{\"@type\":\"SearchAction\",\"target\":{\"@type\":\"EntryPoint\",\"urlTemplate\":\"https:\/\/admin.industriall-union.org\/?s={search_term_string}\"},\"query-input\":{\"@type\":\"PropertyValueSpecification\",\"valueRequired\":true,\"valueName\":\"search_term_string\"}}],\"inLanguage\":\"es-ES\"}]}<\/script>\n<!-- \/ Yoast SEO Premium plugin. -->","yoast_head_json":{"title":"Implats, objetivo de la marcha del Num - industriall-union","description":"En enero de 2012, trabajadores de Impala Platinum declararon una huelga sin protecci\u00f3n, para protestar por la decisi\u00f3n unilateral de la compa\u00f1\u00eda de","robots":{"index":"index","follow":"follow","max-snippet":"max-snippet:-1","max-image-preview":"max-image-preview:large","max-video-preview":"max-video-preview:-1"},"canonical":"https:\/\/admin.industriall-union.org\/es\/implats-objetivo-de-la-marcha-del-num\/","og_locale":"es_ES","og_type":"article","og_title":"Implats, objetivo de la marcha del Num","og_description":"En enero de 2012, trabajadores de Impala Platinum declararon una huelga sin protecci\u00f3n, para protestar por la decisi\u00f3n unilateral de la compa\u00f1\u00eda de","og_url":"https:\/\/admin.industriall-union.org\/es\/implats-objetivo-de-la-marcha-del-num\/","og_site_name":"industriall-union","article_modified_time":"2025-02-08T18:45:12+00:00","twitter_card":"summary_large_image","twitter_misc":{"Est. reading time":"2 minutes"},"schema":{"@context":"https:\/\/schema.org","@graph":[{"@type":"WebPage","@id":"https:\/\/admin.industriall-union.org\/es\/implats-objetivo-de-la-marcha-del-num\/","url":"https:\/\/admin.industriall-union.org\/es\/implats-objetivo-de-la-marcha-del-num\/","name":"Implats, objetivo de la marcha del Num - industriall-union","isPartOf":{"@id":"https:\/\/admin.industriall-union.org\/#website"},"datePublished":"2012-10-18T13:34:40+00:00","dateModified":"2025-02-08T18:45:12+00:00","description":"En enero de 2012, trabajadores de Impala Platinum declararon una huelga sin protecci\u00f3n, para protestar por la decisi\u00f3n unilateral de la compa\u00f1\u00eda de","breadcrumb":{"@id":"https:\/\/admin.industriall-union.org\/es\/implats-objetivo-de-la-marcha-del-num\/#breadcrumb"},"inLanguage":"es-ES","potentialAction":[{"@type":"ReadAction","target":["https:\/\/admin.industriall-union.org\/es\/implats-objetivo-de-la-marcha-del-num\/"]}]},{"@type":"BreadcrumbList","@id":"https:\/\/admin.industriall-union.org\/es\/implats-objetivo-de-la-marcha-del-num\/#breadcrumb","itemListElement":[{"@type":"ListItem","position":1,"name":"Home","item":"https:\/\/admin.industriall-union.org\/"},{"@type":"ListItem","position":2,"name":"Articles","item":"https:\/\/admin.industriall-union.org\/article\/"},{"@type":"ListItem","position":3,"name":"Implats, objetivo de la marcha del Num"}]},{"@type":"WebSite","@id":"https:\/\/admin.industriall-union.org\/#website","url":"https:\/\/admin.industriall-union.org\/","name":"industriall-union","description":"","potentialAction":[{"@type":"SearchAction","target":{"@type":"EntryPoint","urlTemplate":"https:\/\/admin.industriall-union.org\/?s={search_term_string}"},"query-input":{"@type":"PropertyValueSpecification","valueRequired":true,"valueName":"search_term_string"}}],"inLanguage":"es-ES"}]}},"_links":{"self":[{"href":"https:\/\/admin.industriall-union.org\/es\/wp-json\/wp\/v2\/article\/175271","targetHints":{"allow":["GET"]}}],"collection":[{"href":"https:\/\/admin.industriall-union.org\/es\/wp-json\/wp\/v2\/article"}],"about":[{"href":"https:\/\/admin.industriall-union.org\/es\/wp-json\/wp\/v2\/types\/article"}],"wp:attachment":[{"href":"https:\/\/admin.industriall-union.org\/es\/wp-json\/wp\/v2\/media?parent=175271"}],"wp:term":[{"taxonomy":"issues","embeddable":true,"href":"https:\/\/admin.industriall-union.org\/es\/wp-json\/wp\/v2\/issues?post=175271"},{"taxonomy":"companies","embeddable":true,"href":"https:\/\/admin.industriall-union.org\/es\/wp-json\/wp\/v2\/companies?post=175271"},{"taxonomy":"regions","embeddable":true,"href":"https:\/\/admin.industriall-union.org\/es\/wp-json\/wp\/v2\/regions?post=175271"},{"taxonomy":"sectors","embeddable":true,"href":"https:\/\/admin.industriall-union.org\/es\/wp-json\/wp\/v2\/sectors?post=175271"},{"taxonomy":"article_tags","embeddable":true,"href":"https:\/\/admin.industriall-union.org\/es\/wp-json\/wp\/v2\/article_tags?post=175271"}],"curies":[{"name":"wp","href":"https:\/\/api.w.org\/{rel}","templated":true}]}}