{"id":175230,"date":"2012-10-23T13:47:13","date_gmt":"2012-10-23T13:47:13","guid":{"rendered":"https:\/\/admin.industriall-union.org\/oponte-a-la-reforma-de-la-legislacion-antilaboral-mexicana\/"},"modified":"2025-02-08T18:36:48","modified_gmt":"2025-02-08T18:36:48","slug":"oponte-a-la-reforma-de-la-legislacion-antilaboral-mexicana","status":"publish","type":"article","link":"https:\/\/admin.industriall-union.org\/es\/oponte-a-la-reforma-de-la-legislacion-antilaboral-mexicana\/","title":{"rendered":"Oponte a la reforma de la legislaci\u00f3n antilaboral mexicana"},"content":{"rendered":"<p>Con los peligrosos cambios en la legislaci\u00f3n laboral de M\u00e9xico se trata de legalizar el abuso masivo de los derechos de los trabajadores en todo el pa\u00eds. El proyecto de ley fue devuelto por el Senado a la c\u00e1mara baja del Parlamento el martes, con enmiendas sobre la transparencia de los sindicatos, pero las mayor\u00edas de ambas c\u00e1maras est\u00e1n de acuerdo con la mayor parte de las medidas contrarias a los trabajadores. \u00danete a los sindicatos del mundo escribiendo tu mensaje de condena directamente a los cinco senadores clave.<\/p><p>Como ya se inform\u00f3, la ley fue preparada por el presidente saliente Calder\u00f3n, enemigo de los trabajadores mexicanos a lo largo de su mandato de seis a\u00f1os, y cuenta con el apoyo de la alianza pol\u00edtica proempresarial de los mayores partidos PRI y PAN. Mediante un proceso de v\u00eda r\u00e1pida antidemocr\u00e1tico se ha trasladado la ley al Parlamento, sin permitir deliberaciones adecuadas.<\/p><p>Muchos de los abusos que permitir\u00edan esos cambios est\u00e1n ya muy generalizados, pero si se legalizaran se eliminar\u00edan las \u00faltimas protecciones de las libertades de los trabajadores y de los sindicatos en el pa\u00eds. Este a\u00f1o, la rama ejecutiva del Gobierno mexicano ha intensificado sus en\u00e9rgicos ataques a los sindicatos independientes, y ha presentado esta regresiva iniciativa de la reforma de la legislaci\u00f3n laboral.<\/p><p>Un importante cambio ser\u00e1 dar m\u00e1s flexibilidad al empleador al tratar con la fuerza de trabajo. Esto significa un desenfrenado uso de la subcontrataci\u00f3n, de contratos temporeros y de corta duraci\u00f3n, formas todas de trabajo precario con el que se persigue destruir toda posibilidad de sindicaci\u00f3n y de negociaci\u00f3n colectiva mediante sindicatos independientes. Todo trabajador con contrato de corta duraci\u00f3n que se oponga al abuso de derechos laborales fundamentales o de su salud y seguridad en el trabajo correr\u00e1 el riesgo de que no se le renueve el contrato, y carecer\u00e1 de protecci\u00f3n legal. Esta tendencia al trabajo precario confiere todo el poder al empleador.<\/p><p>La actual legislaci\u00f3n laboral necesita reforma; permite evasivas y es d\u00e9bil en materia de protecciones de los trabajadores. Pero los cambios que se propone votar esta semana no tienen nada que ver con la soluci\u00f3n de esos problemas y s\u00f3lo causar\u00e1n m\u00e1s da\u00f1o.<\/p><p>El indignante problema generalizado de los contratos de protecci\u00f3n en M\u00e9xico, denunciado en la queja de la IndustriALL (ex FITIM) ante al Comit\u00e9 de Libertad Sindical de la OIT ha sido condenado por todo el movimiento sindical, y por las Recomendaciones del Consejo de Administraci\u00f3n de la Organizaci\u00f3n Internacional del Trabajo en 2011, en que se pide al Gobierno mexicano que investigue el uso de los contratos de protecci\u00f3n para restringir el proceso de negociaci\u00f3n colectiva.<\/p>","protected":false},"featured_media":0,"template":"","issues":[420],"companies":[],"regions":[275],"sectors":[],"article_tags":[513],"class_list":["post-175230","article","type-article","status-publish","hentry","issues-solidarity","regions-mexico","article_tags-labour-laws"],"acf":[],"yoast_head":"<!-- This site is optimized with the Yoast SEO Premium plugin v27.1 (Yoast SEO v27.1) - https:\/\/yoast.com\/product\/yoast-seo-premium-wordpress\/ -->\n<title>Oponte a la reforma de la legislaci\u00f3n antilaboral mexicana - industriall-union<\/title>\n<meta name=\"description\" content=\"Con los peligrosos cambios en la legislaci\u00f3n laboral de M\u00e9xico se trata de legalizar el abuso masivo de los derechos de los trabajadores en todo el pa\u00eds.\" \/>\n<meta name=\"robots\" content=\"index, follow, max-snippet:-1, max-image-preview:large, max-video-preview:-1\" \/>\n<link rel=\"canonical\" href=\"https:\/\/admin.industriall-union.org\/es\/oponte-a-la-reforma-de-la-legislacion-antilaboral-mexicana\/\" \/>\n<meta property=\"og:locale\" content=\"es_ES\" \/>\n<meta property=\"og:type\" content=\"article\" \/>\n<meta property=\"og:title\" content=\"Oponte a la reforma de la legislaci\u00f3n antilaboral mexicana\" \/>\n<meta property=\"og:description\" content=\"Con los peligrosos cambios en la legislaci\u00f3n laboral de M\u00e9xico se trata de legalizar el abuso masivo de los derechos de los trabajadores en todo el pa\u00eds.\" \/>\n<meta property=\"og:url\" content=\"https:\/\/admin.industriall-union.org\/es\/oponte-a-la-reforma-de-la-legislacion-antilaboral-mexicana\/\" \/>\n<meta property=\"og:site_name\" content=\"industriall-union\" \/>\n<meta property=\"article:modified_time\" content=\"2025-02-08T18:36:48+00:00\" \/>\n<meta name=\"twitter:card\" content=\"summary_large_image\" \/>\n<meta name=\"twitter:label1\" content=\"Est. reading time\" \/>\n\t<meta name=\"twitter:data1\" content=\"2 minutes\" \/>\n<script type=\"application\/ld+json\" class=\"yoast-schema-graph\">{\"@context\":\"https:\/\/schema.org\",\"@graph\":[{\"@type\":\"WebPage\",\"@id\":\"https:\/\/admin.industriall-union.org\/es\/oponte-a-la-reforma-de-la-legislacion-antilaboral-mexicana\/\",\"url\":\"https:\/\/admin.industriall-union.org\/es\/oponte-a-la-reforma-de-la-legislacion-antilaboral-mexicana\/\",\"name\":\"Oponte a la reforma de la legislaci\u00f3n antilaboral mexicana - industriall-union\",\"isPartOf\":{\"@id\":\"https:\/\/admin.industriall-union.org\/#website\"},\"datePublished\":\"2012-10-23T13:47:13+00:00\",\"dateModified\":\"2025-02-08T18:36:48+00:00\",\"description\":\"Con los peligrosos cambios en la legislaci\u00f3n laboral de M\u00e9xico se trata de legalizar el abuso masivo de los derechos de los trabajadores en todo el pa\u00eds.\",\"breadcrumb\":{\"@id\":\"https:\/\/admin.industriall-union.org\/es\/oponte-a-la-reforma-de-la-legislacion-antilaboral-mexicana\/#breadcrumb\"},\"inLanguage\":\"es-ES\",\"potentialAction\":[{\"@type\":\"ReadAction\",\"target\":[\"https:\/\/admin.industriall-union.org\/es\/oponte-a-la-reforma-de-la-legislacion-antilaboral-mexicana\/\"]}]},{\"@type\":\"BreadcrumbList\",\"@id\":\"https:\/\/admin.industriall-union.org\/es\/oponte-a-la-reforma-de-la-legislacion-antilaboral-mexicana\/#breadcrumb\",\"itemListElement\":[{\"@type\":\"ListItem\",\"position\":1,\"name\":\"Home\",\"item\":\"https:\/\/admin.industriall-union.org\/\"},{\"@type\":\"ListItem\",\"position\":2,\"name\":\"Articles\",\"item\":\"https:\/\/admin.industriall-union.org\/article\/\"},{\"@type\":\"ListItem\",\"position\":3,\"name\":\"Oponte a la reforma de la legislaci\u00f3n antilaboral mexicana\"}]},{\"@type\":\"WebSite\",\"@id\":\"https:\/\/admin.industriall-union.org\/#website\",\"url\":\"https:\/\/admin.industriall-union.org\/\",\"name\":\"industriall-union\",\"description\":\"\",\"potentialAction\":[{\"@type\":\"SearchAction\",\"target\":{\"@type\":\"EntryPoint\",\"urlTemplate\":\"https:\/\/admin.industriall-union.org\/?s={search_term_string}\"},\"query-input\":{\"@type\":\"PropertyValueSpecification\",\"valueRequired\":true,\"valueName\":\"search_term_string\"}}],\"inLanguage\":\"es-ES\"}]}<\/script>\n<!-- \/ Yoast SEO Premium plugin. -->","yoast_head_json":{"title":"Oponte a la reforma de la legislaci\u00f3n antilaboral mexicana - industriall-union","description":"Con los peligrosos cambios en la legislaci\u00f3n laboral de M\u00e9xico se trata de legalizar el abuso masivo de los derechos de los trabajadores en todo el pa\u00eds.","robots":{"index":"index","follow":"follow","max-snippet":"max-snippet:-1","max-image-preview":"max-image-preview:large","max-video-preview":"max-video-preview:-1"},"canonical":"https:\/\/admin.industriall-union.org\/es\/oponte-a-la-reforma-de-la-legislacion-antilaboral-mexicana\/","og_locale":"es_ES","og_type":"article","og_title":"Oponte a la reforma de la legislaci\u00f3n antilaboral mexicana","og_description":"Con los peligrosos cambios en la legislaci\u00f3n laboral de M\u00e9xico se trata de legalizar el abuso masivo de los derechos de los trabajadores en todo el pa\u00eds.","og_url":"https:\/\/admin.industriall-union.org\/es\/oponte-a-la-reforma-de-la-legislacion-antilaboral-mexicana\/","og_site_name":"industriall-union","article_modified_time":"2025-02-08T18:36:48+00:00","twitter_card":"summary_large_image","twitter_misc":{"Est. reading time":"2 minutes"},"schema":{"@context":"https:\/\/schema.org","@graph":[{"@type":"WebPage","@id":"https:\/\/admin.industriall-union.org\/es\/oponte-a-la-reforma-de-la-legislacion-antilaboral-mexicana\/","url":"https:\/\/admin.industriall-union.org\/es\/oponte-a-la-reforma-de-la-legislacion-antilaboral-mexicana\/","name":"Oponte a la reforma de la legislaci\u00f3n antilaboral mexicana - industriall-union","isPartOf":{"@id":"https:\/\/admin.industriall-union.org\/#website"},"datePublished":"2012-10-23T13:47:13+00:00","dateModified":"2025-02-08T18:36:48+00:00","description":"Con los peligrosos cambios en la legislaci\u00f3n laboral de M\u00e9xico se trata de legalizar el abuso masivo de los derechos de los trabajadores en todo el pa\u00eds.","breadcrumb":{"@id":"https:\/\/admin.industriall-union.org\/es\/oponte-a-la-reforma-de-la-legislacion-antilaboral-mexicana\/#breadcrumb"},"inLanguage":"es-ES","potentialAction":[{"@type":"ReadAction","target":["https:\/\/admin.industriall-union.org\/es\/oponte-a-la-reforma-de-la-legislacion-antilaboral-mexicana\/"]}]},{"@type":"BreadcrumbList","@id":"https:\/\/admin.industriall-union.org\/es\/oponte-a-la-reforma-de-la-legislacion-antilaboral-mexicana\/#breadcrumb","itemListElement":[{"@type":"ListItem","position":1,"name":"Home","item":"https:\/\/admin.industriall-union.org\/"},{"@type":"ListItem","position":2,"name":"Articles","item":"https:\/\/admin.industriall-union.org\/article\/"},{"@type":"ListItem","position":3,"name":"Oponte a la reforma de la legislaci\u00f3n antilaboral mexicana"}]},{"@type":"WebSite","@id":"https:\/\/admin.industriall-union.org\/#website","url":"https:\/\/admin.industriall-union.org\/","name":"industriall-union","description":"","potentialAction":[{"@type":"SearchAction","target":{"@type":"EntryPoint","urlTemplate":"https:\/\/admin.industriall-union.org\/?s={search_term_string}"},"query-input":{"@type":"PropertyValueSpecification","valueRequired":true,"valueName":"search_term_string"}}],"inLanguage":"es-ES"}]}},"_links":{"self":[{"href":"https:\/\/admin.industriall-union.org\/es\/wp-json\/wp\/v2\/article\/175230","targetHints":{"allow":["GET"]}}],"collection":[{"href":"https:\/\/admin.industriall-union.org\/es\/wp-json\/wp\/v2\/article"}],"about":[{"href":"https:\/\/admin.industriall-union.org\/es\/wp-json\/wp\/v2\/types\/article"}],"wp:attachment":[{"href":"https:\/\/admin.industriall-union.org\/es\/wp-json\/wp\/v2\/media?parent=175230"}],"wp:term":[{"taxonomy":"issues","embeddable":true,"href":"https:\/\/admin.industriall-union.org\/es\/wp-json\/wp\/v2\/issues?post=175230"},{"taxonomy":"companies","embeddable":true,"href":"https:\/\/admin.industriall-union.org\/es\/wp-json\/wp\/v2\/companies?post=175230"},{"taxonomy":"regions","embeddable":true,"href":"https:\/\/admin.industriall-union.org\/es\/wp-json\/wp\/v2\/regions?post=175230"},{"taxonomy":"sectors","embeddable":true,"href":"https:\/\/admin.industriall-union.org\/es\/wp-json\/wp\/v2\/sectors?post=175230"},{"taxonomy":"article_tags","embeddable":true,"href":"https:\/\/admin.industriall-union.org\/es\/wp-json\/wp\/v2\/article_tags?post=175230"}],"curies":[{"name":"wp","href":"https:\/\/api.w.org\/{rel}","templated":true}]}}