{"id":175217,"date":"2012-10-23T19:55:38","date_gmt":"2012-10-23T19:55:38","guid":{"rendered":"https:\/\/admin.industriall-union.org\/se-realiza-lanzamiento-de-industriall-global-union-chile\/"},"modified":"2025-02-08T18:35:20","modified_gmt":"2025-02-08T18:35:20","slug":"se-realiza-lanzamiento-de-industriall-global-union-chile","status":"publish","type":"article","link":"https:\/\/admin.industriall-union.org\/es\/se-realiza-lanzamiento-de-industriall-global-union-chile\/","title":{"rendered":"Se realiza Lanzamiento de  IndustriALL Global Union Chile"},"content":{"rendered":"<p>El lunes 22 de octubre se realiz\u00f3 en Santiago de Chile el lanzamiento oficial de IndustriALL Global Union para las organizaciones afiliadas en dicho pa\u00eds, en las instalaciones de la Federaci\u00f3n de Trabajadores del Cobre.<\/p><p>El encuentro cont\u00f3 con las presencias de Jorge Almeida, Secretario Regional de IndustriALL para Am\u00e9rica Latina y el Caribe, Sergio Novais miembro del Comit\u00e9 de Finanzas, representantes de las directivas de las organizaciones sindicales afiliadas, representantes de centrales sindicales, y de la Organizaci\u00f3n Internacional del Trabajo en Chile.<\/p><p>Los dirigentes y dirigentas sindicales que asistieron al lanzamiento pudieron comprender las prioridades del plan de acci\u00f3n de IndustriALL, &nbsp;recibieron un mensaje de Jyrki Raina, Secretario General de IndustriALL Global Union, quien llam\u00f3 a la unidad del movimiento sindical chileno.<\/p><p>Jorge Almeida, puso \u00e9nfasis en las luchas que existen actualmente en todo el mundo, y llam\u00f3 a solidarizar con los movimientos sindicales hermanos, como es el caso de los compa\u00f1eros de Espa\u00f1a, Portugal y &nbsp;Grecia, y asimismo con el sindicalismo independiente de M\u00e9xico. Destac\u00f3 que el 19 de junio en Copenhague, cuando se realiz\u00f3 el congreso fundacional de IndustriALL, fue un hecho hist\u00f3rico y por ende llam\u00f3 a trabajar unidos por el beneficio de los trabajadores y trabajadoras.<\/p><p>Carlos Rodr\u00edguez, especialista en actividades para los trabajadores de la OIT, tambi\u00e9n se dirigi\u00f3 a los asistentes felicitando la iniciativa de esta organizaci\u00f3n sindical mundial, valorando la actividad de los trabajadores y trabajadores chilenos.<\/p>","protected":false},"featured_media":0,"template":"","issues":[396],"companies":[],"regions":[263],"sectors":[],"article_tags":[],"class_list":["post-175217","article","type-article","status-publish","hentry","issues-building-strong-unions","regions-chile"],"acf":[],"yoast_head":"<!-- This site is optimized with the Yoast SEO Premium plugin v27.1 (Yoast SEO v27.1) - https:\/\/yoast.com\/product\/yoast-seo-premium-wordpress\/ -->\n<title>Se realiza Lanzamiento de IndustriALL Global Union Chile - industriall-union<\/title>\n<meta name=\"description\" content=\"El lunes 22 de octubre se realiz\u00f3 en Santiago de Chile el lanzamiento oficial de IndustriALL Global Union para las organizaciones afiliadas en dicho pa\u00eds,\" \/>\n<meta name=\"robots\" content=\"index, follow, max-snippet:-1, max-image-preview:large, max-video-preview:-1\" \/>\n<link rel=\"canonical\" href=\"https:\/\/admin.industriall-union.org\/es\/se-realiza-lanzamiento-de-industriall-global-union-chile\/\" \/>\n<meta property=\"og:locale\" content=\"es_ES\" \/>\n<meta property=\"og:type\" content=\"article\" \/>\n<meta property=\"og:title\" content=\"Se realiza Lanzamiento de IndustriALL Global Union Chile\" \/>\n<meta property=\"og:description\" content=\"El lunes 22 de octubre se realiz\u00f3 en Santiago de Chile el lanzamiento oficial de IndustriALL Global Union para las organizaciones afiliadas en dicho pa\u00eds,\" \/>\n<meta property=\"og:url\" content=\"https:\/\/admin.industriall-union.org\/es\/se-realiza-lanzamiento-de-industriall-global-union-chile\/\" \/>\n<meta property=\"og:site_name\" content=\"industriall-union\" \/>\n<meta property=\"article:modified_time\" content=\"2025-02-08T18:35:20+00:00\" \/>\n<meta name=\"twitter:card\" content=\"summary_large_image\" \/>\n<meta name=\"twitter:label1\" content=\"Est. reading time\" \/>\n\t<meta name=\"twitter:data1\" content=\"1 minute\" \/>\n<script type=\"application\/ld+json\" class=\"yoast-schema-graph\">{\"@context\":\"https:\/\/schema.org\",\"@graph\":[{\"@type\":\"WebPage\",\"@id\":\"https:\/\/admin.industriall-union.org\/es\/se-realiza-lanzamiento-de-industriall-global-union-chile\/\",\"url\":\"https:\/\/admin.industriall-union.org\/es\/se-realiza-lanzamiento-de-industriall-global-union-chile\/\",\"name\":\"Se realiza Lanzamiento de IndustriALL Global Union Chile - industriall-union\",\"isPartOf\":{\"@id\":\"https:\/\/admin.industriall-union.org\/#website\"},\"datePublished\":\"2012-10-23T19:55:38+00:00\",\"dateModified\":\"2025-02-08T18:35:20+00:00\",\"description\":\"El lunes 22 de octubre se realiz\u00f3 en Santiago de Chile el lanzamiento oficial de IndustriALL Global Union para las organizaciones afiliadas en dicho pa\u00eds,\",\"breadcrumb\":{\"@id\":\"https:\/\/admin.industriall-union.org\/es\/se-realiza-lanzamiento-de-industriall-global-union-chile\/#breadcrumb\"},\"inLanguage\":\"es-ES\",\"potentialAction\":[{\"@type\":\"ReadAction\",\"target\":[\"https:\/\/admin.industriall-union.org\/es\/se-realiza-lanzamiento-de-industriall-global-union-chile\/\"]}]},{\"@type\":\"BreadcrumbList\",\"@id\":\"https:\/\/admin.industriall-union.org\/es\/se-realiza-lanzamiento-de-industriall-global-union-chile\/#breadcrumb\",\"itemListElement\":[{\"@type\":\"ListItem\",\"position\":1,\"name\":\"Home\",\"item\":\"https:\/\/admin.industriall-union.org\/\"},{\"@type\":\"ListItem\",\"position\":2,\"name\":\"Articles\",\"item\":\"https:\/\/admin.industriall-union.org\/article\/\"},{\"@type\":\"ListItem\",\"position\":3,\"name\":\"Se realiza Lanzamiento de IndustriALL Global Union Chile\"}]},{\"@type\":\"WebSite\",\"@id\":\"https:\/\/admin.industriall-union.org\/#website\",\"url\":\"https:\/\/admin.industriall-union.org\/\",\"name\":\"industriall-union\",\"description\":\"\",\"potentialAction\":[{\"@type\":\"SearchAction\",\"target\":{\"@type\":\"EntryPoint\",\"urlTemplate\":\"https:\/\/admin.industriall-union.org\/?s={search_term_string}\"},\"query-input\":{\"@type\":\"PropertyValueSpecification\",\"valueRequired\":true,\"valueName\":\"search_term_string\"}}],\"inLanguage\":\"es-ES\"}]}<\/script>\n<!-- \/ Yoast SEO Premium plugin. -->","yoast_head_json":{"title":"Se realiza Lanzamiento de IndustriALL Global Union Chile - industriall-union","description":"El lunes 22 de octubre se realiz\u00f3 en Santiago de Chile el lanzamiento oficial de IndustriALL Global Union para las organizaciones afiliadas en dicho pa\u00eds,","robots":{"index":"index","follow":"follow","max-snippet":"max-snippet:-1","max-image-preview":"max-image-preview:large","max-video-preview":"max-video-preview:-1"},"canonical":"https:\/\/admin.industriall-union.org\/es\/se-realiza-lanzamiento-de-industriall-global-union-chile\/","og_locale":"es_ES","og_type":"article","og_title":"Se realiza Lanzamiento de IndustriALL Global Union Chile","og_description":"El lunes 22 de octubre se realiz\u00f3 en Santiago de Chile el lanzamiento oficial de IndustriALL Global Union para las organizaciones afiliadas en dicho pa\u00eds,","og_url":"https:\/\/admin.industriall-union.org\/es\/se-realiza-lanzamiento-de-industriall-global-union-chile\/","og_site_name":"industriall-union","article_modified_time":"2025-02-08T18:35:20+00:00","twitter_card":"summary_large_image","twitter_misc":{"Est. reading time":"1 minute"},"schema":{"@context":"https:\/\/schema.org","@graph":[{"@type":"WebPage","@id":"https:\/\/admin.industriall-union.org\/es\/se-realiza-lanzamiento-de-industriall-global-union-chile\/","url":"https:\/\/admin.industriall-union.org\/es\/se-realiza-lanzamiento-de-industriall-global-union-chile\/","name":"Se realiza Lanzamiento de IndustriALL Global Union Chile - industriall-union","isPartOf":{"@id":"https:\/\/admin.industriall-union.org\/#website"},"datePublished":"2012-10-23T19:55:38+00:00","dateModified":"2025-02-08T18:35:20+00:00","description":"El lunes 22 de octubre se realiz\u00f3 en Santiago de Chile el lanzamiento oficial de IndustriALL Global Union para las organizaciones afiliadas en dicho pa\u00eds,","breadcrumb":{"@id":"https:\/\/admin.industriall-union.org\/es\/se-realiza-lanzamiento-de-industriall-global-union-chile\/#breadcrumb"},"inLanguage":"es-ES","potentialAction":[{"@type":"ReadAction","target":["https:\/\/admin.industriall-union.org\/es\/se-realiza-lanzamiento-de-industriall-global-union-chile\/"]}]},{"@type":"BreadcrumbList","@id":"https:\/\/admin.industriall-union.org\/es\/se-realiza-lanzamiento-de-industriall-global-union-chile\/#breadcrumb","itemListElement":[{"@type":"ListItem","position":1,"name":"Home","item":"https:\/\/admin.industriall-union.org\/"},{"@type":"ListItem","position":2,"name":"Articles","item":"https:\/\/admin.industriall-union.org\/article\/"},{"@type":"ListItem","position":3,"name":"Se realiza Lanzamiento de IndustriALL Global Union Chile"}]},{"@type":"WebSite","@id":"https:\/\/admin.industriall-union.org\/#website","url":"https:\/\/admin.industriall-union.org\/","name":"industriall-union","description":"","potentialAction":[{"@type":"SearchAction","target":{"@type":"EntryPoint","urlTemplate":"https:\/\/admin.industriall-union.org\/?s={search_term_string}"},"query-input":{"@type":"PropertyValueSpecification","valueRequired":true,"valueName":"search_term_string"}}],"inLanguage":"es-ES"}]}},"_links":{"self":[{"href":"https:\/\/admin.industriall-union.org\/es\/wp-json\/wp\/v2\/article\/175217","targetHints":{"allow":["GET"]}}],"collection":[{"href":"https:\/\/admin.industriall-union.org\/es\/wp-json\/wp\/v2\/article"}],"about":[{"href":"https:\/\/admin.industriall-union.org\/es\/wp-json\/wp\/v2\/types\/article"}],"wp:attachment":[{"href":"https:\/\/admin.industriall-union.org\/es\/wp-json\/wp\/v2\/media?parent=175217"}],"wp:term":[{"taxonomy":"issues","embeddable":true,"href":"https:\/\/admin.industriall-union.org\/es\/wp-json\/wp\/v2\/issues?post=175217"},{"taxonomy":"companies","embeddable":true,"href":"https:\/\/admin.industriall-union.org\/es\/wp-json\/wp\/v2\/companies?post=175217"},{"taxonomy":"regions","embeddable":true,"href":"https:\/\/admin.industriall-union.org\/es\/wp-json\/wp\/v2\/regions?post=175217"},{"taxonomy":"sectors","embeddable":true,"href":"https:\/\/admin.industriall-union.org\/es\/wp-json\/wp\/v2\/sectors?post=175217"},{"taxonomy":"article_tags","embeddable":true,"href":"https:\/\/admin.industriall-union.org\/es\/wp-json\/wp\/v2\/article_tags?post=175217"}],"curies":[{"name":"wp","href":"https:\/\/api.w.org\/{rel}","templated":true}]}}