{"id":175090,"date":"2012-11-01T17:19:15","date_gmt":"2012-11-01T17:19:15","guid":{"rendered":"https:\/\/admin.industriall-union.org\/sindicatos-europeos-protestan-contra-cierres-de-plantas-de-ford\/"},"modified":"2025-02-08T18:08:06","modified_gmt":"2025-02-08T18:08:06","slug":"sindicatos-europeos-protestan-contra-cierres-de-plantas-de-ford","status":"publish","type":"article","link":"https:\/\/admin.industriall-union.org\/es\/sindicatos-europeos-protestan-contra-cierres-de-plantas-de-ford\/","title":{"rendered":"Sindicatos europeos protestan contra cierres de plantas de Ford"},"content":{"rendered":"<p>El 24 de octubre Ford confirm\u00f3 sus planes de cerrar su planta de montaje de autom\u00f3viles en Genk (B\u00e9lgica) y de transferir la producci\u00f3n a Espa\u00f1a. Un d\u00eda despu\u00e9s, la compa\u00f1\u00eda revel\u00f3 tambi\u00e9n que cerrar\u00eda la factor\u00eda de chasis de cabinas en Transit en Southampton y las unidades de maquinado y estampado en Dagenham (Reino Unido).<\/p><p>La compa\u00f1\u00eda dice que elimina supercapacidades en Europa a fin de abordar p\u00e9rdidas debido a la reducci\u00f3n del mercado de autom\u00f3viles en Europa Occidental. Si se aplica la decisi\u00f3n de Ford perder\u00e1n su empleo 4.300 trabajadores en B\u00e9lgica y 1.400 en el Reino Unido.<\/p><p>Los sindicatos belgas anunciaron manifestaciones masivas el 11 de noviembre, en respuesta a los planes anunciados. Esta decisi\u00f3n de Ford es el segundo mayor golpe asentado al sector de la automoci\u00f3n del pa\u00eds desde comienzos de octubre, cuando General Motors decidi\u00f3 recortar 1.000 empleos en Amberes.<\/p><p>Unite the Union, el mayor sindicato brit\u00e1nico, culp\u00f3 a la compa\u00f1\u00eda de &ldquo;traicionar&rdquo; a su leal fuerza de trabajo. El secretario general de Unite, Len McCluskey, dijo que las consecuencias ser\u00edan devastadoras para las comunidades locales, pues resultar\u00edan afectados en total m\u00e1s de 10.000 empleos en las cadenas de suministro.<\/p><p>Con el fin de abordar la cuesti\u00f3n de los cierres y la reestructuraci\u00f3n en Europa en toda su complejidad, los sindicatos europeos que representan a los trabajadores del autom\u00f3vil apelaron a las instituciones rectoras europeas en una declaraci\u00f3n adoptada en la reciente reuni\u00f3n del autom\u00f3vil de la IndustriALL European Trade Union, celebrada el 30 de octubre en Luxemburgo.<\/p><p>&quot;Pedimos a las instituciones europeas que aborden sin demora una gesti\u00f3n socialmente aceptable de la reestructuraci\u00f3n y la previsi\u00f3n del cambio. Un marco europeo debe asegurar que el cambio se gestione debidamente, anticip\u00e1ndose a \u00e9l, y que se limite el costo social de la reestructuraci\u00f3n&rdquo;, reza la declaraci\u00f3n.<\/p><p>El grupo europeo de sindicatos de la automoci\u00f3n ha apoyado tambi\u00e9n el d\u00eda contra la austeridad, anunciado anteriormente por la Confederaci\u00f3n Europea de Sindicatos (CES), el D\u00eda de Acci\u00f3n y S0142o y6 7 gyf6g5 3 4lidaridad Europeo, previsto para el 14 de noviembre de 2012.<\/p>","protected":false},"featured_media":0,"template":"","issues":[406,409,412,420],"companies":[51],"regions":[208,202,251],"sectors":[482],"article_tags":[],"class_list":["post-175090","article","type-article","status-publish","hentry","issues-confronting-global-capital","issues-multinational-companies-mncs","issues-social-justice-and-globalization","issues-solidarity","companies-ford-motor-co","regions-belgium","regions-europe","regions-united-kingdom","sectors-automotive"],"acf":[],"yoast_head":"<!-- This site is optimized with the Yoast SEO Premium plugin v27.1 (Yoast SEO v27.1) - https:\/\/yoast.com\/product\/yoast-seo-premium-wordpress\/ -->\n<title>Sindicatos europeos protestan contra cierres de plantas de Ford - industriall-union<\/title>\n<meta name=\"description\" content=\"El 24 de octubre Ford confirm\u00f3 sus planes de cerrar su planta de montaje de autom\u00f3viles en Genk (B\u00e9lgica) y de transferir la producci\u00f3n a Espa\u00f1a. Un d\u00eda\" \/>\n<meta name=\"robots\" content=\"index, follow, max-snippet:-1, max-image-preview:large, max-video-preview:-1\" \/>\n<link rel=\"canonical\" href=\"https:\/\/admin.industriall-union.org\/es\/sindicatos-europeos-protestan-contra-cierres-de-plantas-de-ford\/\" \/>\n<meta property=\"og:locale\" content=\"es_ES\" \/>\n<meta property=\"og:type\" content=\"article\" \/>\n<meta property=\"og:title\" content=\"Sindicatos europeos protestan contra cierres de plantas de Ford\" \/>\n<meta property=\"og:description\" content=\"El 24 de octubre Ford confirm\u00f3 sus planes de cerrar su planta de montaje de autom\u00f3viles en Genk (B\u00e9lgica) y de transferir la producci\u00f3n a Espa\u00f1a. Un d\u00eda\" \/>\n<meta property=\"og:url\" content=\"https:\/\/admin.industriall-union.org\/es\/sindicatos-europeos-protestan-contra-cierres-de-plantas-de-ford\/\" \/>\n<meta property=\"og:site_name\" content=\"industriall-union\" \/>\n<meta property=\"article:modified_time\" content=\"2025-02-08T18:08:06+00:00\" \/>\n<meta name=\"twitter:card\" content=\"summary_large_image\" \/>\n<meta name=\"twitter:label1\" content=\"Est. reading time\" \/>\n\t<meta name=\"twitter:data1\" content=\"2 minutes\" \/>\n<script type=\"application\/ld+json\" class=\"yoast-schema-graph\">{\"@context\":\"https:\/\/schema.org\",\"@graph\":[{\"@type\":\"WebPage\",\"@id\":\"https:\/\/admin.industriall-union.org\/es\/sindicatos-europeos-protestan-contra-cierres-de-plantas-de-ford\/\",\"url\":\"https:\/\/admin.industriall-union.org\/es\/sindicatos-europeos-protestan-contra-cierres-de-plantas-de-ford\/\",\"name\":\"Sindicatos europeos protestan contra cierres de plantas de Ford - industriall-union\",\"isPartOf\":{\"@id\":\"https:\/\/admin.industriall-union.org\/#website\"},\"datePublished\":\"2012-11-01T17:19:15+00:00\",\"dateModified\":\"2025-02-08T18:08:06+00:00\",\"description\":\"El 24 de octubre Ford confirm\u00f3 sus planes de cerrar su planta de montaje de autom\u00f3viles en Genk (B\u00e9lgica) y de transferir la producci\u00f3n a Espa\u00f1a. Un d\u00eda\",\"breadcrumb\":{\"@id\":\"https:\/\/admin.industriall-union.org\/es\/sindicatos-europeos-protestan-contra-cierres-de-plantas-de-ford\/#breadcrumb\"},\"inLanguage\":\"es-ES\",\"potentialAction\":[{\"@type\":\"ReadAction\",\"target\":[\"https:\/\/admin.industriall-union.org\/es\/sindicatos-europeos-protestan-contra-cierres-de-plantas-de-ford\/\"]}]},{\"@type\":\"BreadcrumbList\",\"@id\":\"https:\/\/admin.industriall-union.org\/es\/sindicatos-europeos-protestan-contra-cierres-de-plantas-de-ford\/#breadcrumb\",\"itemListElement\":[{\"@type\":\"ListItem\",\"position\":1,\"name\":\"Home\",\"item\":\"https:\/\/admin.industriall-union.org\/\"},{\"@type\":\"ListItem\",\"position\":2,\"name\":\"Articles\",\"item\":\"https:\/\/admin.industriall-union.org\/article\/\"},{\"@type\":\"ListItem\",\"position\":3,\"name\":\"Sindicatos europeos protestan contra cierres de plantas de Ford\"}]},{\"@type\":\"WebSite\",\"@id\":\"https:\/\/admin.industriall-union.org\/#website\",\"url\":\"https:\/\/admin.industriall-union.org\/\",\"name\":\"industriall-union\",\"description\":\"\",\"potentialAction\":[{\"@type\":\"SearchAction\",\"target\":{\"@type\":\"EntryPoint\",\"urlTemplate\":\"https:\/\/admin.industriall-union.org\/?s={search_term_string}\"},\"query-input\":{\"@type\":\"PropertyValueSpecification\",\"valueRequired\":true,\"valueName\":\"search_term_string\"}}],\"inLanguage\":\"es-ES\"}]}<\/script>\n<!-- \/ Yoast SEO Premium plugin. -->","yoast_head_json":{"title":"Sindicatos europeos protestan contra cierres de plantas de Ford - industriall-union","description":"El 24 de octubre Ford confirm\u00f3 sus planes de cerrar su planta de montaje de autom\u00f3viles en Genk (B\u00e9lgica) y de transferir la producci\u00f3n a Espa\u00f1a. Un d\u00eda","robots":{"index":"index","follow":"follow","max-snippet":"max-snippet:-1","max-image-preview":"max-image-preview:large","max-video-preview":"max-video-preview:-1"},"canonical":"https:\/\/admin.industriall-union.org\/es\/sindicatos-europeos-protestan-contra-cierres-de-plantas-de-ford\/","og_locale":"es_ES","og_type":"article","og_title":"Sindicatos europeos protestan contra cierres de plantas de Ford","og_description":"El 24 de octubre Ford confirm\u00f3 sus planes de cerrar su planta de montaje de autom\u00f3viles en Genk (B\u00e9lgica) y de transferir la producci\u00f3n a Espa\u00f1a. Un d\u00eda","og_url":"https:\/\/admin.industriall-union.org\/es\/sindicatos-europeos-protestan-contra-cierres-de-plantas-de-ford\/","og_site_name":"industriall-union","article_modified_time":"2025-02-08T18:08:06+00:00","twitter_card":"summary_large_image","twitter_misc":{"Est. reading time":"2 minutes"},"schema":{"@context":"https:\/\/schema.org","@graph":[{"@type":"WebPage","@id":"https:\/\/admin.industriall-union.org\/es\/sindicatos-europeos-protestan-contra-cierres-de-plantas-de-ford\/","url":"https:\/\/admin.industriall-union.org\/es\/sindicatos-europeos-protestan-contra-cierres-de-plantas-de-ford\/","name":"Sindicatos europeos protestan contra cierres de plantas de Ford - industriall-union","isPartOf":{"@id":"https:\/\/admin.industriall-union.org\/#website"},"datePublished":"2012-11-01T17:19:15+00:00","dateModified":"2025-02-08T18:08:06+00:00","description":"El 24 de octubre Ford confirm\u00f3 sus planes de cerrar su planta de montaje de autom\u00f3viles en Genk (B\u00e9lgica) y de transferir la producci\u00f3n a Espa\u00f1a. Un d\u00eda","breadcrumb":{"@id":"https:\/\/admin.industriall-union.org\/es\/sindicatos-europeos-protestan-contra-cierres-de-plantas-de-ford\/#breadcrumb"},"inLanguage":"es-ES","potentialAction":[{"@type":"ReadAction","target":["https:\/\/admin.industriall-union.org\/es\/sindicatos-europeos-protestan-contra-cierres-de-plantas-de-ford\/"]}]},{"@type":"BreadcrumbList","@id":"https:\/\/admin.industriall-union.org\/es\/sindicatos-europeos-protestan-contra-cierres-de-plantas-de-ford\/#breadcrumb","itemListElement":[{"@type":"ListItem","position":1,"name":"Home","item":"https:\/\/admin.industriall-union.org\/"},{"@type":"ListItem","position":2,"name":"Articles","item":"https:\/\/admin.industriall-union.org\/article\/"},{"@type":"ListItem","position":3,"name":"Sindicatos europeos protestan contra cierres de plantas de Ford"}]},{"@type":"WebSite","@id":"https:\/\/admin.industriall-union.org\/#website","url":"https:\/\/admin.industriall-union.org\/","name":"industriall-union","description":"","potentialAction":[{"@type":"SearchAction","target":{"@type":"EntryPoint","urlTemplate":"https:\/\/admin.industriall-union.org\/?s={search_term_string}"},"query-input":{"@type":"PropertyValueSpecification","valueRequired":true,"valueName":"search_term_string"}}],"inLanguage":"es-ES"}]}},"_links":{"self":[{"href":"https:\/\/admin.industriall-union.org\/es\/wp-json\/wp\/v2\/article\/175090","targetHints":{"allow":["GET"]}}],"collection":[{"href":"https:\/\/admin.industriall-union.org\/es\/wp-json\/wp\/v2\/article"}],"about":[{"href":"https:\/\/admin.industriall-union.org\/es\/wp-json\/wp\/v2\/types\/article"}],"wp:attachment":[{"href":"https:\/\/admin.industriall-union.org\/es\/wp-json\/wp\/v2\/media?parent=175090"}],"wp:term":[{"taxonomy":"issues","embeddable":true,"href":"https:\/\/admin.industriall-union.org\/es\/wp-json\/wp\/v2\/issues?post=175090"},{"taxonomy":"companies","embeddable":true,"href":"https:\/\/admin.industriall-union.org\/es\/wp-json\/wp\/v2\/companies?post=175090"},{"taxonomy":"regions","embeddable":true,"href":"https:\/\/admin.industriall-union.org\/es\/wp-json\/wp\/v2\/regions?post=175090"},{"taxonomy":"sectors","embeddable":true,"href":"https:\/\/admin.industriall-union.org\/es\/wp-json\/wp\/v2\/sectors?post=175090"},{"taxonomy":"article_tags","embeddable":true,"href":"https:\/\/admin.industriall-union.org\/es\/wp-json\/wp\/v2\/article_tags?post=175090"}],"curies":[{"name":"wp","href":"https:\/\/api.w.org\/{rel}","templated":true}]}}