{"id":175068,"date":"2012-11-02T16:39:49","date_gmt":"2012-11-02T16:39:49","guid":{"rendered":"https:\/\/admin.industriall-union.org\/la-red-de-trabajadores-de-gerdau-une-por-los-derechos-en-colombia\/"},"modified":"2025-02-08T17:56:48","modified_gmt":"2025-02-08T17:56:48","slug":"la-red-de-trabajadores-de-gerdau-une-por-los-derechos-en-colombia","status":"publish","type":"article","link":"https:\/\/admin.industriall-union.org\/es\/la-red-de-trabajadores-de-gerdau-une-por-los-derechos-en-colombia\/","title":{"rendered":"La red de trabajadores de Gerdau une por los derechos en Colombia"},"content":{"rendered":"<p>Desde su llegada a Colombia, Gerdau se ha enriquecido a costa de los trabajadores. Primero cerr\u00f3 sus operaciones en Laminados Andinos y Sidelpa para trasladar la producci\u00f3n a otras plantas. Luego trat\u00f3, sin \u00e9xito, de cerrar Duitama. Pero, cuando la empresa se vio obligada a volver a abrir, contrat\u00f3 s\u00f3lo a trabajadores temporizados. Hoy, en Duitama, hay 3 trabajadores subcontratados por cada trabajador permanente.<\/p><p>Tambi\u00e9n ha tratado de desmantelar la planta de Cota, en la que hay menos de un tercio de los trabajadores que ten\u00eda en 2010. Su \u00faltima acci\u00f3n es el despido en masa de trabajadores en plantas situadas en Mu\u00f1a y Tocancip\u00e1, y el despido de otros en Tuta.<\/p><p>Andre Gerdau ha adquirido el 80% de la capacidad de producci\u00f3n de acero en Colombia. Ahora parece que su verdadero inter\u00e9s es lograr cuota del mercado colombiano, no crear empleos para mejorar la vida de los trabajadores ni que crezca la industria colombiana. Ahora, el acero proceder\u00e1 de M\u00e9xico o de Brasil y se vender\u00e1 en Colombia. Y Gerdau ser\u00e1 m\u00e1s rico, mientras Colombia y sus trabajadores ser\u00e1n m\u00e1s pobres.<\/p><p>El Comit\u00e9 Mundial de Trabajadores de Gerdau defiende el derecho a tener una vida digna y un trabajo decente en todos los pa\u00edses donde representa a los trabajadores. No vamos a caer en la estrategia de la compa\u00f1\u00eda de enfrentar a unos trabajadores contra otros, cuando su \u00fanico objetivo es mejorar los beneficios a costa nuestra. Gerdau habla de &quot;\u00e9tica&quot; y &quot;respeto&rdquo;, pero en la pr\u00e1ctica vemos lo contrario.<\/p><p>Los trabajadores de Gerdau en todo el mundo exigen respeto a los trabajadores de Gerdau en Colombia.<\/p>","protected":false},"featured_media":0,"template":"","issues":[406,412,415,425],"companies":[59],"regions":[264],"sectors":[481],"article_tags":[],"class_list":["post-175068","article","type-article","status-publish","hentry","issues-confronting-global-capital","issues-social-justice-and-globalization","issues-stop-precarious-work","issues-workers-rights","companies-gerdau","regions-colombia","sectors-base-metals"],"acf":[],"yoast_head":"<!-- This site is optimized with the Yoast SEO Premium plugin v27.1 (Yoast SEO v27.1) - https:\/\/yoast.com\/product\/yoast-seo-premium-wordpress\/ -->\n<title>La red de trabajadores de Gerdau une por los derechos en Colombia - industriall-union<\/title>\n<meta name=\"description\" content=\"Desde su llegada a Colombia, Gerdau se ha enriquecido a costa de los trabajadores. Primero cerr\u00f3 sus operaciones en Laminados Andinos y Sidelpa para\" \/>\n<meta name=\"robots\" content=\"index, follow, max-snippet:-1, max-image-preview:large, max-video-preview:-1\" \/>\n<link rel=\"canonical\" href=\"https:\/\/admin.industriall-union.org\/es\/la-red-de-trabajadores-de-gerdau-une-por-los-derechos-en-colombia\/\" \/>\n<meta property=\"og:locale\" content=\"es_ES\" \/>\n<meta property=\"og:type\" content=\"article\" \/>\n<meta property=\"og:title\" content=\"La red de trabajadores de Gerdau une por los derechos en Colombia\" \/>\n<meta property=\"og:description\" content=\"Desde su llegada a Colombia, Gerdau se ha enriquecido a costa de los trabajadores. Primero cerr\u00f3 sus operaciones en Laminados Andinos y Sidelpa para\" \/>\n<meta property=\"og:url\" content=\"https:\/\/admin.industriall-union.org\/es\/la-red-de-trabajadores-de-gerdau-une-por-los-derechos-en-colombia\/\" \/>\n<meta property=\"og:site_name\" content=\"industriall-union\" \/>\n<meta property=\"article:modified_time\" content=\"2025-02-08T17:56:48+00:00\" \/>\n<meta name=\"twitter:card\" content=\"summary_large_image\" \/>\n<meta name=\"twitter:label1\" content=\"Est. reading time\" \/>\n\t<meta name=\"twitter:data1\" content=\"1 minute\" \/>\n<script type=\"application\/ld+json\" class=\"yoast-schema-graph\">{\"@context\":\"https:\/\/schema.org\",\"@graph\":[{\"@type\":\"WebPage\",\"@id\":\"https:\/\/admin.industriall-union.org\/es\/la-red-de-trabajadores-de-gerdau-une-por-los-derechos-en-colombia\/\",\"url\":\"https:\/\/admin.industriall-union.org\/es\/la-red-de-trabajadores-de-gerdau-une-por-los-derechos-en-colombia\/\",\"name\":\"La red de trabajadores de Gerdau une por los derechos en Colombia - industriall-union\",\"isPartOf\":{\"@id\":\"https:\/\/admin.industriall-union.org\/#website\"},\"datePublished\":\"2012-11-02T16:39:49+00:00\",\"dateModified\":\"2025-02-08T17:56:48+00:00\",\"description\":\"Desde su llegada a Colombia, Gerdau se ha enriquecido a costa de los trabajadores. Primero cerr\u00f3 sus operaciones en Laminados Andinos y Sidelpa para\",\"breadcrumb\":{\"@id\":\"https:\/\/admin.industriall-union.org\/es\/la-red-de-trabajadores-de-gerdau-une-por-los-derechos-en-colombia\/#breadcrumb\"},\"inLanguage\":\"es-ES\",\"potentialAction\":[{\"@type\":\"ReadAction\",\"target\":[\"https:\/\/admin.industriall-union.org\/es\/la-red-de-trabajadores-de-gerdau-une-por-los-derechos-en-colombia\/\"]}]},{\"@type\":\"BreadcrumbList\",\"@id\":\"https:\/\/admin.industriall-union.org\/es\/la-red-de-trabajadores-de-gerdau-une-por-los-derechos-en-colombia\/#breadcrumb\",\"itemListElement\":[{\"@type\":\"ListItem\",\"position\":1,\"name\":\"Home\",\"item\":\"https:\/\/admin.industriall-union.org\/\"},{\"@type\":\"ListItem\",\"position\":2,\"name\":\"Articles\",\"item\":\"https:\/\/admin.industriall-union.org\/article\/\"},{\"@type\":\"ListItem\",\"position\":3,\"name\":\"La red de trabajadores de Gerdau une por los derechos en Colombia\"}]},{\"@type\":\"WebSite\",\"@id\":\"https:\/\/admin.industriall-union.org\/#website\",\"url\":\"https:\/\/admin.industriall-union.org\/\",\"name\":\"industriall-union\",\"description\":\"\",\"potentialAction\":[{\"@type\":\"SearchAction\",\"target\":{\"@type\":\"EntryPoint\",\"urlTemplate\":\"https:\/\/admin.industriall-union.org\/?s={search_term_string}\"},\"query-input\":{\"@type\":\"PropertyValueSpecification\",\"valueRequired\":true,\"valueName\":\"search_term_string\"}}],\"inLanguage\":\"es-ES\"}]}<\/script>\n<!-- \/ Yoast SEO Premium plugin. -->","yoast_head_json":{"title":"La red de trabajadores de Gerdau une por los derechos en Colombia - industriall-union","description":"Desde su llegada a Colombia, Gerdau se ha enriquecido a costa de los trabajadores. Primero cerr\u00f3 sus operaciones en Laminados Andinos y Sidelpa para","robots":{"index":"index","follow":"follow","max-snippet":"max-snippet:-1","max-image-preview":"max-image-preview:large","max-video-preview":"max-video-preview:-1"},"canonical":"https:\/\/admin.industriall-union.org\/es\/la-red-de-trabajadores-de-gerdau-une-por-los-derechos-en-colombia\/","og_locale":"es_ES","og_type":"article","og_title":"La red de trabajadores de Gerdau une por los derechos en Colombia","og_description":"Desde su llegada a Colombia, Gerdau se ha enriquecido a costa de los trabajadores. Primero cerr\u00f3 sus operaciones en Laminados Andinos y Sidelpa para","og_url":"https:\/\/admin.industriall-union.org\/es\/la-red-de-trabajadores-de-gerdau-une-por-los-derechos-en-colombia\/","og_site_name":"industriall-union","article_modified_time":"2025-02-08T17:56:48+00:00","twitter_card":"summary_large_image","twitter_misc":{"Est. reading time":"1 minute"},"schema":{"@context":"https:\/\/schema.org","@graph":[{"@type":"WebPage","@id":"https:\/\/admin.industriall-union.org\/es\/la-red-de-trabajadores-de-gerdau-une-por-los-derechos-en-colombia\/","url":"https:\/\/admin.industriall-union.org\/es\/la-red-de-trabajadores-de-gerdau-une-por-los-derechos-en-colombia\/","name":"La red de trabajadores de Gerdau une por los derechos en Colombia - industriall-union","isPartOf":{"@id":"https:\/\/admin.industriall-union.org\/#website"},"datePublished":"2012-11-02T16:39:49+00:00","dateModified":"2025-02-08T17:56:48+00:00","description":"Desde su llegada a Colombia, Gerdau se ha enriquecido a costa de los trabajadores. Primero cerr\u00f3 sus operaciones en Laminados Andinos y Sidelpa para","breadcrumb":{"@id":"https:\/\/admin.industriall-union.org\/es\/la-red-de-trabajadores-de-gerdau-une-por-los-derechos-en-colombia\/#breadcrumb"},"inLanguage":"es-ES","potentialAction":[{"@type":"ReadAction","target":["https:\/\/admin.industriall-union.org\/es\/la-red-de-trabajadores-de-gerdau-une-por-los-derechos-en-colombia\/"]}]},{"@type":"BreadcrumbList","@id":"https:\/\/admin.industriall-union.org\/es\/la-red-de-trabajadores-de-gerdau-une-por-los-derechos-en-colombia\/#breadcrumb","itemListElement":[{"@type":"ListItem","position":1,"name":"Home","item":"https:\/\/admin.industriall-union.org\/"},{"@type":"ListItem","position":2,"name":"Articles","item":"https:\/\/admin.industriall-union.org\/article\/"},{"@type":"ListItem","position":3,"name":"La red de trabajadores de Gerdau une por los derechos en Colombia"}]},{"@type":"WebSite","@id":"https:\/\/admin.industriall-union.org\/#website","url":"https:\/\/admin.industriall-union.org\/","name":"industriall-union","description":"","potentialAction":[{"@type":"SearchAction","target":{"@type":"EntryPoint","urlTemplate":"https:\/\/admin.industriall-union.org\/?s={search_term_string}"},"query-input":{"@type":"PropertyValueSpecification","valueRequired":true,"valueName":"search_term_string"}}],"inLanguage":"es-ES"}]}},"_links":{"self":[{"href":"https:\/\/admin.industriall-union.org\/es\/wp-json\/wp\/v2\/article\/175068","targetHints":{"allow":["GET"]}}],"collection":[{"href":"https:\/\/admin.industriall-union.org\/es\/wp-json\/wp\/v2\/article"}],"about":[{"href":"https:\/\/admin.industriall-union.org\/es\/wp-json\/wp\/v2\/types\/article"}],"wp:attachment":[{"href":"https:\/\/admin.industriall-union.org\/es\/wp-json\/wp\/v2\/media?parent=175068"}],"wp:term":[{"taxonomy":"issues","embeddable":true,"href":"https:\/\/admin.industriall-union.org\/es\/wp-json\/wp\/v2\/issues?post=175068"},{"taxonomy":"companies","embeddable":true,"href":"https:\/\/admin.industriall-union.org\/es\/wp-json\/wp\/v2\/companies?post=175068"},{"taxonomy":"regions","embeddable":true,"href":"https:\/\/admin.industriall-union.org\/es\/wp-json\/wp\/v2\/regions?post=175068"},{"taxonomy":"sectors","embeddable":true,"href":"https:\/\/admin.industriall-union.org\/es\/wp-json\/wp\/v2\/sectors?post=175068"},{"taxonomy":"article_tags","embeddable":true,"href":"https:\/\/admin.industriall-union.org\/es\/wp-json\/wp\/v2\/article_tags?post=175068"}],"curies":[{"name":"wp","href":"https:\/\/api.w.org\/{rel}","templated":true}]}}