{"id":175044,"date":"2012-11-07T14:02:53","date_gmt":"2012-11-07T14:02:53","guid":{"rendered":"https:\/\/admin.industriall-union.org\/victoria-de-los-trabajadores-de-texim-en-turquia\/"},"modified":"2025-02-08T17:53:28","modified_gmt":"2025-02-08T17:53:28","slug":"victoria-de-los-trabajadores-de-texim-en-turquia","status":"publish","type":"article","link":"https:\/\/admin.industriall-union.org\/es\/victoria-de-los-trabajadores-de-texim-en-turquia\/","title":{"rendered":"Victoria de los trabajadores de Texim en Turqu\u00eda"},"content":{"rendered":"<p>El 2 de noviembre, despu\u00e9s de la negociaci\u00f3n con la direcci\u00f3n de Texim, factor\u00eda de textiles turca que produce ropa para Hugo Boss y Pierre Cardin, la compa\u00f1\u00eda acept\u00f3 las principales demandas del sindicato, el Sindicato de Trabajadores de la Industria Textil, G\u00e9neros de Punto y Vestido (TEKSIF). En negociaciones apoyadas por la IndustriALL Global Union, la compa\u00f1\u00eda acept\u00f3 las demandas del TEKSIF:<\/p><ul><li>Readmisi\u00f3n de todos los trabajadores despedidos por el aumento de los salarios<\/li><li>Sueldo total por el per\u00edodo de piquetes de 4 meses<\/li><li>10 meses de indemnizaci\u00f3n, adem\u00e1s del paquete legal para los trabajadores que decidan no volver al trabajo<\/li><\/ul><p>Texim anunci\u00f3 claramente que dejar\u00eda de practicar m\u00e9todos antidisindicales, como resultado de lo cual el TEKSIF ha logrado organizar al 50 por ciento aproximadamente de los trabajadores, y solicitar\u00e1 la certificaci\u00f3n en el Ministerio de Trabajo.<\/p><p>&ldquo;La IndustriALL apoy\u00f3 a los trabajadores de Texim poni\u00e9ndose en contracto con las compa\u00f1\u00edas de marcas y sindicatos de los sectores del vestido y otros de todo el mundo. Esta resistencia de los trabajadores de Texim surti\u00f3 efecto r\u00e1pidamente, y es un importante ejemplo de c\u00f3mo la sindicaci\u00f3n marca la diferencia para las condiciones de trabajo de los obreros&rdquo;, dijo Kemal Ozkan, secretario general adjunto de la IndustriALL Global Union, que particip\u00f3 en las \u00faltimas negociaciones en Estambul.<\/p><p>Desde 2010, el TEKSIF ha venido haciendo campa\u00f1a por la sindicaci\u00f3n en Texim. Esta lucha represent\u00f3 la oposici\u00f3n al cambio unilateral de las condiciones de trabajo impuesto por el empleador. Los trabajadores, en particular los operadores de m\u00e1quinas militantes, no aceptaron esas condiciones impuestas por el empleador, y su oposici\u00f3n por medio de su sindicato, el TEKSIF, fue la causa de su despido<\/p><p>&ldquo;Deseamos trasmitir nuestra sincera felicitaci\u00f3n a todos los valientes trabajadores de Texim que resistieron durante 4 meses &hellip; esto debe ser un modelo ejemplar para los trabajadores de la industria de la confecci\u00f3n&rdquo;, dijo Kemal.<\/p>","protected":false},"featured_media":0,"template":"","issues":[406,420],"companies":[],"regions":[250],"sectors":[465],"article_tags":[],"class_list":["post-175044","article","type-article","status-publish","hentry","issues-confronting-global-capital","issues-solidarity","regions-turkiye","sectors-garment"],"acf":[],"yoast_head":"<!-- This site is optimized with the Yoast SEO Premium plugin v27.1 (Yoast SEO v27.1) - https:\/\/yoast.com\/product\/yoast-seo-premium-wordpress\/ -->\n<title>Victoria de los trabajadores de Texim en Turqu\u00eda - industriall-union<\/title>\n<meta name=\"description\" content=\"El 2 de noviembre, despu\u00e9s de la negociaci\u00f3n con la direcci\u00f3n de Texim, factor\u00eda de textiles turca que produce ropa para Hugo Boss y Pierre Cardin, la\" \/>\n<meta name=\"robots\" content=\"index, follow, max-snippet:-1, max-image-preview:large, max-video-preview:-1\" \/>\n<link rel=\"canonical\" href=\"https:\/\/admin.industriall-union.org\/es\/victoria-de-los-trabajadores-de-texim-en-turquia\/\" \/>\n<meta property=\"og:locale\" content=\"es_ES\" \/>\n<meta property=\"og:type\" content=\"article\" \/>\n<meta property=\"og:title\" content=\"Victoria de los trabajadores de Texim en Turqu\u00eda\" \/>\n<meta property=\"og:description\" content=\"El 2 de noviembre, despu\u00e9s de la negociaci\u00f3n con la direcci\u00f3n de Texim, factor\u00eda de textiles turca que produce ropa para Hugo Boss y Pierre Cardin, la\" \/>\n<meta property=\"og:url\" content=\"https:\/\/admin.industriall-union.org\/es\/victoria-de-los-trabajadores-de-texim-en-turquia\/\" \/>\n<meta property=\"og:site_name\" content=\"industriall-union\" \/>\n<meta property=\"article:modified_time\" content=\"2025-02-08T17:53:28+00:00\" \/>\n<meta name=\"twitter:card\" content=\"summary_large_image\" \/>\n<meta name=\"twitter:label1\" content=\"Est. reading time\" \/>\n\t<meta name=\"twitter:data1\" content=\"2 minutes\" \/>\n<script type=\"application\/ld+json\" class=\"yoast-schema-graph\">{\"@context\":\"https:\/\/schema.org\",\"@graph\":[{\"@type\":\"WebPage\",\"@id\":\"https:\/\/admin.industriall-union.org\/es\/victoria-de-los-trabajadores-de-texim-en-turquia\/\",\"url\":\"https:\/\/admin.industriall-union.org\/es\/victoria-de-los-trabajadores-de-texim-en-turquia\/\",\"name\":\"Victoria de los trabajadores de Texim en Turqu\u00eda - industriall-union\",\"isPartOf\":{\"@id\":\"https:\/\/admin.industriall-union.org\/#website\"},\"datePublished\":\"2012-11-07T14:02:53+00:00\",\"dateModified\":\"2025-02-08T17:53:28+00:00\",\"description\":\"El 2 de noviembre, despu\u00e9s de la negociaci\u00f3n con la direcci\u00f3n de Texim, factor\u00eda de textiles turca que produce ropa para Hugo Boss y Pierre Cardin, la\",\"breadcrumb\":{\"@id\":\"https:\/\/admin.industriall-union.org\/es\/victoria-de-los-trabajadores-de-texim-en-turquia\/#breadcrumb\"},\"inLanguage\":\"es-ES\",\"potentialAction\":[{\"@type\":\"ReadAction\",\"target\":[\"https:\/\/admin.industriall-union.org\/es\/victoria-de-los-trabajadores-de-texim-en-turquia\/\"]}]},{\"@type\":\"BreadcrumbList\",\"@id\":\"https:\/\/admin.industriall-union.org\/es\/victoria-de-los-trabajadores-de-texim-en-turquia\/#breadcrumb\",\"itemListElement\":[{\"@type\":\"ListItem\",\"position\":1,\"name\":\"Home\",\"item\":\"https:\/\/admin.industriall-union.org\/\"},{\"@type\":\"ListItem\",\"position\":2,\"name\":\"Articles\",\"item\":\"https:\/\/admin.industriall-union.org\/article\/\"},{\"@type\":\"ListItem\",\"position\":3,\"name\":\"Victoria de los trabajadores de Texim en Turqu\u00eda\"}]},{\"@type\":\"WebSite\",\"@id\":\"https:\/\/admin.industriall-union.org\/#website\",\"url\":\"https:\/\/admin.industriall-union.org\/\",\"name\":\"industriall-union\",\"description\":\"\",\"potentialAction\":[{\"@type\":\"SearchAction\",\"target\":{\"@type\":\"EntryPoint\",\"urlTemplate\":\"https:\/\/admin.industriall-union.org\/?s={search_term_string}\"},\"query-input\":{\"@type\":\"PropertyValueSpecification\",\"valueRequired\":true,\"valueName\":\"search_term_string\"}}],\"inLanguage\":\"es-ES\"}]}<\/script>\n<!-- \/ Yoast SEO Premium plugin. -->","yoast_head_json":{"title":"Victoria de los trabajadores de Texim en Turqu\u00eda - industriall-union","description":"El 2 de noviembre, despu\u00e9s de la negociaci\u00f3n con la direcci\u00f3n de Texim, factor\u00eda de textiles turca que produce ropa para Hugo Boss y Pierre Cardin, la","robots":{"index":"index","follow":"follow","max-snippet":"max-snippet:-1","max-image-preview":"max-image-preview:large","max-video-preview":"max-video-preview:-1"},"canonical":"https:\/\/admin.industriall-union.org\/es\/victoria-de-los-trabajadores-de-texim-en-turquia\/","og_locale":"es_ES","og_type":"article","og_title":"Victoria de los trabajadores de Texim en Turqu\u00eda","og_description":"El 2 de noviembre, despu\u00e9s de la negociaci\u00f3n con la direcci\u00f3n de Texim, factor\u00eda de textiles turca que produce ropa para Hugo Boss y Pierre Cardin, la","og_url":"https:\/\/admin.industriall-union.org\/es\/victoria-de-los-trabajadores-de-texim-en-turquia\/","og_site_name":"industriall-union","article_modified_time":"2025-02-08T17:53:28+00:00","twitter_card":"summary_large_image","twitter_misc":{"Est. reading time":"2 minutes"},"schema":{"@context":"https:\/\/schema.org","@graph":[{"@type":"WebPage","@id":"https:\/\/admin.industriall-union.org\/es\/victoria-de-los-trabajadores-de-texim-en-turquia\/","url":"https:\/\/admin.industriall-union.org\/es\/victoria-de-los-trabajadores-de-texim-en-turquia\/","name":"Victoria de los trabajadores de Texim en Turqu\u00eda - industriall-union","isPartOf":{"@id":"https:\/\/admin.industriall-union.org\/#website"},"datePublished":"2012-11-07T14:02:53+00:00","dateModified":"2025-02-08T17:53:28+00:00","description":"El 2 de noviembre, despu\u00e9s de la negociaci\u00f3n con la direcci\u00f3n de Texim, factor\u00eda de textiles turca que produce ropa para Hugo Boss y Pierre Cardin, la","breadcrumb":{"@id":"https:\/\/admin.industriall-union.org\/es\/victoria-de-los-trabajadores-de-texim-en-turquia\/#breadcrumb"},"inLanguage":"es-ES","potentialAction":[{"@type":"ReadAction","target":["https:\/\/admin.industriall-union.org\/es\/victoria-de-los-trabajadores-de-texim-en-turquia\/"]}]},{"@type":"BreadcrumbList","@id":"https:\/\/admin.industriall-union.org\/es\/victoria-de-los-trabajadores-de-texim-en-turquia\/#breadcrumb","itemListElement":[{"@type":"ListItem","position":1,"name":"Home","item":"https:\/\/admin.industriall-union.org\/"},{"@type":"ListItem","position":2,"name":"Articles","item":"https:\/\/admin.industriall-union.org\/article\/"},{"@type":"ListItem","position":3,"name":"Victoria de los trabajadores de Texim en Turqu\u00eda"}]},{"@type":"WebSite","@id":"https:\/\/admin.industriall-union.org\/#website","url":"https:\/\/admin.industriall-union.org\/","name":"industriall-union","description":"","potentialAction":[{"@type":"SearchAction","target":{"@type":"EntryPoint","urlTemplate":"https:\/\/admin.industriall-union.org\/?s={search_term_string}"},"query-input":{"@type":"PropertyValueSpecification","valueRequired":true,"valueName":"search_term_string"}}],"inLanguage":"es-ES"}]}},"_links":{"self":[{"href":"https:\/\/admin.industriall-union.org\/es\/wp-json\/wp\/v2\/article\/175044","targetHints":{"allow":["GET"]}}],"collection":[{"href":"https:\/\/admin.industriall-union.org\/es\/wp-json\/wp\/v2\/article"}],"about":[{"href":"https:\/\/admin.industriall-union.org\/es\/wp-json\/wp\/v2\/types\/article"}],"wp:attachment":[{"href":"https:\/\/admin.industriall-union.org\/es\/wp-json\/wp\/v2\/media?parent=175044"}],"wp:term":[{"taxonomy":"issues","embeddable":true,"href":"https:\/\/admin.industriall-union.org\/es\/wp-json\/wp\/v2\/issues?post=175044"},{"taxonomy":"companies","embeddable":true,"href":"https:\/\/admin.industriall-union.org\/es\/wp-json\/wp\/v2\/companies?post=175044"},{"taxonomy":"regions","embeddable":true,"href":"https:\/\/admin.industriall-union.org\/es\/wp-json\/wp\/v2\/regions?post=175044"},{"taxonomy":"sectors","embeddable":true,"href":"https:\/\/admin.industriall-union.org\/es\/wp-json\/wp\/v2\/sectors?post=175044"},{"taxonomy":"article_tags","embeddable":true,"href":"https:\/\/admin.industriall-union.org\/es\/wp-json\/wp\/v2\/article_tags?post=175044"}],"curies":[{"name":"wp","href":"https:\/\/api.w.org\/{rel}","templated":true}]}}