{"id":175011,"date":"2012-11-06T15:48:20","date_gmt":"2012-11-06T15:48:20","guid":{"rendered":"https:\/\/admin.industriall-union.org\/los-lideres-del-muz-se-comprometen-a-la-reconstruccion-del-sindicato\/"},"modified":"2025-02-08T17:42:59","modified_gmt":"2025-02-08T17:42:59","slug":"los-lideres-del-muz-se-comprometen-a-la-reconstruccion-del-sindicato","status":"publish","type":"article","link":"https:\/\/admin.industriall-union.org\/es\/los-lideres-del-muz-se-comprometen-a-la-reconstruccion-del-sindicato\/","title":{"rendered":"Los l\u00edderes del MUZ se comprometen a la reconstrucci\u00f3n del sindicato"},"content":{"rendered":"<p>El taller, de tres d\u00edas, del 30 de octubre al 1 de noviembre, en Kitwe, ofreci\u00f3 a los l\u00edderes de rama la oportunidad de reflexionar sobre los desaf\u00edos que afronta el sindicato y de elaborar estrategias para afrontarlos.<\/p><p>Una de las mayores dificultades es la proliferaci\u00f3n de peque\u00f1os sindicatos desde la privatizaci\u00f3n de la industria minera en Zambia, situaci\u00f3n que parec\u00eda alentada durante el r\u00e9gimen anterior. Esto ha dado lugar a tres o cuatro sindicatos que compiten por los mismos miembros en las compa\u00f1\u00edas mineras y ha conducido inevitablemente a la desuni\u00f3n de los trabajadores.<\/p><p>El clima ha cambiado positivamente para los trabajadores organizados con el gobierno actual, y los participantes estimaron que parece haber un aut\u00e9ntico compromiso para que los sindicatos puedan convertirse en una fuerza poderosa, representativa y unida.<\/p><p>La nueva direcci\u00f3n del MUZ se ha comprometido a reconstruir el sindicato, y est\u00e1 abierta a la posibilidad de trabajar con otros sindicatos o a posibles fusiones. El MUZ reconoce la oportunidad de reorganizarse y redefinir el papel de sus miembros en el funcionamiento del sindicato para mejorar la democracia sindical.<\/p><p>Los participantes definieron un programa de organizaci\u00f3n y discutieron el camino a seguir para recuperar los miembros perdidos. El programa ser\u00e1 apoyado por el Centro de Solidaridad y se basar\u00e1 en la recuperaci\u00f3n de los miembros en todas las ramas de la industria minera.<\/p><p>El taller fue apoyado por el Centro de Solidaridad.<\/p>","protected":false},"featured_media":0,"template":"","issues":[396,399],"companies":[],"regions":[357],"sectors":[495],"article_tags":[],"class_list":["post-175011","article","type-article","status-publish","hentry","issues-building-strong-unions","issues-union-building","regions-zambia","sectors-mining"],"acf":[],"yoast_head":"<!-- This site is optimized with the Yoast SEO Premium plugin v27.1 (Yoast SEO v27.1) - https:\/\/yoast.com\/product\/yoast-seo-premium-wordpress\/ -->\n<title>Los l\u00edderes del MUZ se comprometen a la reconstrucci\u00f3n del sindicato - industriall-union<\/title>\n<meta name=\"description\" content=\"El taller, de tres d\u00edas, del 30 de octubre al 1 de noviembre, en Kitwe, ofreci\u00f3 a los l\u00edderes de rama la oportunidad de reflexionar sobre los desaf\u00edos que\" \/>\n<meta name=\"robots\" content=\"index, follow, max-snippet:-1, max-image-preview:large, max-video-preview:-1\" \/>\n<link rel=\"canonical\" href=\"https:\/\/admin.industriall-union.org\/es\/los-lideres-del-muz-se-comprometen-a-la-reconstruccion-del-sindicato\/\" \/>\n<meta property=\"og:locale\" content=\"es_ES\" \/>\n<meta property=\"og:type\" content=\"article\" \/>\n<meta property=\"og:title\" content=\"Los l\u00edderes del MUZ se comprometen a la reconstrucci\u00f3n del sindicato\" \/>\n<meta property=\"og:description\" content=\"El taller, de tres d\u00edas, del 30 de octubre al 1 de noviembre, en Kitwe, ofreci\u00f3 a los l\u00edderes de rama la oportunidad de reflexionar sobre los desaf\u00edos que\" \/>\n<meta property=\"og:url\" content=\"https:\/\/admin.industriall-union.org\/es\/los-lideres-del-muz-se-comprometen-a-la-reconstruccion-del-sindicato\/\" \/>\n<meta property=\"og:site_name\" content=\"industriall-union\" \/>\n<meta property=\"article:modified_time\" content=\"2025-02-08T17:42:59+00:00\" \/>\n<meta name=\"twitter:card\" content=\"summary_large_image\" \/>\n<meta name=\"twitter:label1\" content=\"Est. reading time\" \/>\n\t<meta name=\"twitter:data1\" content=\"1 minute\" \/>\n<script type=\"application\/ld+json\" class=\"yoast-schema-graph\">{\"@context\":\"https:\/\/schema.org\",\"@graph\":[{\"@type\":\"WebPage\",\"@id\":\"https:\/\/admin.industriall-union.org\/es\/los-lideres-del-muz-se-comprometen-a-la-reconstruccion-del-sindicato\/\",\"url\":\"https:\/\/admin.industriall-union.org\/es\/los-lideres-del-muz-se-comprometen-a-la-reconstruccion-del-sindicato\/\",\"name\":\"Los l\u00edderes del MUZ se comprometen a la reconstrucci\u00f3n del sindicato - industriall-union\",\"isPartOf\":{\"@id\":\"https:\/\/admin.industriall-union.org\/#website\"},\"datePublished\":\"2012-11-06T15:48:20+00:00\",\"dateModified\":\"2025-02-08T17:42:59+00:00\",\"description\":\"El taller, de tres d\u00edas, del 30 de octubre al 1 de noviembre, en Kitwe, ofreci\u00f3 a los l\u00edderes de rama la oportunidad de reflexionar sobre los desaf\u00edos que\",\"breadcrumb\":{\"@id\":\"https:\/\/admin.industriall-union.org\/es\/los-lideres-del-muz-se-comprometen-a-la-reconstruccion-del-sindicato\/#breadcrumb\"},\"inLanguage\":\"es-ES\",\"potentialAction\":[{\"@type\":\"ReadAction\",\"target\":[\"https:\/\/admin.industriall-union.org\/es\/los-lideres-del-muz-se-comprometen-a-la-reconstruccion-del-sindicato\/\"]}]},{\"@type\":\"BreadcrumbList\",\"@id\":\"https:\/\/admin.industriall-union.org\/es\/los-lideres-del-muz-se-comprometen-a-la-reconstruccion-del-sindicato\/#breadcrumb\",\"itemListElement\":[{\"@type\":\"ListItem\",\"position\":1,\"name\":\"Home\",\"item\":\"https:\/\/admin.industriall-union.org\/\"},{\"@type\":\"ListItem\",\"position\":2,\"name\":\"Articles\",\"item\":\"https:\/\/admin.industriall-union.org\/article\/\"},{\"@type\":\"ListItem\",\"position\":3,\"name\":\"Los l\u00edderes del MUZ se comprometen a la reconstrucci\u00f3n del sindicato\"}]},{\"@type\":\"WebSite\",\"@id\":\"https:\/\/admin.industriall-union.org\/#website\",\"url\":\"https:\/\/admin.industriall-union.org\/\",\"name\":\"industriall-union\",\"description\":\"\",\"potentialAction\":[{\"@type\":\"SearchAction\",\"target\":{\"@type\":\"EntryPoint\",\"urlTemplate\":\"https:\/\/admin.industriall-union.org\/?s={search_term_string}\"},\"query-input\":{\"@type\":\"PropertyValueSpecification\",\"valueRequired\":true,\"valueName\":\"search_term_string\"}}],\"inLanguage\":\"es-ES\"}]}<\/script>\n<!-- \/ Yoast SEO Premium plugin. -->","yoast_head_json":{"title":"Los l\u00edderes del MUZ se comprometen a la reconstrucci\u00f3n del sindicato - industriall-union","description":"El taller, de tres d\u00edas, del 30 de octubre al 1 de noviembre, en Kitwe, ofreci\u00f3 a los l\u00edderes de rama la oportunidad de reflexionar sobre los desaf\u00edos que","robots":{"index":"index","follow":"follow","max-snippet":"max-snippet:-1","max-image-preview":"max-image-preview:large","max-video-preview":"max-video-preview:-1"},"canonical":"https:\/\/admin.industriall-union.org\/es\/los-lideres-del-muz-se-comprometen-a-la-reconstruccion-del-sindicato\/","og_locale":"es_ES","og_type":"article","og_title":"Los l\u00edderes del MUZ se comprometen a la reconstrucci\u00f3n del sindicato","og_description":"El taller, de tres d\u00edas, del 30 de octubre al 1 de noviembre, en Kitwe, ofreci\u00f3 a los l\u00edderes de rama la oportunidad de reflexionar sobre los desaf\u00edos que","og_url":"https:\/\/admin.industriall-union.org\/es\/los-lideres-del-muz-se-comprometen-a-la-reconstruccion-del-sindicato\/","og_site_name":"industriall-union","article_modified_time":"2025-02-08T17:42:59+00:00","twitter_card":"summary_large_image","twitter_misc":{"Est. reading time":"1 minute"},"schema":{"@context":"https:\/\/schema.org","@graph":[{"@type":"WebPage","@id":"https:\/\/admin.industriall-union.org\/es\/los-lideres-del-muz-se-comprometen-a-la-reconstruccion-del-sindicato\/","url":"https:\/\/admin.industriall-union.org\/es\/los-lideres-del-muz-se-comprometen-a-la-reconstruccion-del-sindicato\/","name":"Los l\u00edderes del MUZ se comprometen a la reconstrucci\u00f3n del sindicato - industriall-union","isPartOf":{"@id":"https:\/\/admin.industriall-union.org\/#website"},"datePublished":"2012-11-06T15:48:20+00:00","dateModified":"2025-02-08T17:42:59+00:00","description":"El taller, de tres d\u00edas, del 30 de octubre al 1 de noviembre, en Kitwe, ofreci\u00f3 a los l\u00edderes de rama la oportunidad de reflexionar sobre los desaf\u00edos que","breadcrumb":{"@id":"https:\/\/admin.industriall-union.org\/es\/los-lideres-del-muz-se-comprometen-a-la-reconstruccion-del-sindicato\/#breadcrumb"},"inLanguage":"es-ES","potentialAction":[{"@type":"ReadAction","target":["https:\/\/admin.industriall-union.org\/es\/los-lideres-del-muz-se-comprometen-a-la-reconstruccion-del-sindicato\/"]}]},{"@type":"BreadcrumbList","@id":"https:\/\/admin.industriall-union.org\/es\/los-lideres-del-muz-se-comprometen-a-la-reconstruccion-del-sindicato\/#breadcrumb","itemListElement":[{"@type":"ListItem","position":1,"name":"Home","item":"https:\/\/admin.industriall-union.org\/"},{"@type":"ListItem","position":2,"name":"Articles","item":"https:\/\/admin.industriall-union.org\/article\/"},{"@type":"ListItem","position":3,"name":"Los l\u00edderes del MUZ se comprometen a la reconstrucci\u00f3n del sindicato"}]},{"@type":"WebSite","@id":"https:\/\/admin.industriall-union.org\/#website","url":"https:\/\/admin.industriall-union.org\/","name":"industriall-union","description":"","potentialAction":[{"@type":"SearchAction","target":{"@type":"EntryPoint","urlTemplate":"https:\/\/admin.industriall-union.org\/?s={search_term_string}"},"query-input":{"@type":"PropertyValueSpecification","valueRequired":true,"valueName":"search_term_string"}}],"inLanguage":"es-ES"}]}},"_links":{"self":[{"href":"https:\/\/admin.industriall-union.org\/es\/wp-json\/wp\/v2\/article\/175011","targetHints":{"allow":["GET"]}}],"collection":[{"href":"https:\/\/admin.industriall-union.org\/es\/wp-json\/wp\/v2\/article"}],"about":[{"href":"https:\/\/admin.industriall-union.org\/es\/wp-json\/wp\/v2\/types\/article"}],"wp:attachment":[{"href":"https:\/\/admin.industriall-union.org\/es\/wp-json\/wp\/v2\/media?parent=175011"}],"wp:term":[{"taxonomy":"issues","embeddable":true,"href":"https:\/\/admin.industriall-union.org\/es\/wp-json\/wp\/v2\/issues?post=175011"},{"taxonomy":"companies","embeddable":true,"href":"https:\/\/admin.industriall-union.org\/es\/wp-json\/wp\/v2\/companies?post=175011"},{"taxonomy":"regions","embeddable":true,"href":"https:\/\/admin.industriall-union.org\/es\/wp-json\/wp\/v2\/regions?post=175011"},{"taxonomy":"sectors","embeddable":true,"href":"https:\/\/admin.industriall-union.org\/es\/wp-json\/wp\/v2\/sectors?post=175011"},{"taxonomy":"article_tags","embeddable":true,"href":"https:\/\/admin.industriall-union.org\/es\/wp-json\/wp\/v2\/article_tags?post=175011"}],"curies":[{"name":"wp","href":"https:\/\/api.w.org\/{rel}","templated":true}]}}