{"id":174975,"date":"2012-11-21T13:50:03","date_gmt":"2012-11-21T13:50:03","guid":{"rendered":"https:\/\/admin.industriall-union.org\/aprobada-la-fusion-glencore-xstrata\/"},"modified":"2025-02-08T17:27:47","modified_gmt":"2025-02-08T17:27:47","slug":"aprobada-la-fusion-glencore-xstrata","status":"publish","type":"article","link":"https:\/\/admin.industriall-union.org\/es\/aprobada-la-fusion-glencore-xstrata\/","title":{"rendered":"Aprobada la fusi\u00f3n Glencore-Xstrata"},"content":{"rendered":"<p>El 20 de noviembre, en Zug (Suiza), la IndustriALL Global Union se uni\u00f3 una vez m\u00e1s al Partido de los Verdes suizo y a cierto n\u00famero de activistas de la sociedad civil ante el lugar donde se celebraba la junta extraordinaria de accionistas de Xstrata para manifestarse contra la fusi\u00f3n entre las gigantescas empresas de productos b\u00e1sicos Xstrata y Glencore.<\/p><p>La fusi\u00f3n para crear un nuevo centro neur\u00e1lgico de los recursos naturales, Glencore Xstrata International, fue aprobada por los accionistas de Xstrata el 20 de noviembre, pero sin pagar un paquete de retenci\u00f3n de miles de millones de libras a los altos directivos de Xstrata, como recomendaba la junta. La fusi\u00f3n ha de ser aprobada a\u00fan por la Comisi\u00f3n Europea, que ha dicho que notificar\u00e1 su decisi\u00f3n el 22 de noviembre, y las autoridades encargadas de la competencia en China y Suf\u00e1frica.<\/p><p>Xstrata y Glencore figuran entre las 20 principales empresas del mercado de valores de Londres y tendr\u00e1n operaciones en 33 pa\u00edses. Una vez completado el acuerdo, podr\u00e1n competir con rivales de mayor tama\u00f1o como BHP Billiton, Vale y Rio Tinto. Con esta votaci\u00f3n se elimina un obst\u00e1culo al plan del director ejecutivo de Glencore, Ivan Glasenberg, de crear la cuarta mayor compa\u00f1\u00eda minera del mundo. La IndustriALL Global Union ha condenado p\u00fablicamente el acuerdo.<\/p><blockquote><p>Estamos aqu\u00ed para recordarles que un voto a favor del acuerdo es un voto por la avidez; toda persona razonable y sensata no votar\u00eda por esta fusi\u00f3n; si el pasado significa algo y se toma en consideraci\u00f3n su historial, es para echarse a temblar,<\/p><\/blockquote><p>dijo Glen Mpufane durante la manifestaci\u00f3n ante el lugar donde se celebraba la junta extraordinaria de accionistas del comerciante de materias primas Glencore, en la ciudad suiza de Zug.<\/p><p>En Sud\u00e1frica, el National Union of Mineworkers (NUM), el National Union of Metalworkers of South Africa (NUMSA) y la compa\u00f1\u00eda p\u00fablica de la energ\u00eda de Sudaf\u00e1rica Eskom han presentado peticiones de intervenci\u00f3n apelando contra la aprobaci\u00f3n recomendada por la Comisi\u00f3n de la Competencia. El Tribunal de la Competencia tratar\u00e1 esas peticiones entre el 10 y el 14 de diciembre de 2012.&nbsp;<\/p><blockquote><p>La IndustriALL Global Union y su alianza de asociados y activistas civiles afrontar\u00e1n a esta nueva entidad. Vamos a hacerles responsables y seguiremos pidi\u00e9ndoles que act\u00faen correctamente y se conviertan en buenos ciudadanos empresariales, si son capaces de ello,<\/p><\/blockquote><p>dijo Glen Mpufane, director de miner\u00eda y DJOGP de la IndustriALL.<\/p><p>La protesta de la IndustriALL Global Union contra la fusi\u00f3n fue encabezada principalmente por tres de los principales afiliados de la miner\u00eda y la metalurgia de la IndustriALL Global Union: el United Steelworkers Union of America and Canada, el Construction, Forestry, Mining and Energy Union of Australia (CFMEU) y el the National Union of Mineworkers of South Africa (NUM).<\/p>","protected":false},"featured_media":0,"template":"","issues":[406],"companies":[60,148],"regions":[155,202,254,288,308,311],"sectors":[494],"article_tags":[],"class_list":["post-174975","article","type-article","status-publish","hentry","issues-confronting-global-capital","companies-glencore","companies-xstrata","regions-asia-pacific","regions-europe","regions-latin-america-and-the-caribbean","regions-middle-east-and-north-africa","regions-north-america","regions-sub-saharan-africa","sectors-mining-and-dgojp"],"acf":[],"yoast_head":"<!-- This site is optimized with the Yoast SEO Premium plugin v27.1 (Yoast SEO v27.1) - https:\/\/yoast.com\/product\/yoast-seo-premium-wordpress\/ -->\n<title>Aprobada la fusi\u00f3n Glencore-Xstrata - industriall-union<\/title>\n<meta name=\"description\" content=\"El 20 de noviembre, en Zug (Suiza), la IndustriALL Global Union se uni\u00f3 una vez m\u00e1s al Partido de los Verdes suizo y a cierto n\u00famero de activistas de la\" \/>\n<meta name=\"robots\" content=\"index, follow, max-snippet:-1, max-image-preview:large, max-video-preview:-1\" \/>\n<link rel=\"canonical\" href=\"https:\/\/admin.industriall-union.org\/es\/aprobada-la-fusion-glencore-xstrata\/\" \/>\n<meta property=\"og:locale\" content=\"es_ES\" \/>\n<meta property=\"og:type\" content=\"article\" \/>\n<meta property=\"og:title\" content=\"Aprobada la fusi\u00f3n Glencore-Xstrata\" \/>\n<meta property=\"og:description\" content=\"El 20 de noviembre, en Zug (Suiza), la IndustriALL Global Union se uni\u00f3 una vez m\u00e1s al Partido de los Verdes suizo y a cierto n\u00famero de activistas de la\" \/>\n<meta property=\"og:url\" content=\"https:\/\/admin.industriall-union.org\/es\/aprobada-la-fusion-glencore-xstrata\/\" \/>\n<meta property=\"og:site_name\" content=\"industriall-union\" \/>\n<meta property=\"article:modified_time\" content=\"2025-02-08T17:27:47+00:00\" \/>\n<meta name=\"twitter:card\" content=\"summary_large_image\" \/>\n<meta name=\"twitter:label1\" content=\"Est. reading time\" \/>\n\t<meta name=\"twitter:data1\" content=\"2 minutes\" \/>\n<script type=\"application\/ld+json\" class=\"yoast-schema-graph\">{\"@context\":\"https:\/\/schema.org\",\"@graph\":[{\"@type\":\"WebPage\",\"@id\":\"https:\/\/admin.industriall-union.org\/es\/aprobada-la-fusion-glencore-xstrata\/\",\"url\":\"https:\/\/admin.industriall-union.org\/es\/aprobada-la-fusion-glencore-xstrata\/\",\"name\":\"Aprobada la fusi\u00f3n Glencore-Xstrata - industriall-union\",\"isPartOf\":{\"@id\":\"https:\/\/admin.industriall-union.org\/#website\"},\"datePublished\":\"2012-11-21T13:50:03+00:00\",\"dateModified\":\"2025-02-08T17:27:47+00:00\",\"description\":\"El 20 de noviembre, en Zug (Suiza), la IndustriALL Global Union se uni\u00f3 una vez m\u00e1s al Partido de los Verdes suizo y a cierto n\u00famero de activistas de la\",\"breadcrumb\":{\"@id\":\"https:\/\/admin.industriall-union.org\/es\/aprobada-la-fusion-glencore-xstrata\/#breadcrumb\"},\"inLanguage\":\"es-ES\",\"potentialAction\":[{\"@type\":\"ReadAction\",\"target\":[\"https:\/\/admin.industriall-union.org\/es\/aprobada-la-fusion-glencore-xstrata\/\"]}]},{\"@type\":\"BreadcrumbList\",\"@id\":\"https:\/\/admin.industriall-union.org\/es\/aprobada-la-fusion-glencore-xstrata\/#breadcrumb\",\"itemListElement\":[{\"@type\":\"ListItem\",\"position\":1,\"name\":\"Home\",\"item\":\"https:\/\/admin.industriall-union.org\/\"},{\"@type\":\"ListItem\",\"position\":2,\"name\":\"Articles\",\"item\":\"https:\/\/admin.industriall-union.org\/article\/\"},{\"@type\":\"ListItem\",\"position\":3,\"name\":\"Aprobada la fusi\u00f3n Glencore-Xstrata\"}]},{\"@type\":\"WebSite\",\"@id\":\"https:\/\/admin.industriall-union.org\/#website\",\"url\":\"https:\/\/admin.industriall-union.org\/\",\"name\":\"industriall-union\",\"description\":\"\",\"potentialAction\":[{\"@type\":\"SearchAction\",\"target\":{\"@type\":\"EntryPoint\",\"urlTemplate\":\"https:\/\/admin.industriall-union.org\/?s={search_term_string}\"},\"query-input\":{\"@type\":\"PropertyValueSpecification\",\"valueRequired\":true,\"valueName\":\"search_term_string\"}}],\"inLanguage\":\"es-ES\"}]}<\/script>\n<!-- \/ Yoast SEO Premium plugin. -->","yoast_head_json":{"title":"Aprobada la fusi\u00f3n Glencore-Xstrata - industriall-union","description":"El 20 de noviembre, en Zug (Suiza), la IndustriALL Global Union se uni\u00f3 una vez m\u00e1s al Partido de los Verdes suizo y a cierto n\u00famero de activistas de la","robots":{"index":"index","follow":"follow","max-snippet":"max-snippet:-1","max-image-preview":"max-image-preview:large","max-video-preview":"max-video-preview:-1"},"canonical":"https:\/\/admin.industriall-union.org\/es\/aprobada-la-fusion-glencore-xstrata\/","og_locale":"es_ES","og_type":"article","og_title":"Aprobada la fusi\u00f3n Glencore-Xstrata","og_description":"El 20 de noviembre, en Zug (Suiza), la IndustriALL Global Union se uni\u00f3 una vez m\u00e1s al Partido de los Verdes suizo y a cierto n\u00famero de activistas de la","og_url":"https:\/\/admin.industriall-union.org\/es\/aprobada-la-fusion-glencore-xstrata\/","og_site_name":"industriall-union","article_modified_time":"2025-02-08T17:27:47+00:00","twitter_card":"summary_large_image","twitter_misc":{"Est. reading time":"2 minutes"},"schema":{"@context":"https:\/\/schema.org","@graph":[{"@type":"WebPage","@id":"https:\/\/admin.industriall-union.org\/es\/aprobada-la-fusion-glencore-xstrata\/","url":"https:\/\/admin.industriall-union.org\/es\/aprobada-la-fusion-glencore-xstrata\/","name":"Aprobada la fusi\u00f3n Glencore-Xstrata - industriall-union","isPartOf":{"@id":"https:\/\/admin.industriall-union.org\/#website"},"datePublished":"2012-11-21T13:50:03+00:00","dateModified":"2025-02-08T17:27:47+00:00","description":"El 20 de noviembre, en Zug (Suiza), la IndustriALL Global Union se uni\u00f3 una vez m\u00e1s al Partido de los Verdes suizo y a cierto n\u00famero de activistas de la","breadcrumb":{"@id":"https:\/\/admin.industriall-union.org\/es\/aprobada-la-fusion-glencore-xstrata\/#breadcrumb"},"inLanguage":"es-ES","potentialAction":[{"@type":"ReadAction","target":["https:\/\/admin.industriall-union.org\/es\/aprobada-la-fusion-glencore-xstrata\/"]}]},{"@type":"BreadcrumbList","@id":"https:\/\/admin.industriall-union.org\/es\/aprobada-la-fusion-glencore-xstrata\/#breadcrumb","itemListElement":[{"@type":"ListItem","position":1,"name":"Home","item":"https:\/\/admin.industriall-union.org\/"},{"@type":"ListItem","position":2,"name":"Articles","item":"https:\/\/admin.industriall-union.org\/article\/"},{"@type":"ListItem","position":3,"name":"Aprobada la fusi\u00f3n Glencore-Xstrata"}]},{"@type":"WebSite","@id":"https:\/\/admin.industriall-union.org\/#website","url":"https:\/\/admin.industriall-union.org\/","name":"industriall-union","description":"","potentialAction":[{"@type":"SearchAction","target":{"@type":"EntryPoint","urlTemplate":"https:\/\/admin.industriall-union.org\/?s={search_term_string}"},"query-input":{"@type":"PropertyValueSpecification","valueRequired":true,"valueName":"search_term_string"}}],"inLanguage":"es-ES"}]}},"_links":{"self":[{"href":"https:\/\/admin.industriall-union.org\/es\/wp-json\/wp\/v2\/article\/174975","targetHints":{"allow":["GET"]}}],"collection":[{"href":"https:\/\/admin.industriall-union.org\/es\/wp-json\/wp\/v2\/article"}],"about":[{"href":"https:\/\/admin.industriall-union.org\/es\/wp-json\/wp\/v2\/types\/article"}],"wp:attachment":[{"href":"https:\/\/admin.industriall-union.org\/es\/wp-json\/wp\/v2\/media?parent=174975"}],"wp:term":[{"taxonomy":"issues","embeddable":true,"href":"https:\/\/admin.industriall-union.org\/es\/wp-json\/wp\/v2\/issues?post=174975"},{"taxonomy":"companies","embeddable":true,"href":"https:\/\/admin.industriall-union.org\/es\/wp-json\/wp\/v2\/companies?post=174975"},{"taxonomy":"regions","embeddable":true,"href":"https:\/\/admin.industriall-union.org\/es\/wp-json\/wp\/v2\/regions?post=174975"},{"taxonomy":"sectors","embeddable":true,"href":"https:\/\/admin.industriall-union.org\/es\/wp-json\/wp\/v2\/sectors?post=174975"},{"taxonomy":"article_tags","embeddable":true,"href":"https:\/\/admin.industriall-union.org\/es\/wp-json\/wp\/v2\/article_tags?post=174975"}],"curies":[{"name":"wp","href":"https:\/\/api.w.org\/{rel}","templated":true}]}}