{"id":174956,"date":"2012-11-22T15:05:14","date_gmt":"2012-11-22T15:05:14","guid":{"rendered":"https:\/\/admin.industriall-union.org\/la-unidad-en-marcha-en-la-rdc\/"},"modified":"2025-02-08T17:21:54","modified_gmt":"2025-02-08T17:21:54","slug":"la-unidad-en-marcha-en-la-rdc","status":"publish","type":"article","link":"https:\/\/admin.industriall-union.org\/es\/la-unidad-en-marcha-en-la-rdc\/","title":{"rendered":"La unidad, en marcha en la RDC"},"content":{"rendered":"<blockquote><p>La conferencia fue un \u00e9xito y logr\u00f3 acuerdos sobre cuestiones de pol\u00edtica que configurar\u00e1n c\u00f3mo se construir\u00e1 el sindicato, y c\u00f3mo se presentar\u00e1 a las elecciones de delegados sindicales, y las ganar\u00e1, y decidi\u00f3 celebrar un congreso en 2014,<\/p><\/blockquote><p>informa Kenny Mogane, coordinador de proyectos de la IndustriALL.<\/p><p>El Syndicat du Travailleurs Unis des Mines, Metallurgie, Energie, Chimie et Industries Connexes (<a href=\"http:\/\/tumec-rdc.org\/\">TUMEC<\/a>) es un sindicato relativamente nuevo en los sectores minero, energ\u00e9tico, de productos qu\u00edmicos e industrial. Reci\u00e9n constituido por un grupo de l\u00edderes obreros que desean crear un sindicato de trabajadores unidos m\u00e1s fuerte, el TUMEC promueve la participaci\u00f3n de los trabajadores en la adopci\u00f3n de decisiones y trata de afrontar los desaf\u00edos sindicales en sus sectores.<\/p><p>A la conferencia asistieron 62 delegados de todo el pa\u00eds, que trabajaron sobre la manera de movilizar a los miembros para participar en las elecciones de delegados sindicales en 2013 y el Congreso Nacional en 2014. La conferencia consider\u00f3 tambi\u00e9n materias institucionales y discuti\u00f3 de la autonom\u00eda financiera.<\/p><p>La conferencia adopt\u00f3 una hoja de ruta para la campa\u00f1a electoral y una estrategia para intervenir en grandes centros de trabajo a fin de dar a conocer al sindicato en varias ramas y minas.<\/p>","protected":false},"featured_media":0,"template":"","issues":[425],"companies":[],"regions":[322],"sectors":[481,477,483,495],"article_tags":[],"class_list":["post-174956","article","type-article","status-publish","hentry","issues-workers-rights","regions-congo-drc","sectors-base-metals","sectors-chemical","sectors-energy-oil-gas-electricity-and-nuclear","sectors-mining"],"acf":[],"yoast_head":"<!-- This site is optimized with the Yoast SEO Premium plugin v27.1 (Yoast SEO v27.1) - https:\/\/yoast.com\/product\/yoast-seo-premium-wordpress\/ -->\n<title>La unidad, en marcha en la RDC - industriall-union<\/title>\n<meta name=\"description\" content=\"La conferencia fue un \u00e9xito y logr\u00f3 acuerdos sobre cuestiones de pol\u00edtica que configurar\u00e1n c\u00f3mo se construir\u00e1 el sindicato, y c\u00f3mo se presentar\u00e1 a las\" \/>\n<meta name=\"robots\" content=\"index, follow, max-snippet:-1, max-image-preview:large, max-video-preview:-1\" \/>\n<link rel=\"canonical\" href=\"https:\/\/admin.industriall-union.org\/es\/la-unidad-en-marcha-en-la-rdc\/\" \/>\n<meta property=\"og:locale\" content=\"es_ES\" \/>\n<meta property=\"og:type\" content=\"article\" \/>\n<meta property=\"og:title\" content=\"La unidad, en marcha en la RDC\" \/>\n<meta property=\"og:description\" content=\"La conferencia fue un \u00e9xito y logr\u00f3 acuerdos sobre cuestiones de pol\u00edtica que configurar\u00e1n c\u00f3mo se construir\u00e1 el sindicato, y c\u00f3mo se presentar\u00e1 a las\" \/>\n<meta property=\"og:url\" content=\"https:\/\/admin.industriall-union.org\/es\/la-unidad-en-marcha-en-la-rdc\/\" \/>\n<meta property=\"og:site_name\" content=\"industriall-union\" \/>\n<meta property=\"article:modified_time\" content=\"2025-02-08T17:21:54+00:00\" \/>\n<meta name=\"twitter:card\" content=\"summary_large_image\" \/>\n<meta name=\"twitter:label1\" content=\"Est. reading time\" \/>\n\t<meta name=\"twitter:data1\" content=\"1 minute\" \/>\n<script type=\"application\/ld+json\" class=\"yoast-schema-graph\">{\"@context\":\"https:\/\/schema.org\",\"@graph\":[{\"@type\":\"WebPage\",\"@id\":\"https:\/\/admin.industriall-union.org\/es\/la-unidad-en-marcha-en-la-rdc\/\",\"url\":\"https:\/\/admin.industriall-union.org\/es\/la-unidad-en-marcha-en-la-rdc\/\",\"name\":\"La unidad, en marcha en la RDC - industriall-union\",\"isPartOf\":{\"@id\":\"https:\/\/admin.industriall-union.org\/#website\"},\"datePublished\":\"2012-11-22T15:05:14+00:00\",\"dateModified\":\"2025-02-08T17:21:54+00:00\",\"description\":\"La conferencia fue un \u00e9xito y logr\u00f3 acuerdos sobre cuestiones de pol\u00edtica que configurar\u00e1n c\u00f3mo se construir\u00e1 el sindicato, y c\u00f3mo se presentar\u00e1 a las\",\"breadcrumb\":{\"@id\":\"https:\/\/admin.industriall-union.org\/es\/la-unidad-en-marcha-en-la-rdc\/#breadcrumb\"},\"inLanguage\":\"es-ES\",\"potentialAction\":[{\"@type\":\"ReadAction\",\"target\":[\"https:\/\/admin.industriall-union.org\/es\/la-unidad-en-marcha-en-la-rdc\/\"]}]},{\"@type\":\"BreadcrumbList\",\"@id\":\"https:\/\/admin.industriall-union.org\/es\/la-unidad-en-marcha-en-la-rdc\/#breadcrumb\",\"itemListElement\":[{\"@type\":\"ListItem\",\"position\":1,\"name\":\"Home\",\"item\":\"https:\/\/admin.industriall-union.org\/\"},{\"@type\":\"ListItem\",\"position\":2,\"name\":\"Articles\",\"item\":\"https:\/\/admin.industriall-union.org\/article\/\"},{\"@type\":\"ListItem\",\"position\":3,\"name\":\"La unidad, en marcha en la RDC\"}]},{\"@type\":\"WebSite\",\"@id\":\"https:\/\/admin.industriall-union.org\/#website\",\"url\":\"https:\/\/admin.industriall-union.org\/\",\"name\":\"industriall-union\",\"description\":\"\",\"potentialAction\":[{\"@type\":\"SearchAction\",\"target\":{\"@type\":\"EntryPoint\",\"urlTemplate\":\"https:\/\/admin.industriall-union.org\/?s={search_term_string}\"},\"query-input\":{\"@type\":\"PropertyValueSpecification\",\"valueRequired\":true,\"valueName\":\"search_term_string\"}}],\"inLanguage\":\"es-ES\"}]}<\/script>\n<!-- \/ Yoast SEO Premium plugin. -->","yoast_head_json":{"title":"La unidad, en marcha en la RDC - industriall-union","description":"La conferencia fue un \u00e9xito y logr\u00f3 acuerdos sobre cuestiones de pol\u00edtica que configurar\u00e1n c\u00f3mo se construir\u00e1 el sindicato, y c\u00f3mo se presentar\u00e1 a las","robots":{"index":"index","follow":"follow","max-snippet":"max-snippet:-1","max-image-preview":"max-image-preview:large","max-video-preview":"max-video-preview:-1"},"canonical":"https:\/\/admin.industriall-union.org\/es\/la-unidad-en-marcha-en-la-rdc\/","og_locale":"es_ES","og_type":"article","og_title":"La unidad, en marcha en la RDC","og_description":"La conferencia fue un \u00e9xito y logr\u00f3 acuerdos sobre cuestiones de pol\u00edtica que configurar\u00e1n c\u00f3mo se construir\u00e1 el sindicato, y c\u00f3mo se presentar\u00e1 a las","og_url":"https:\/\/admin.industriall-union.org\/es\/la-unidad-en-marcha-en-la-rdc\/","og_site_name":"industriall-union","article_modified_time":"2025-02-08T17:21:54+00:00","twitter_card":"summary_large_image","twitter_misc":{"Est. reading time":"1 minute"},"schema":{"@context":"https:\/\/schema.org","@graph":[{"@type":"WebPage","@id":"https:\/\/admin.industriall-union.org\/es\/la-unidad-en-marcha-en-la-rdc\/","url":"https:\/\/admin.industriall-union.org\/es\/la-unidad-en-marcha-en-la-rdc\/","name":"La unidad, en marcha en la RDC - industriall-union","isPartOf":{"@id":"https:\/\/admin.industriall-union.org\/#website"},"datePublished":"2012-11-22T15:05:14+00:00","dateModified":"2025-02-08T17:21:54+00:00","description":"La conferencia fue un \u00e9xito y logr\u00f3 acuerdos sobre cuestiones de pol\u00edtica que configurar\u00e1n c\u00f3mo se construir\u00e1 el sindicato, y c\u00f3mo se presentar\u00e1 a las","breadcrumb":{"@id":"https:\/\/admin.industriall-union.org\/es\/la-unidad-en-marcha-en-la-rdc\/#breadcrumb"},"inLanguage":"es-ES","potentialAction":[{"@type":"ReadAction","target":["https:\/\/admin.industriall-union.org\/es\/la-unidad-en-marcha-en-la-rdc\/"]}]},{"@type":"BreadcrumbList","@id":"https:\/\/admin.industriall-union.org\/es\/la-unidad-en-marcha-en-la-rdc\/#breadcrumb","itemListElement":[{"@type":"ListItem","position":1,"name":"Home","item":"https:\/\/admin.industriall-union.org\/"},{"@type":"ListItem","position":2,"name":"Articles","item":"https:\/\/admin.industriall-union.org\/article\/"},{"@type":"ListItem","position":3,"name":"La unidad, en marcha en la RDC"}]},{"@type":"WebSite","@id":"https:\/\/admin.industriall-union.org\/#website","url":"https:\/\/admin.industriall-union.org\/","name":"industriall-union","description":"","potentialAction":[{"@type":"SearchAction","target":{"@type":"EntryPoint","urlTemplate":"https:\/\/admin.industriall-union.org\/?s={search_term_string}"},"query-input":{"@type":"PropertyValueSpecification","valueRequired":true,"valueName":"search_term_string"}}],"inLanguage":"es-ES"}]}},"_links":{"self":[{"href":"https:\/\/admin.industriall-union.org\/es\/wp-json\/wp\/v2\/article\/174956","targetHints":{"allow":["GET"]}}],"collection":[{"href":"https:\/\/admin.industriall-union.org\/es\/wp-json\/wp\/v2\/article"}],"about":[{"href":"https:\/\/admin.industriall-union.org\/es\/wp-json\/wp\/v2\/types\/article"}],"wp:attachment":[{"href":"https:\/\/admin.industriall-union.org\/es\/wp-json\/wp\/v2\/media?parent=174956"}],"wp:term":[{"taxonomy":"issues","embeddable":true,"href":"https:\/\/admin.industriall-union.org\/es\/wp-json\/wp\/v2\/issues?post=174956"},{"taxonomy":"companies","embeddable":true,"href":"https:\/\/admin.industriall-union.org\/es\/wp-json\/wp\/v2\/companies?post=174956"},{"taxonomy":"regions","embeddable":true,"href":"https:\/\/admin.industriall-union.org\/es\/wp-json\/wp\/v2\/regions?post=174956"},{"taxonomy":"sectors","embeddable":true,"href":"https:\/\/admin.industriall-union.org\/es\/wp-json\/wp\/v2\/sectors?post=174956"},{"taxonomy":"article_tags","embeddable":true,"href":"https:\/\/admin.industriall-union.org\/es\/wp-json\/wp\/v2\/article_tags?post=174956"}],"curies":[{"name":"wp","href":"https:\/\/api.w.org\/{rel}","templated":true}]}}