{"id":174931,"date":"2012-11-27T15:48:14","date_gmt":"2012-11-27T15:48:14","guid":{"rendered":"https:\/\/admin.industriall-union.org\/director-de-la-industriall-recibe-el-reconocimiento-de-la-organizacion-de-las-naciones-unidas-para-el-desarrollo-industrial\/"},"modified":"2025-02-08T17:18:16","modified_gmt":"2025-02-08T17:18:16","slug":"director-de-la-industriall-recibe-el-reconocimiento-de-la-organizacion-de-las-naciones-unidas-para-el-desarrollo-industrial","status":"publish","type":"article","link":"https:\/\/admin.industriall-union.org\/es\/director-de-la-industriall-recibe-el-reconocimiento-de-la-organizacion-de-las-naciones-unidas-para-el-desarrollo-industrial\/","title":{"rendered":"Director de la IndustriALL recibe el reconocimiento de la Organizaci\u00f3n de las Naciones Unidas para el Desarrollo Industrial"},"content":{"rendered":"<p>La finalidad de su disertaci\u00f3n fue informar a un grupo diverso de participantes sobre las experiencias de la IndustriALL en la promoci\u00f3n de los derechos de los trabajadores en el Sur Global, particularmente en los sectores de la energ\u00eda y la miner\u00eda. La IndustriALL pide que la industria y los gobiernos desarrollen empleos decentes, seguros y sostenibles. Y esto s\u00f3lo suceder\u00e1 si existe una pol\u00edtica industrial sostenible. Los Acuerdos Marco Mundiales y\/o las redes de empresas mundiales son dos de los importantes instrumentos que utiliza la IndustriALL para fomentar el trabajo decente en el mundo.<\/p><p>Los sindicatos han luchado siempre por mejores normas laborales, condiciones de trabajo e ingresos. Adem\u00e1s, los sindicatos practican la cooperaci\u00f3n triangular (los de los pa\u00edses desarrollados apoyan iniciativas del Sur) para crear capacidad mediante una colaboraci\u00f3n Sur-Sur continua.<\/p><p>En la actualidad, la energ\u00eda sostenible es s\u00f3lo un objetivo, aunque tiene potencial para crear grandes cantidades de empleos decentes. Sin embargo, \u00fanicamente se lograr\u00e1 si se dispone de las pol\u00edticas adecuadas. Adem\u00e1s, hay que asegurar una Transici\u00f3n justa de manera que los trabajadores actuales se beneficien de la tendencia a la sostenibilidad, y no s\u00f3lo los nuevos trabajadores hipot\u00e9ticos que ocupen empleos m\u00e1s verdes. Todav\u00eda no se han planificado las implicaciones de la sostenibilidad para la educaci\u00f3n y la formaci\u00f3n profesional, los derechos humanos, los derechos laborales y otros valores sociales, pero es evidente que no se pueden dejar simplemente al libre mercado desregulado.<\/p><p>Como sindicalistas, somos responsables ante nosotros mismos, nuestras familias y nuestras comunidades. Tenemos que hablar por los trabajadores de hoy y de ma\u00f1ana. El objetivo es el desarrollo sostenible. Y la v\u00eda es la Transici\u00f3n justa. La sostenibilidad ha de ser la base de una buena pol\u00edtica industrial, para preservar los empleos existentes y crear nuevos, que ofrezcan trabajo decente en una econom\u00eda m\u00e1s verde. En un planeta muerto no hay empleos.<\/p>","protected":false},"featured_media":0,"template":"","issues":[418],"companies":[],"regions":[],"sectors":[],"article_tags":[],"class_list":["post-174931","article","type-article","status-publish","hentry","issues-sustainability"],"acf":[],"yoast_head":"<!-- This site is optimized with the Yoast SEO Premium plugin v27.1 (Yoast SEO v27.1) - https:\/\/yoast.com\/product\/yoast-seo-premium-wordpress\/ -->\n<title>Director de la IndustriALL recibe el reconocimiento de la Organizaci\u00f3n de las Naciones Unidas para el Desarrollo Industrial - industriall-union<\/title>\n<meta name=\"description\" content=\"La finalidad de su disertaci\u00f3n fue informar a un grupo diverso de participantes sobre las experiencias de la IndustriALL en la promoci\u00f3n de los derechos\" \/>\n<meta name=\"robots\" content=\"index, follow, max-snippet:-1, max-image-preview:large, max-video-preview:-1\" \/>\n<link rel=\"canonical\" href=\"https:\/\/admin.industriall-union.org\/es\/director-de-la-industriall-recibe-el-reconocimiento-de-la-organizacion-de-las-naciones-unidas-para-el-desarrollo-industrial\/\" \/>\n<meta property=\"og:locale\" content=\"es_ES\" \/>\n<meta property=\"og:type\" content=\"article\" \/>\n<meta property=\"og:title\" content=\"Director de la IndustriALL recibe el reconocimiento de la Organizaci\u00f3n de las Naciones Unidas para el Desarrollo Industrial\" \/>\n<meta property=\"og:description\" content=\"La finalidad de su disertaci\u00f3n fue informar a un grupo diverso de participantes sobre las experiencias de la IndustriALL en la promoci\u00f3n de los derechos\" \/>\n<meta property=\"og:url\" content=\"https:\/\/admin.industriall-union.org\/es\/director-de-la-industriall-recibe-el-reconocimiento-de-la-organizacion-de-las-naciones-unidas-para-el-desarrollo-industrial\/\" \/>\n<meta property=\"og:site_name\" content=\"industriall-union\" \/>\n<meta property=\"article:modified_time\" content=\"2025-02-08T17:18:16+00:00\" \/>\n<meta name=\"twitter:card\" content=\"summary_large_image\" \/>\n<meta name=\"twitter:label1\" content=\"Est. reading time\" \/>\n\t<meta name=\"twitter:data1\" content=\"2 minutes\" \/>\n<script type=\"application\/ld+json\" class=\"yoast-schema-graph\">{\"@context\":\"https:\/\/schema.org\",\"@graph\":[{\"@type\":\"WebPage\",\"@id\":\"https:\/\/admin.industriall-union.org\/es\/director-de-la-industriall-recibe-el-reconocimiento-de-la-organizacion-de-las-naciones-unidas-para-el-desarrollo-industrial\/\",\"url\":\"https:\/\/admin.industriall-union.org\/es\/director-de-la-industriall-recibe-el-reconocimiento-de-la-organizacion-de-las-naciones-unidas-para-el-desarrollo-industrial\/\",\"name\":\"Director de la IndustriALL recibe el reconocimiento de la Organizaci\u00f3n de las Naciones Unidas para el Desarrollo Industrial - industriall-union\",\"isPartOf\":{\"@id\":\"https:\/\/admin.industriall-union.org\/#website\"},\"datePublished\":\"2012-11-27T15:48:14+00:00\",\"dateModified\":\"2025-02-08T17:18:16+00:00\",\"description\":\"La finalidad de su disertaci\u00f3n fue informar a un grupo diverso de participantes sobre las experiencias de la IndustriALL en la promoci\u00f3n de los derechos\",\"breadcrumb\":{\"@id\":\"https:\/\/admin.industriall-union.org\/es\/director-de-la-industriall-recibe-el-reconocimiento-de-la-organizacion-de-las-naciones-unidas-para-el-desarrollo-industrial\/#breadcrumb\"},\"inLanguage\":\"es-ES\",\"potentialAction\":[{\"@type\":\"ReadAction\",\"target\":[\"https:\/\/admin.industriall-union.org\/es\/director-de-la-industriall-recibe-el-reconocimiento-de-la-organizacion-de-las-naciones-unidas-para-el-desarrollo-industrial\/\"]}]},{\"@type\":\"BreadcrumbList\",\"@id\":\"https:\/\/admin.industriall-union.org\/es\/director-de-la-industriall-recibe-el-reconocimiento-de-la-organizacion-de-las-naciones-unidas-para-el-desarrollo-industrial\/#breadcrumb\",\"itemListElement\":[{\"@type\":\"ListItem\",\"position\":1,\"name\":\"Home\",\"item\":\"https:\/\/admin.industriall-union.org\/\"},{\"@type\":\"ListItem\",\"position\":2,\"name\":\"Articles\",\"item\":\"https:\/\/admin.industriall-union.org\/article\/\"},{\"@type\":\"ListItem\",\"position\":3,\"name\":\"Director de la IndustriALL recibe el reconocimiento de la Organizaci\u00f3n de las Naciones Unidas para el Desarrollo Industrial\"}]},{\"@type\":\"WebSite\",\"@id\":\"https:\/\/admin.industriall-union.org\/#website\",\"url\":\"https:\/\/admin.industriall-union.org\/\",\"name\":\"industriall-union\",\"description\":\"\",\"potentialAction\":[{\"@type\":\"SearchAction\",\"target\":{\"@type\":\"EntryPoint\",\"urlTemplate\":\"https:\/\/admin.industriall-union.org\/?s={search_term_string}\"},\"query-input\":{\"@type\":\"PropertyValueSpecification\",\"valueRequired\":true,\"valueName\":\"search_term_string\"}}],\"inLanguage\":\"es-ES\"}]}<\/script>\n<!-- \/ Yoast SEO Premium plugin. -->","yoast_head_json":{"title":"Director de la IndustriALL recibe el reconocimiento de la Organizaci\u00f3n de las Naciones Unidas para el Desarrollo Industrial - industriall-union","description":"La finalidad de su disertaci\u00f3n fue informar a un grupo diverso de participantes sobre las experiencias de la IndustriALL en la promoci\u00f3n de los derechos","robots":{"index":"index","follow":"follow","max-snippet":"max-snippet:-1","max-image-preview":"max-image-preview:large","max-video-preview":"max-video-preview:-1"},"canonical":"https:\/\/admin.industriall-union.org\/es\/director-de-la-industriall-recibe-el-reconocimiento-de-la-organizacion-de-las-naciones-unidas-para-el-desarrollo-industrial\/","og_locale":"es_ES","og_type":"article","og_title":"Director de la IndustriALL recibe el reconocimiento de la Organizaci\u00f3n de las Naciones Unidas para el Desarrollo Industrial","og_description":"La finalidad de su disertaci\u00f3n fue informar a un grupo diverso de participantes sobre las experiencias de la IndustriALL en la promoci\u00f3n de los derechos","og_url":"https:\/\/admin.industriall-union.org\/es\/director-de-la-industriall-recibe-el-reconocimiento-de-la-organizacion-de-las-naciones-unidas-para-el-desarrollo-industrial\/","og_site_name":"industriall-union","article_modified_time":"2025-02-08T17:18:16+00:00","twitter_card":"summary_large_image","twitter_misc":{"Est. reading time":"2 minutes"},"schema":{"@context":"https:\/\/schema.org","@graph":[{"@type":"WebPage","@id":"https:\/\/admin.industriall-union.org\/es\/director-de-la-industriall-recibe-el-reconocimiento-de-la-organizacion-de-las-naciones-unidas-para-el-desarrollo-industrial\/","url":"https:\/\/admin.industriall-union.org\/es\/director-de-la-industriall-recibe-el-reconocimiento-de-la-organizacion-de-las-naciones-unidas-para-el-desarrollo-industrial\/","name":"Director de la IndustriALL recibe el reconocimiento de la Organizaci\u00f3n de las Naciones Unidas para el Desarrollo Industrial - industriall-union","isPartOf":{"@id":"https:\/\/admin.industriall-union.org\/#website"},"datePublished":"2012-11-27T15:48:14+00:00","dateModified":"2025-02-08T17:18:16+00:00","description":"La finalidad de su disertaci\u00f3n fue informar a un grupo diverso de participantes sobre las experiencias de la IndustriALL en la promoci\u00f3n de los derechos","breadcrumb":{"@id":"https:\/\/admin.industriall-union.org\/es\/director-de-la-industriall-recibe-el-reconocimiento-de-la-organizacion-de-las-naciones-unidas-para-el-desarrollo-industrial\/#breadcrumb"},"inLanguage":"es-ES","potentialAction":[{"@type":"ReadAction","target":["https:\/\/admin.industriall-union.org\/es\/director-de-la-industriall-recibe-el-reconocimiento-de-la-organizacion-de-las-naciones-unidas-para-el-desarrollo-industrial\/"]}]},{"@type":"BreadcrumbList","@id":"https:\/\/admin.industriall-union.org\/es\/director-de-la-industriall-recibe-el-reconocimiento-de-la-organizacion-de-las-naciones-unidas-para-el-desarrollo-industrial\/#breadcrumb","itemListElement":[{"@type":"ListItem","position":1,"name":"Home","item":"https:\/\/admin.industriall-union.org\/"},{"@type":"ListItem","position":2,"name":"Articles","item":"https:\/\/admin.industriall-union.org\/article\/"},{"@type":"ListItem","position":3,"name":"Director de la IndustriALL recibe el reconocimiento de la Organizaci\u00f3n de las Naciones Unidas para el Desarrollo Industrial"}]},{"@type":"WebSite","@id":"https:\/\/admin.industriall-union.org\/#website","url":"https:\/\/admin.industriall-union.org\/","name":"industriall-union","description":"","potentialAction":[{"@type":"SearchAction","target":{"@type":"EntryPoint","urlTemplate":"https:\/\/admin.industriall-union.org\/?s={search_term_string}"},"query-input":{"@type":"PropertyValueSpecification","valueRequired":true,"valueName":"search_term_string"}}],"inLanguage":"es-ES"}]}},"_links":{"self":[{"href":"https:\/\/admin.industriall-union.org\/es\/wp-json\/wp\/v2\/article\/174931","targetHints":{"allow":["GET"]}}],"collection":[{"href":"https:\/\/admin.industriall-union.org\/es\/wp-json\/wp\/v2\/article"}],"about":[{"href":"https:\/\/admin.industriall-union.org\/es\/wp-json\/wp\/v2\/types\/article"}],"wp:attachment":[{"href":"https:\/\/admin.industriall-union.org\/es\/wp-json\/wp\/v2\/media?parent=174931"}],"wp:term":[{"taxonomy":"issues","embeddable":true,"href":"https:\/\/admin.industriall-union.org\/es\/wp-json\/wp\/v2\/issues?post=174931"},{"taxonomy":"companies","embeddable":true,"href":"https:\/\/admin.industriall-union.org\/es\/wp-json\/wp\/v2\/companies?post=174931"},{"taxonomy":"regions","embeddable":true,"href":"https:\/\/admin.industriall-union.org\/es\/wp-json\/wp\/v2\/regions?post=174931"},{"taxonomy":"sectors","embeddable":true,"href":"https:\/\/admin.industriall-union.org\/es\/wp-json\/wp\/v2\/sectors?post=174931"},{"taxonomy":"article_tags","embeddable":true,"href":"https:\/\/admin.industriall-union.org\/es\/wp-json\/wp\/v2\/article_tags?post=174931"}],"curies":[{"name":"wp","href":"https:\/\/api.w.org\/{rel}","templated":true}]}}