{"id":174922,"date":"2012-11-28T01:35:57","date_gmt":"2012-11-28T01:35:57","guid":{"rendered":"https:\/\/admin.industriall-union.org\/juventud-de-america-latina-y-alemania-participan-de-intercambio-en-brasil\/"},"modified":"2025-02-08T17:13:37","modified_gmt":"2025-02-08T17:13:37","slug":"juventud-de-america-latina-y-alemania-participan-de-intercambio-en-brasil","status":"publish","type":"article","link":"https:\/\/admin.industriall-union.org\/es\/juventud-de-america-latina-y-alemania-participan-de-intercambio-en-brasil\/","title":{"rendered":"Juventud de Am\u00e9rica Latina y Alemania participan de intercambio en Brasil"},"content":{"rendered":"<p>IndustriALL Global Union junto con la FES, en apoyo pol\u00edtico y financiero de los Sindicatos afiliados de IndustriALL en Argentina y Brasil, y de IG METALL de Alemania, dieron inicio el 26 de noviembre al intercambio sindical internacional para j\u00f3venes trabajadores de Am\u00e9rica Latina y Alemania, que se realiza hasta el 30 de este mes en Praia Grande, Brasil.<\/p><p>El encuentro que es parte de un proyecto de la Oficina Regional de IndustriALL para Am\u00e9rica Latina y el Caribe, cont\u00f3 con la participaci\u00f3n de cerca de 40 j\u00f3venes representantes de los sindicatos afiliados de las ramas metal\u00fargicas, textil, y qu\u00edmico de Alemania, Argentina, Brasil, Colombia, Chile, Nicaragua, Paraguay, Per\u00fa y Uruguay.<\/p><p>El intercambio tiene por objetivo promover el cambio de experiencias a partir de la realidad vivida en sociedad y en el movimiento sindical en los pa\u00edses participantes.<\/p><p>En este primer encuentro, durante cinco d\u00edas, los participantes conocer\u00e1n las negociaciones colectivas, el funcionamiento de las pol\u00edticas de juventud y g\u00e9nero en las afiliadas brasileras de IndustriALL, as\u00ed como la pol\u00edtica de redes en empresas multinacionales.<\/p><p>Asimismo tendr\u00e1n la oportunidad de conocer las sedes de algunos sindicatos locales, la Red TVT (emisora de televisi\u00f3n otorgada al Sindicato de los Metal\u00fargicos del ABC, afiliado a CNM\/CUT), &nbsp;la oficina Nacional de la Forca Sindical y la estructura sindical dentro de las empresas en un ensamblaje de camiones y una empresa qu\u00edmica.<\/p><p>Fernando Lopes, Secretario General Adjunto de IndustriALL, Jorge Almeida, Secretario Regional de IndustriALL Am\u00e9rica Latina y el Caribe y Marino Vani, Secretario Adjunto para la regi\u00f3n, dieron la bienvenida los participantes al encuentro junto con Joao Cayres, Secretario General de CNM\/CUT y Joao Carlos Gon\u00e7alves, Secretario General de Forca Sindical.<\/p><p>El proyecto de intercambio tiene contemplado adem\u00e1s de este encuentro en Brasil, encuentros de intercambio en Argentina y Alemania agendados para 2013 y 2014. El objetivo de estos encuentros es que los j\u00f3venes conozcan sobre sindicalismo internacional, organizaci\u00f3n y estructura sindical, negociaci\u00f3n colectiva, pol\u00edticas de organizaci\u00f3n y acci\u00f3n sindical.<\/p>","protected":false},"featured_media":0,"template":"","issues":[401],"companies":[],"regions":[261],"sectors":[],"article_tags":[536],"class_list":["post-174922","article","type-article","status-publish","hentry","issues-projects","regions-brazil","article_tags-youth"],"acf":[],"yoast_head":"<!-- This site is optimized with the Yoast SEO Premium plugin v27.1 (Yoast SEO v27.1) - https:\/\/yoast.com\/product\/yoast-seo-premium-wordpress\/ -->\n<title>Juventud de Am\u00e9rica Latina y Alemania participan de intercambio en Brasil - industriall-union<\/title>\n<meta name=\"description\" content=\"IndustriALL Global Union junto con la FES, en apoyo pol\u00edtico y financiero de los Sindicatos afiliados de IndustriALL en Argentina y Brasil, y de IG METALL\" \/>\n<meta name=\"robots\" content=\"index, follow, max-snippet:-1, max-image-preview:large, max-video-preview:-1\" \/>\n<link rel=\"canonical\" href=\"https:\/\/admin.industriall-union.org\/es\/juventud-de-america-latina-y-alemania-participan-de-intercambio-en-brasil\/\" \/>\n<meta property=\"og:locale\" content=\"es_ES\" \/>\n<meta property=\"og:type\" content=\"article\" \/>\n<meta property=\"og:title\" content=\"Juventud de Am\u00e9rica Latina y Alemania participan de intercambio en Brasil\" \/>\n<meta property=\"og:description\" content=\"IndustriALL Global Union junto con la FES, en apoyo pol\u00edtico y financiero de los Sindicatos afiliados de IndustriALL en Argentina y Brasil, y de IG METALL\" \/>\n<meta property=\"og:url\" content=\"https:\/\/admin.industriall-union.org\/es\/juventud-de-america-latina-y-alemania-participan-de-intercambio-en-brasil\/\" \/>\n<meta property=\"og:site_name\" content=\"industriall-union\" \/>\n<meta property=\"article:modified_time\" content=\"2025-02-08T17:13:37+00:00\" \/>\n<meta name=\"twitter:card\" content=\"summary_large_image\" \/>\n<meta name=\"twitter:label1\" content=\"Est. reading time\" \/>\n\t<meta name=\"twitter:data1\" content=\"2 minutes\" \/>\n<script type=\"application\/ld+json\" class=\"yoast-schema-graph\">{\"@context\":\"https:\/\/schema.org\",\"@graph\":[{\"@type\":\"WebPage\",\"@id\":\"https:\/\/admin.industriall-union.org\/es\/juventud-de-america-latina-y-alemania-participan-de-intercambio-en-brasil\/\",\"url\":\"https:\/\/admin.industriall-union.org\/es\/juventud-de-america-latina-y-alemania-participan-de-intercambio-en-brasil\/\",\"name\":\"Juventud de Am\u00e9rica Latina y Alemania participan de intercambio en Brasil - industriall-union\",\"isPartOf\":{\"@id\":\"https:\/\/admin.industriall-union.org\/#website\"},\"datePublished\":\"2012-11-28T01:35:57+00:00\",\"dateModified\":\"2025-02-08T17:13:37+00:00\",\"description\":\"IndustriALL Global Union junto con la FES, en apoyo pol\u00edtico y financiero de los Sindicatos afiliados de IndustriALL en Argentina y Brasil, y de IG METALL\",\"breadcrumb\":{\"@id\":\"https:\/\/admin.industriall-union.org\/es\/juventud-de-america-latina-y-alemania-participan-de-intercambio-en-brasil\/#breadcrumb\"},\"inLanguage\":\"es-ES\",\"potentialAction\":[{\"@type\":\"ReadAction\",\"target\":[\"https:\/\/admin.industriall-union.org\/es\/juventud-de-america-latina-y-alemania-participan-de-intercambio-en-brasil\/\"]}]},{\"@type\":\"BreadcrumbList\",\"@id\":\"https:\/\/admin.industriall-union.org\/es\/juventud-de-america-latina-y-alemania-participan-de-intercambio-en-brasil\/#breadcrumb\",\"itemListElement\":[{\"@type\":\"ListItem\",\"position\":1,\"name\":\"Home\",\"item\":\"https:\/\/admin.industriall-union.org\/\"},{\"@type\":\"ListItem\",\"position\":2,\"name\":\"Articles\",\"item\":\"https:\/\/admin.industriall-union.org\/article\/\"},{\"@type\":\"ListItem\",\"position\":3,\"name\":\"Juventud de Am\u00e9rica Latina y Alemania participan de intercambio en Brasil\"}]},{\"@type\":\"WebSite\",\"@id\":\"https:\/\/admin.industriall-union.org\/#website\",\"url\":\"https:\/\/admin.industriall-union.org\/\",\"name\":\"industriall-union\",\"description\":\"\",\"potentialAction\":[{\"@type\":\"SearchAction\",\"target\":{\"@type\":\"EntryPoint\",\"urlTemplate\":\"https:\/\/admin.industriall-union.org\/?s={search_term_string}\"},\"query-input\":{\"@type\":\"PropertyValueSpecification\",\"valueRequired\":true,\"valueName\":\"search_term_string\"}}],\"inLanguage\":\"es-ES\"}]}<\/script>\n<!-- \/ Yoast SEO Premium plugin. -->","yoast_head_json":{"title":"Juventud de Am\u00e9rica Latina y Alemania participan de intercambio en Brasil - industriall-union","description":"IndustriALL Global Union junto con la FES, en apoyo pol\u00edtico y financiero de los Sindicatos afiliados de IndustriALL en Argentina y Brasil, y de IG METALL","robots":{"index":"index","follow":"follow","max-snippet":"max-snippet:-1","max-image-preview":"max-image-preview:large","max-video-preview":"max-video-preview:-1"},"canonical":"https:\/\/admin.industriall-union.org\/es\/juventud-de-america-latina-y-alemania-participan-de-intercambio-en-brasil\/","og_locale":"es_ES","og_type":"article","og_title":"Juventud de Am\u00e9rica Latina y Alemania participan de intercambio en Brasil","og_description":"IndustriALL Global Union junto con la FES, en apoyo pol\u00edtico y financiero de los Sindicatos afiliados de IndustriALL en Argentina y Brasil, y de IG METALL","og_url":"https:\/\/admin.industriall-union.org\/es\/juventud-de-america-latina-y-alemania-participan-de-intercambio-en-brasil\/","og_site_name":"industriall-union","article_modified_time":"2025-02-08T17:13:37+00:00","twitter_card":"summary_large_image","twitter_misc":{"Est. reading time":"2 minutes"},"schema":{"@context":"https:\/\/schema.org","@graph":[{"@type":"WebPage","@id":"https:\/\/admin.industriall-union.org\/es\/juventud-de-america-latina-y-alemania-participan-de-intercambio-en-brasil\/","url":"https:\/\/admin.industriall-union.org\/es\/juventud-de-america-latina-y-alemania-participan-de-intercambio-en-brasil\/","name":"Juventud de Am\u00e9rica Latina y Alemania participan de intercambio en Brasil - industriall-union","isPartOf":{"@id":"https:\/\/admin.industriall-union.org\/#website"},"datePublished":"2012-11-28T01:35:57+00:00","dateModified":"2025-02-08T17:13:37+00:00","description":"IndustriALL Global Union junto con la FES, en apoyo pol\u00edtico y financiero de los Sindicatos afiliados de IndustriALL en Argentina y Brasil, y de IG METALL","breadcrumb":{"@id":"https:\/\/admin.industriall-union.org\/es\/juventud-de-america-latina-y-alemania-participan-de-intercambio-en-brasil\/#breadcrumb"},"inLanguage":"es-ES","potentialAction":[{"@type":"ReadAction","target":["https:\/\/admin.industriall-union.org\/es\/juventud-de-america-latina-y-alemania-participan-de-intercambio-en-brasil\/"]}]},{"@type":"BreadcrumbList","@id":"https:\/\/admin.industriall-union.org\/es\/juventud-de-america-latina-y-alemania-participan-de-intercambio-en-brasil\/#breadcrumb","itemListElement":[{"@type":"ListItem","position":1,"name":"Home","item":"https:\/\/admin.industriall-union.org\/"},{"@type":"ListItem","position":2,"name":"Articles","item":"https:\/\/admin.industriall-union.org\/article\/"},{"@type":"ListItem","position":3,"name":"Juventud de Am\u00e9rica Latina y Alemania participan de intercambio en Brasil"}]},{"@type":"WebSite","@id":"https:\/\/admin.industriall-union.org\/#website","url":"https:\/\/admin.industriall-union.org\/","name":"industriall-union","description":"","potentialAction":[{"@type":"SearchAction","target":{"@type":"EntryPoint","urlTemplate":"https:\/\/admin.industriall-union.org\/?s={search_term_string}"},"query-input":{"@type":"PropertyValueSpecification","valueRequired":true,"valueName":"search_term_string"}}],"inLanguage":"es-ES"}]}},"_links":{"self":[{"href":"https:\/\/admin.industriall-union.org\/es\/wp-json\/wp\/v2\/article\/174922","targetHints":{"allow":["GET"]}}],"collection":[{"href":"https:\/\/admin.industriall-union.org\/es\/wp-json\/wp\/v2\/article"}],"about":[{"href":"https:\/\/admin.industriall-union.org\/es\/wp-json\/wp\/v2\/types\/article"}],"wp:attachment":[{"href":"https:\/\/admin.industriall-union.org\/es\/wp-json\/wp\/v2\/media?parent=174922"}],"wp:term":[{"taxonomy":"issues","embeddable":true,"href":"https:\/\/admin.industriall-union.org\/es\/wp-json\/wp\/v2\/issues?post=174922"},{"taxonomy":"companies","embeddable":true,"href":"https:\/\/admin.industriall-union.org\/es\/wp-json\/wp\/v2\/companies?post=174922"},{"taxonomy":"regions","embeddable":true,"href":"https:\/\/admin.industriall-union.org\/es\/wp-json\/wp\/v2\/regions?post=174922"},{"taxonomy":"sectors","embeddable":true,"href":"https:\/\/admin.industriall-union.org\/es\/wp-json\/wp\/v2\/sectors?post=174922"},{"taxonomy":"article_tags","embeddable":true,"href":"https:\/\/admin.industriall-union.org\/es\/wp-json\/wp\/v2\/article_tags?post=174922"}],"curies":[{"name":"wp","href":"https:\/\/api.w.org\/{rel}","templated":true}]}}