{"id":174912,"date":"2012-11-29T11:24:10","date_gmt":"2012-11-29T11:24:10","guid":{"rendered":"https:\/\/admin.industriall-union.org\/creacion-de-un-comite-de-empresa-internacional-en-indesit\/"},"modified":"2025-02-08T17:13:12","modified_gmt":"2025-02-08T17:13:12","slug":"creacion-de-un-comite-de-empresa-internacional-en-indesit","status":"publish","type":"article","link":"https:\/\/admin.industriall-union.org\/es\/creacion-de-un-comite-de-empresa-internacional-en-indesit\/","title":{"rendered":"Creaci\u00f3n de un Comit\u00e9 de Empresa Internacional en Indesit"},"content":{"rendered":"<p>Se firm\u00f3 un acuerdo seg\u00fan el cual el 1 de enero de 2013 el Comit\u00e9 de Empresa Europeo de Indesit ampliar\u00e1 su cobertura geogr\u00e1fica y se convertir\u00e1 en un Comit\u00e9 de Empresa Internacional, con inclusi\u00f3n de representantes de los trabajadores y de los sindicatos de los establecimientos de fabricaci\u00f3n en pa\u00edses ajenos a la Uni\u00f3n Europea.<\/p><p>El nuevo acuerdo lo han firmado la IndustriALL Global Union, la IndustriALL European Trade Union y varios de sus afiliados que representan a los trabajadores de establecimientos de la compa\u00f1\u00eda Indesit en Francia, Italia, Polonia, Reino Unido, Rusia y Turqu\u00eda.<\/p><p>La decisi\u00f3n se basa en la estrategia sindical de crear redes sindicales mundiales (y comit\u00e9s internacionales) en empresas transnacionales, con el fin de promover la unidad de los trabajadores.<\/p><p>En diciembre de 2001, la ex FITIM, una de las tres organizaciones predecesoras de la IndustriALL Global Union, representada por sus afiliados en Italia FIM, FIOM y UILM, firm\u00f3 un Acuerdo Marco Internacional con Indesit, luego Merloni Elettrodomestici S.p.A.<\/p><p>Al firmar el acuerdo, la compa\u00f1\u00eda se comprometi\u00f3 a cumplir y promover los principios y derechos fundamentales en el trabajo establecidos en convenios de la Organizaci\u00f3n Internacional del Trabajo (OIT). Para supervisar el cumplimiento de las obligaciones contra\u00eddas se ha puesto en marcha un mecanismo de vigilancia especial para las violaciones no s\u00f3lo de las propias unidades de producci\u00f3n y actividades de la compa\u00f1\u00eda, sino tambi\u00e9n de sus proveedores, con el riesgo de anulaci\u00f3n de sus contratos en caso de graves violaciones.<\/p><p>La compa\u00f1\u00eda se ha comprometido tambi\u00e9n a informar sobre la aplicaci\u00f3n y el estatus del acuerdo en su reuni\u00f3n anual del Comit\u00e9 de Empresa Europeo (CEE) y en las reuniones de informaci\u00f3n nacionales previstas en los convenios colectivos nacionales.<\/p><p>El texto del <a href=\"\/wp-content\/uploads\/documents\/GFAs\/Indesit\/global-agreement-on-iwc.pdf#overlay-context=international-works-council-born-at-indesit\">acuerdo sobre la constituci\u00f3n del Comit\u00e9 de Empresa Internacional<\/a> y el texto del <a href=\"\/wp-content\/uploads\/documents\/GFAs\/Indesit\/building_iwc.pdf#overlay-context=international-works-council-born-at-indesit\">acuerdo sobre la transformaci\u00f3n del Comit\u00e9 Europeo en Internacional<\/a> est\u00e1n disponibles en los enlaces.<\/p>","protected":false},"featured_media":0,"template":"","issues":[407,409],"companies":[76],"regions":[217,224,239,242,250,251],"sectors":[475],"article_tags":[511],"class_list":["post-174912","article","type-article","status-publish","hentry","issues-global-framework-agreements","issues-multinational-companies-mncs","companies-indesit","regions-france","regions-italy","regions-poland","regions-russia","regions-turkiye","regions-united-kingdom","sectors-mechanical-engineering","article_tags-industriall"],"acf":[],"yoast_head":"<!-- This site is optimized with the Yoast SEO Premium plugin v27.1 (Yoast SEO v27.1) - https:\/\/yoast.com\/product\/yoast-seo-premium-wordpress\/ -->\n<title>Creaci\u00f3n de un Comit\u00e9 de Empresa Internacional en Indesit - industriall-union<\/title>\n<meta name=\"description\" content=\"Se firm\u00f3 un acuerdo seg\u00fan el cual el 1 de enero de 2013 el Comit\u00e9 de Empresa Europeo de Indesit ampliar\u00e1 su cobertura geogr\u00e1fica y se convertir\u00e1 en un\" \/>\n<meta name=\"robots\" content=\"index, follow, max-snippet:-1, max-image-preview:large, max-video-preview:-1\" \/>\n<link rel=\"canonical\" href=\"https:\/\/admin.industriall-union.org\/es\/creacion-de-un-comite-de-empresa-internacional-en-indesit\/\" \/>\n<meta property=\"og:locale\" content=\"es_ES\" \/>\n<meta property=\"og:type\" content=\"article\" \/>\n<meta property=\"og:title\" content=\"Creaci\u00f3n de un Comit\u00e9 de Empresa Internacional en Indesit\" \/>\n<meta property=\"og:description\" content=\"Se firm\u00f3 un acuerdo seg\u00fan el cual el 1 de enero de 2013 el Comit\u00e9 de Empresa Europeo de Indesit ampliar\u00e1 su cobertura geogr\u00e1fica y se convertir\u00e1 en un\" \/>\n<meta property=\"og:url\" content=\"https:\/\/admin.industriall-union.org\/es\/creacion-de-un-comite-de-empresa-internacional-en-indesit\/\" \/>\n<meta property=\"og:site_name\" content=\"industriall-union\" \/>\n<meta property=\"article:modified_time\" content=\"2025-02-08T17:13:12+00:00\" \/>\n<meta name=\"twitter:card\" content=\"summary_large_image\" \/>\n<meta name=\"twitter:label1\" content=\"Est. reading time\" \/>\n\t<meta name=\"twitter:data1\" content=\"2 minutes\" \/>\n<script type=\"application\/ld+json\" class=\"yoast-schema-graph\">{\"@context\":\"https:\/\/schema.org\",\"@graph\":[{\"@type\":\"WebPage\",\"@id\":\"https:\/\/admin.industriall-union.org\/es\/creacion-de-un-comite-de-empresa-internacional-en-indesit\/\",\"url\":\"https:\/\/admin.industriall-union.org\/es\/creacion-de-un-comite-de-empresa-internacional-en-indesit\/\",\"name\":\"Creaci\u00f3n de un Comit\u00e9 de Empresa Internacional en Indesit - industriall-union\",\"isPartOf\":{\"@id\":\"https:\/\/admin.industriall-union.org\/#website\"},\"datePublished\":\"2012-11-29T11:24:10+00:00\",\"dateModified\":\"2025-02-08T17:13:12+00:00\",\"description\":\"Se firm\u00f3 un acuerdo seg\u00fan el cual el 1 de enero de 2013 el Comit\u00e9 de Empresa Europeo de Indesit ampliar\u00e1 su cobertura geogr\u00e1fica y se convertir\u00e1 en un\",\"breadcrumb\":{\"@id\":\"https:\/\/admin.industriall-union.org\/es\/creacion-de-un-comite-de-empresa-internacional-en-indesit\/#breadcrumb\"},\"inLanguage\":\"es-ES\",\"potentialAction\":[{\"@type\":\"ReadAction\",\"target\":[\"https:\/\/admin.industriall-union.org\/es\/creacion-de-un-comite-de-empresa-internacional-en-indesit\/\"]}]},{\"@type\":\"BreadcrumbList\",\"@id\":\"https:\/\/admin.industriall-union.org\/es\/creacion-de-un-comite-de-empresa-internacional-en-indesit\/#breadcrumb\",\"itemListElement\":[{\"@type\":\"ListItem\",\"position\":1,\"name\":\"Home\",\"item\":\"https:\/\/admin.industriall-union.org\/\"},{\"@type\":\"ListItem\",\"position\":2,\"name\":\"Articles\",\"item\":\"https:\/\/admin.industriall-union.org\/article\/\"},{\"@type\":\"ListItem\",\"position\":3,\"name\":\"Creaci\u00f3n de un Comit\u00e9 de Empresa Internacional en Indesit\"}]},{\"@type\":\"WebSite\",\"@id\":\"https:\/\/admin.industriall-union.org\/#website\",\"url\":\"https:\/\/admin.industriall-union.org\/\",\"name\":\"industriall-union\",\"description\":\"\",\"potentialAction\":[{\"@type\":\"SearchAction\",\"target\":{\"@type\":\"EntryPoint\",\"urlTemplate\":\"https:\/\/admin.industriall-union.org\/?s={search_term_string}\"},\"query-input\":{\"@type\":\"PropertyValueSpecification\",\"valueRequired\":true,\"valueName\":\"search_term_string\"}}],\"inLanguage\":\"es-ES\"}]}<\/script>\n<!-- \/ Yoast SEO Premium plugin. -->","yoast_head_json":{"title":"Creaci\u00f3n de un Comit\u00e9 de Empresa Internacional en Indesit - industriall-union","description":"Se firm\u00f3 un acuerdo seg\u00fan el cual el 1 de enero de 2013 el Comit\u00e9 de Empresa Europeo de Indesit ampliar\u00e1 su cobertura geogr\u00e1fica y se convertir\u00e1 en un","robots":{"index":"index","follow":"follow","max-snippet":"max-snippet:-1","max-image-preview":"max-image-preview:large","max-video-preview":"max-video-preview:-1"},"canonical":"https:\/\/admin.industriall-union.org\/es\/creacion-de-un-comite-de-empresa-internacional-en-indesit\/","og_locale":"es_ES","og_type":"article","og_title":"Creaci\u00f3n de un Comit\u00e9 de Empresa Internacional en Indesit","og_description":"Se firm\u00f3 un acuerdo seg\u00fan el cual el 1 de enero de 2013 el Comit\u00e9 de Empresa Europeo de Indesit ampliar\u00e1 su cobertura geogr\u00e1fica y se convertir\u00e1 en un","og_url":"https:\/\/admin.industriall-union.org\/es\/creacion-de-un-comite-de-empresa-internacional-en-indesit\/","og_site_name":"industriall-union","article_modified_time":"2025-02-08T17:13:12+00:00","twitter_card":"summary_large_image","twitter_misc":{"Est. reading time":"2 minutes"},"schema":{"@context":"https:\/\/schema.org","@graph":[{"@type":"WebPage","@id":"https:\/\/admin.industriall-union.org\/es\/creacion-de-un-comite-de-empresa-internacional-en-indesit\/","url":"https:\/\/admin.industriall-union.org\/es\/creacion-de-un-comite-de-empresa-internacional-en-indesit\/","name":"Creaci\u00f3n de un Comit\u00e9 de Empresa Internacional en Indesit - industriall-union","isPartOf":{"@id":"https:\/\/admin.industriall-union.org\/#website"},"datePublished":"2012-11-29T11:24:10+00:00","dateModified":"2025-02-08T17:13:12+00:00","description":"Se firm\u00f3 un acuerdo seg\u00fan el cual el 1 de enero de 2013 el Comit\u00e9 de Empresa Europeo de Indesit ampliar\u00e1 su cobertura geogr\u00e1fica y se convertir\u00e1 en un","breadcrumb":{"@id":"https:\/\/admin.industriall-union.org\/es\/creacion-de-un-comite-de-empresa-internacional-en-indesit\/#breadcrumb"},"inLanguage":"es-ES","potentialAction":[{"@type":"ReadAction","target":["https:\/\/admin.industriall-union.org\/es\/creacion-de-un-comite-de-empresa-internacional-en-indesit\/"]}]},{"@type":"BreadcrumbList","@id":"https:\/\/admin.industriall-union.org\/es\/creacion-de-un-comite-de-empresa-internacional-en-indesit\/#breadcrumb","itemListElement":[{"@type":"ListItem","position":1,"name":"Home","item":"https:\/\/admin.industriall-union.org\/"},{"@type":"ListItem","position":2,"name":"Articles","item":"https:\/\/admin.industriall-union.org\/article\/"},{"@type":"ListItem","position":3,"name":"Creaci\u00f3n de un Comit\u00e9 de Empresa Internacional en Indesit"}]},{"@type":"WebSite","@id":"https:\/\/admin.industriall-union.org\/#website","url":"https:\/\/admin.industriall-union.org\/","name":"industriall-union","description":"","potentialAction":[{"@type":"SearchAction","target":{"@type":"EntryPoint","urlTemplate":"https:\/\/admin.industriall-union.org\/?s={search_term_string}"},"query-input":{"@type":"PropertyValueSpecification","valueRequired":true,"valueName":"search_term_string"}}],"inLanguage":"es-ES"}]}},"_links":{"self":[{"href":"https:\/\/admin.industriall-union.org\/es\/wp-json\/wp\/v2\/article\/174912","targetHints":{"allow":["GET"]}}],"collection":[{"href":"https:\/\/admin.industriall-union.org\/es\/wp-json\/wp\/v2\/article"}],"about":[{"href":"https:\/\/admin.industriall-union.org\/es\/wp-json\/wp\/v2\/types\/article"}],"wp:attachment":[{"href":"https:\/\/admin.industriall-union.org\/es\/wp-json\/wp\/v2\/media?parent=174912"}],"wp:term":[{"taxonomy":"issues","embeddable":true,"href":"https:\/\/admin.industriall-union.org\/es\/wp-json\/wp\/v2\/issues?post=174912"},{"taxonomy":"companies","embeddable":true,"href":"https:\/\/admin.industriall-union.org\/es\/wp-json\/wp\/v2\/companies?post=174912"},{"taxonomy":"regions","embeddable":true,"href":"https:\/\/admin.industriall-union.org\/es\/wp-json\/wp\/v2\/regions?post=174912"},{"taxonomy":"sectors","embeddable":true,"href":"https:\/\/admin.industriall-union.org\/es\/wp-json\/wp\/v2\/sectors?post=174912"},{"taxonomy":"article_tags","embeddable":true,"href":"https:\/\/admin.industriall-union.org\/es\/wp-json\/wp\/v2\/article_tags?post=174912"}],"curies":[{"name":"wp","href":"https:\/\/api.w.org\/{rel}","templated":true}]}}