{"id":174900,"date":"2012-11-29T14:51:50","date_gmt":"2012-11-29T14:51:50","guid":{"rendered":"https:\/\/admin.industriall-union.org\/el-grupo-de-presion-sindical-impulsa-el-programa-laboral-en-la-cop18\/"},"modified":"2025-02-08T17:08:11","modified_gmt":"2025-02-08T17:08:11","slug":"el-grupo-de-presion-sindical-impulsa-el-programa-laboral-en-la-cop18","status":"publish","type":"article","link":"https:\/\/admin.industriall-union.org\/es\/el-grupo-de-presion-sindical-impulsa-el-programa-laboral-en-la-cop18\/","title":{"rendered":"El grupo de presi\u00f3n sindical impulsa el programa laboral en la COP18"},"content":{"rendered":"<p>El pa\u00eds anfitri\u00f3n, Qatar, tiene un historial de horrible pr\u00e1cticas en lo concerniente a los trabajadores migrantes y los derechos sindicales. Los sindicatos son ilegales y la mayor\u00eda de la labor que se realiza en el pa\u00eds corre a cargo de trabajadores migrantes precarios, sin derechos y con poco respeto.<\/p><p>La COP15, en Copenhague, concluy\u00f3 sin compromisos sobre acciones futuras ni financiaci\u00f3n. En la COP16, en Canc\u00fan, hubo algunos progresos, y en la COP17, en Durban, al menos se reanud\u00f3 el proceso y se refirm\u00f3 la credibilidad del proceso de la CMNUCC. Sin embargo, ahora estamos al final del per\u00edodo de compromisos inicial del Protocolo de Kioto, y el riesgo es que los compromisos existentes en el PK podr\u00edan perderse sin tener nada para reemplazarlos. Con fechas distintas propuestas para un segundo per\u00edodo de compromisos del Protocolo de Kioto, y 2020 como fecha de partida de la Plataforma de Durban (sea cual fuere lo que pueda llegar a contener) nos dirigimos hacia un futuro fragmentado.<\/p><p>La mayor parte de la tensi\u00f3n en la COP18 probablemente gire en torno a cuestiones como la fecha final efectiva del Protocolo de Kioto y el devenir de decisiones anteriores adoptadas en el GTE-CLP. Las cuestiones financieras, de condicionalidad y verificaci\u00f3n de los compromisos tambi\u00e9n ser\u00e1n motivo de tensi\u00f3n. Se considera poco probable que la COP18 pueda tomar importantes decisiones sobre dinero o fuentes de financiaci\u00f3n.<\/p><p>Hablando en la apertura de la plenaria del Grupo de Trabajo Especial sobre Cooperaci\u00f3n a Largo Plazo en el marco de la Convenci\u00f3n (GTE-CLP) en Doha (Qatar), el martes 27 de noviembre de 2012, el director de Salud, Seguridad y Sostenibilidad de la IndustriALL, Brian Kohler, en nombre del movimiento sindical internacional, declar\u00f3:<\/p><blockquote><p>Apoyamos las discusiones en torno a un segundo per\u00edodo de compromisos del Protocolo de Kioto. Consideramos importante que la CLP asegure en su mandato final que las instituciones y la estructura legal creadas en el Convenci\u00f3n y en el Protocolo hasta ahora se preserven &hellip; Pido a las Partes que garanticen que las decisiones anteriores sobre la CLP, incluidas las relativas a la Transici\u00f3n justa, no se pierdan cuando las Partes reorienten su labor hacia la Plataforma de Durban.<\/p><\/blockquote><p>Acaba de establecerse la gobernanza sobre el Fondo para el Clima. Est\u00e1 dominada por bancos centrales, que no desean permitir la participaci\u00f3n de sindicatos ni de ONG. No sienten la responsabilidad pol\u00edtica de conceder a los sindicatos espacio, lo cual es una importante deficiencia democr\u00e1tica. A menos que los sindicatos sean capaces de instituir la gobernanza correcta, expresar\u00e1n preocupaci\u00f3n&nbsp; e insistir\u00e1n en alg\u00fan control democr\u00e1tico. Los sindicatos no podr\u00e1n contemplar ni influir en decisiones para financiar, por ejemplo, iniciativas privadas, instrumentos, proyectos que no respeten las normas laborales y sociales, y corre el riesgo de convertirse en un fondo de corrupci\u00f3n de 100.000 millones de d\u00f3lares.<\/p><p>En cuanto a las fuentes de financiaci\u00f3n, la tasa sobre las transacciones financieras se pasa por alto, mientras que los banqueros centrales parecen favorables a un impuesto sobre el carbono.<\/p>","protected":false},"featured_media":0,"template":"","issues":[],"companies":[],"regions":[],"sectors":[],"article_tags":[],"class_list":["post-174900","article","type-article","status-publish","hentry"],"acf":[],"yoast_head":"<!-- This site is optimized with the Yoast SEO Premium plugin v27.1 (Yoast SEO v27.1) - https:\/\/yoast.com\/product\/yoast-seo-premium-wordpress\/ -->\n<title>El grupo de presi\u00f3n sindical impulsa el programa laboral en la COP18 - industriall-union<\/title>\n<meta name=\"description\" content=\"El pa\u00eds anfitri\u00f3n, Qatar, tiene un historial de horrible pr\u00e1cticas en lo concerniente a los trabajadores migrantes y los derechos sindicales. Los\" \/>\n<meta name=\"robots\" content=\"index, follow, max-snippet:-1, max-image-preview:large, max-video-preview:-1\" \/>\n<link rel=\"canonical\" href=\"https:\/\/admin.industriall-union.org\/es\/el-grupo-de-presion-sindical-impulsa-el-programa-laboral-en-la-cop18\/\" \/>\n<meta property=\"og:locale\" content=\"es_ES\" \/>\n<meta property=\"og:type\" content=\"article\" \/>\n<meta property=\"og:title\" content=\"El grupo de presi\u00f3n sindical impulsa el programa laboral en la COP18\" \/>\n<meta property=\"og:description\" content=\"El pa\u00eds anfitri\u00f3n, Qatar, tiene un historial de horrible pr\u00e1cticas en lo concerniente a los trabajadores migrantes y los derechos sindicales. Los\" \/>\n<meta property=\"og:url\" content=\"https:\/\/admin.industriall-union.org\/es\/el-grupo-de-presion-sindical-impulsa-el-programa-laboral-en-la-cop18\/\" \/>\n<meta property=\"og:site_name\" content=\"industriall-union\" \/>\n<meta property=\"article:modified_time\" content=\"2025-02-08T17:08:11+00:00\" \/>\n<meta name=\"twitter:card\" content=\"summary_large_image\" \/>\n<meta name=\"twitter:label1\" content=\"Est. reading time\" \/>\n\t<meta name=\"twitter:data1\" content=\"3 minutes\" \/>\n<script type=\"application\/ld+json\" class=\"yoast-schema-graph\">{\"@context\":\"https:\/\/schema.org\",\"@graph\":[{\"@type\":\"WebPage\",\"@id\":\"https:\/\/admin.industriall-union.org\/es\/el-grupo-de-presion-sindical-impulsa-el-programa-laboral-en-la-cop18\/\",\"url\":\"https:\/\/admin.industriall-union.org\/es\/el-grupo-de-presion-sindical-impulsa-el-programa-laboral-en-la-cop18\/\",\"name\":\"El grupo de presi\u00f3n sindical impulsa el programa laboral en la COP18 - industriall-union\",\"isPartOf\":{\"@id\":\"https:\/\/admin.industriall-union.org\/#website\"},\"datePublished\":\"2012-11-29T14:51:50+00:00\",\"dateModified\":\"2025-02-08T17:08:11+00:00\",\"description\":\"El pa\u00eds anfitri\u00f3n, Qatar, tiene un historial de horrible pr\u00e1cticas en lo concerniente a los trabajadores migrantes y los derechos sindicales. Los\",\"breadcrumb\":{\"@id\":\"https:\/\/admin.industriall-union.org\/es\/el-grupo-de-presion-sindical-impulsa-el-programa-laboral-en-la-cop18\/#breadcrumb\"},\"inLanguage\":\"es-ES\",\"potentialAction\":[{\"@type\":\"ReadAction\",\"target\":[\"https:\/\/admin.industriall-union.org\/es\/el-grupo-de-presion-sindical-impulsa-el-programa-laboral-en-la-cop18\/\"]}]},{\"@type\":\"BreadcrumbList\",\"@id\":\"https:\/\/admin.industriall-union.org\/es\/el-grupo-de-presion-sindical-impulsa-el-programa-laboral-en-la-cop18\/#breadcrumb\",\"itemListElement\":[{\"@type\":\"ListItem\",\"position\":1,\"name\":\"Home\",\"item\":\"https:\/\/admin.industriall-union.org\/\"},{\"@type\":\"ListItem\",\"position\":2,\"name\":\"Articles\",\"item\":\"https:\/\/admin.industriall-union.org\/article\/\"},{\"@type\":\"ListItem\",\"position\":3,\"name\":\"El grupo de presi\u00f3n sindical impulsa el programa laboral en la COP18\"}]},{\"@type\":\"WebSite\",\"@id\":\"https:\/\/admin.industriall-union.org\/#website\",\"url\":\"https:\/\/admin.industriall-union.org\/\",\"name\":\"industriall-union\",\"description\":\"\",\"potentialAction\":[{\"@type\":\"SearchAction\",\"target\":{\"@type\":\"EntryPoint\",\"urlTemplate\":\"https:\/\/admin.industriall-union.org\/?s={search_term_string}\"},\"query-input\":{\"@type\":\"PropertyValueSpecification\",\"valueRequired\":true,\"valueName\":\"search_term_string\"}}],\"inLanguage\":\"es-ES\"}]}<\/script>\n<!-- \/ Yoast SEO Premium plugin. -->","yoast_head_json":{"title":"El grupo de presi\u00f3n sindical impulsa el programa laboral en la COP18 - industriall-union","description":"El pa\u00eds anfitri\u00f3n, Qatar, tiene un historial de horrible pr\u00e1cticas en lo concerniente a los trabajadores migrantes y los derechos sindicales. Los","robots":{"index":"index","follow":"follow","max-snippet":"max-snippet:-1","max-image-preview":"max-image-preview:large","max-video-preview":"max-video-preview:-1"},"canonical":"https:\/\/admin.industriall-union.org\/es\/el-grupo-de-presion-sindical-impulsa-el-programa-laboral-en-la-cop18\/","og_locale":"es_ES","og_type":"article","og_title":"El grupo de presi\u00f3n sindical impulsa el programa laboral en la COP18","og_description":"El pa\u00eds anfitri\u00f3n, Qatar, tiene un historial de horrible pr\u00e1cticas en lo concerniente a los trabajadores migrantes y los derechos sindicales. Los","og_url":"https:\/\/admin.industriall-union.org\/es\/el-grupo-de-presion-sindical-impulsa-el-programa-laboral-en-la-cop18\/","og_site_name":"industriall-union","article_modified_time":"2025-02-08T17:08:11+00:00","twitter_card":"summary_large_image","twitter_misc":{"Est. reading time":"3 minutes"},"schema":{"@context":"https:\/\/schema.org","@graph":[{"@type":"WebPage","@id":"https:\/\/admin.industriall-union.org\/es\/el-grupo-de-presion-sindical-impulsa-el-programa-laboral-en-la-cop18\/","url":"https:\/\/admin.industriall-union.org\/es\/el-grupo-de-presion-sindical-impulsa-el-programa-laboral-en-la-cop18\/","name":"El grupo de presi\u00f3n sindical impulsa el programa laboral en la COP18 - industriall-union","isPartOf":{"@id":"https:\/\/admin.industriall-union.org\/#website"},"datePublished":"2012-11-29T14:51:50+00:00","dateModified":"2025-02-08T17:08:11+00:00","description":"El pa\u00eds anfitri\u00f3n, Qatar, tiene un historial de horrible pr\u00e1cticas en lo concerniente a los trabajadores migrantes y los derechos sindicales. Los","breadcrumb":{"@id":"https:\/\/admin.industriall-union.org\/es\/el-grupo-de-presion-sindical-impulsa-el-programa-laboral-en-la-cop18\/#breadcrumb"},"inLanguage":"es-ES","potentialAction":[{"@type":"ReadAction","target":["https:\/\/admin.industriall-union.org\/es\/el-grupo-de-presion-sindical-impulsa-el-programa-laboral-en-la-cop18\/"]}]},{"@type":"BreadcrumbList","@id":"https:\/\/admin.industriall-union.org\/es\/el-grupo-de-presion-sindical-impulsa-el-programa-laboral-en-la-cop18\/#breadcrumb","itemListElement":[{"@type":"ListItem","position":1,"name":"Home","item":"https:\/\/admin.industriall-union.org\/"},{"@type":"ListItem","position":2,"name":"Articles","item":"https:\/\/admin.industriall-union.org\/article\/"},{"@type":"ListItem","position":3,"name":"El grupo de presi\u00f3n sindical impulsa el programa laboral en la COP18"}]},{"@type":"WebSite","@id":"https:\/\/admin.industriall-union.org\/#website","url":"https:\/\/admin.industriall-union.org\/","name":"industriall-union","description":"","potentialAction":[{"@type":"SearchAction","target":{"@type":"EntryPoint","urlTemplate":"https:\/\/admin.industriall-union.org\/?s={search_term_string}"},"query-input":{"@type":"PropertyValueSpecification","valueRequired":true,"valueName":"search_term_string"}}],"inLanguage":"es-ES"}]}},"_links":{"self":[{"href":"https:\/\/admin.industriall-union.org\/es\/wp-json\/wp\/v2\/article\/174900","targetHints":{"allow":["GET"]}}],"collection":[{"href":"https:\/\/admin.industriall-union.org\/es\/wp-json\/wp\/v2\/article"}],"about":[{"href":"https:\/\/admin.industriall-union.org\/es\/wp-json\/wp\/v2\/types\/article"}],"wp:attachment":[{"href":"https:\/\/admin.industriall-union.org\/es\/wp-json\/wp\/v2\/media?parent=174900"}],"wp:term":[{"taxonomy":"issues","embeddable":true,"href":"https:\/\/admin.industriall-union.org\/es\/wp-json\/wp\/v2\/issues?post=174900"},{"taxonomy":"companies","embeddable":true,"href":"https:\/\/admin.industriall-union.org\/es\/wp-json\/wp\/v2\/companies?post=174900"},{"taxonomy":"regions","embeddable":true,"href":"https:\/\/admin.industriall-union.org\/es\/wp-json\/wp\/v2\/regions?post=174900"},{"taxonomy":"sectors","embeddable":true,"href":"https:\/\/admin.industriall-union.org\/es\/wp-json\/wp\/v2\/sectors?post=174900"},{"taxonomy":"article_tags","embeddable":true,"href":"https:\/\/admin.industriall-union.org\/es\/wp-json\/wp\/v2\/article_tags?post=174900"}],"curies":[{"name":"wp","href":"https:\/\/api.w.org\/{rel}","templated":true}]}}