{"id":174883,"date":"2012-12-05T14:51:44","date_gmt":"2012-12-05T14:51:44","guid":{"rendered":"https:\/\/admin.industriall-union.org\/los-desmentidos-de-excellon-refutados\/"},"modified":"2025-02-08T17:06:48","modified_gmt":"2025-02-08T17:06:48","slug":"los-desmentidos-de-excellon-refutados","status":"publish","type":"article","link":"https:\/\/admin.industriall-union.org\/es\/los-desmentidos-de-excellon-refutados\/","title":{"rendered":"Los desmentidos de Excellon, refutados"},"content":{"rendered":"<p>Excellon, que ha estado sometida a intensa presi\u00f3n por sus abusos de los derechos laborales y su negativa a tratar de buena fe con peque\u00f1os terratenientes, ha negado p\u00fablicamente toda mala actuaci\u00f3n.<\/p><p>En una carta a la compa\u00f1\u00eda, el secretario general de la IndustriALL, Jyrki Raina, se\u00f1ala: &ldquo;Si Excellon puede decir que inicialmente gozaba de buenas relaciones con los terratenientes, esta definici\u00f3n de &ldquo;buenas&rdquo; relaciones tal vez signifique que pod\u00eda enga\u00f1ar a los peque\u00f1os terratenientes sobre un acuerdo justo y gozar as\u00ed de un uso ilimitado de la tierra a precios de saldo.&rdquo;<\/p><p>La IndustriALL tambi\u00e9n recus\u00f3 como &ldquo;mentira&rdquo; la afirmaci\u00f3n de la compa\u00f1\u00eda de que el desalojo de un campamento de protesta a la entrada de la mina no fue violento.<\/p><p>Por \u00faltimo, la IndustriALL rechaz\u00f3 la afirmaci\u00f3n de la compa\u00f1\u00eda de que apoya el derecho a la libertad sindical. &ldquo;&iquest;C\u00f3mo puede Excellon sostener que respeta el derecho de sindicaci\u00f3n cuando en realidad ha infringido todas las normas escritas?&rdquo;, dice Raina. &ldquo;Excellon ha negado a los trabajadores el derecho a unirse a organizaciones de su propia elecci\u00f3n, ha interferido en los asuntos sindicales, ha discriminado a los trabajadores por su afiliaci\u00f3n sindical y les ha negado el derecho a negociar colectivamente.&rdquo;<\/p><p>&ldquo;Excellon tiene que dejar de tratar de desviar la atenci\u00f3n de los principales problemas, y entablar en cambio un di\u00e1logo de buena fe con los terratenientes para resolver las violaciones del acuerdo sobre el uso de la tierra de 2008, y con Los Mineros para resolver los problemas laborales pendientes,&rdquo; concluye Raina en su carta.<\/p><p>En los enlaces conexos se dispone de la carta de Excellon y del texto de la carta de respuesta de Jyrki Raina.<\/p>","protected":false},"featured_media":0,"template":"","issues":[406,422,424,425],"companies":[47],"regions":[275],"sectors":[495],"article_tags":[],"class_list":["post-174883","article","type-article","status-publish","hentry","issues-confronting-global-capital","issues-human-trade-union-rights","issues-violation","issues-workers-rights","companies-excellon-resources","regions-mexico","sectors-mining"],"acf":[],"yoast_head":"<!-- This site is optimized with the Yoast SEO Premium plugin v27.1 (Yoast SEO v27.1) - https:\/\/yoast.com\/product\/yoast-seo-premium-wordpress\/ -->\n<title>Los desmentidos de Excellon, refutados - industriall-union<\/title>\n<meta name=\"description\" content=\"Excellon, que ha estado sometida a intensa presi\u00f3n por sus abusos de los derechos laborales y su negativa a tratar de buena fe con peque\u00f1os\" \/>\n<meta name=\"robots\" content=\"index, follow, max-snippet:-1, max-image-preview:large, max-video-preview:-1\" \/>\n<link rel=\"canonical\" href=\"https:\/\/admin.industriall-union.org\/es\/los-desmentidos-de-excellon-refutados\/\" \/>\n<meta property=\"og:locale\" content=\"es_ES\" \/>\n<meta property=\"og:type\" content=\"article\" \/>\n<meta property=\"og:title\" content=\"Los desmentidos de Excellon, refutados\" \/>\n<meta property=\"og:description\" content=\"Excellon, que ha estado sometida a intensa presi\u00f3n por sus abusos de los derechos laborales y su negativa a tratar de buena fe con peque\u00f1os\" \/>\n<meta property=\"og:url\" content=\"https:\/\/admin.industriall-union.org\/es\/los-desmentidos-de-excellon-refutados\/\" \/>\n<meta property=\"og:site_name\" content=\"industriall-union\" \/>\n<meta property=\"article:modified_time\" content=\"2025-02-08T17:06:48+00:00\" \/>\n<meta name=\"twitter:card\" content=\"summary_large_image\" \/>\n<meta name=\"twitter:label1\" content=\"Est. reading time\" \/>\n\t<meta name=\"twitter:data1\" content=\"2 minutes\" \/>\n<script type=\"application\/ld+json\" class=\"yoast-schema-graph\">{\"@context\":\"https:\/\/schema.org\",\"@graph\":[{\"@type\":\"WebPage\",\"@id\":\"https:\/\/admin.industriall-union.org\/es\/los-desmentidos-de-excellon-refutados\/\",\"url\":\"https:\/\/admin.industriall-union.org\/es\/los-desmentidos-de-excellon-refutados\/\",\"name\":\"Los desmentidos de Excellon, refutados - industriall-union\",\"isPartOf\":{\"@id\":\"https:\/\/admin.industriall-union.org\/#website\"},\"datePublished\":\"2012-12-05T14:51:44+00:00\",\"dateModified\":\"2025-02-08T17:06:48+00:00\",\"description\":\"Excellon, que ha estado sometida a intensa presi\u00f3n por sus abusos de los derechos laborales y su negativa a tratar de buena fe con peque\u00f1os\",\"breadcrumb\":{\"@id\":\"https:\/\/admin.industriall-union.org\/es\/los-desmentidos-de-excellon-refutados\/#breadcrumb\"},\"inLanguage\":\"es-ES\",\"potentialAction\":[{\"@type\":\"ReadAction\",\"target\":[\"https:\/\/admin.industriall-union.org\/es\/los-desmentidos-de-excellon-refutados\/\"]}]},{\"@type\":\"BreadcrumbList\",\"@id\":\"https:\/\/admin.industriall-union.org\/es\/los-desmentidos-de-excellon-refutados\/#breadcrumb\",\"itemListElement\":[{\"@type\":\"ListItem\",\"position\":1,\"name\":\"Home\",\"item\":\"https:\/\/admin.industriall-union.org\/\"},{\"@type\":\"ListItem\",\"position\":2,\"name\":\"Articles\",\"item\":\"https:\/\/admin.industriall-union.org\/article\/\"},{\"@type\":\"ListItem\",\"position\":3,\"name\":\"Los desmentidos de Excellon, refutados\"}]},{\"@type\":\"WebSite\",\"@id\":\"https:\/\/admin.industriall-union.org\/#website\",\"url\":\"https:\/\/admin.industriall-union.org\/\",\"name\":\"industriall-union\",\"description\":\"\",\"potentialAction\":[{\"@type\":\"SearchAction\",\"target\":{\"@type\":\"EntryPoint\",\"urlTemplate\":\"https:\/\/admin.industriall-union.org\/?s={search_term_string}\"},\"query-input\":{\"@type\":\"PropertyValueSpecification\",\"valueRequired\":true,\"valueName\":\"search_term_string\"}}],\"inLanguage\":\"es-ES\"}]}<\/script>\n<!-- \/ Yoast SEO Premium plugin. -->","yoast_head_json":{"title":"Los desmentidos de Excellon, refutados - industriall-union","description":"Excellon, que ha estado sometida a intensa presi\u00f3n por sus abusos de los derechos laborales y su negativa a tratar de buena fe con peque\u00f1os","robots":{"index":"index","follow":"follow","max-snippet":"max-snippet:-1","max-image-preview":"max-image-preview:large","max-video-preview":"max-video-preview:-1"},"canonical":"https:\/\/admin.industriall-union.org\/es\/los-desmentidos-de-excellon-refutados\/","og_locale":"es_ES","og_type":"article","og_title":"Los desmentidos de Excellon, refutados","og_description":"Excellon, que ha estado sometida a intensa presi\u00f3n por sus abusos de los derechos laborales y su negativa a tratar de buena fe con peque\u00f1os","og_url":"https:\/\/admin.industriall-union.org\/es\/los-desmentidos-de-excellon-refutados\/","og_site_name":"industriall-union","article_modified_time":"2025-02-08T17:06:48+00:00","twitter_card":"summary_large_image","twitter_misc":{"Est. reading time":"2 minutes"},"schema":{"@context":"https:\/\/schema.org","@graph":[{"@type":"WebPage","@id":"https:\/\/admin.industriall-union.org\/es\/los-desmentidos-de-excellon-refutados\/","url":"https:\/\/admin.industriall-union.org\/es\/los-desmentidos-de-excellon-refutados\/","name":"Los desmentidos de Excellon, refutados - industriall-union","isPartOf":{"@id":"https:\/\/admin.industriall-union.org\/#website"},"datePublished":"2012-12-05T14:51:44+00:00","dateModified":"2025-02-08T17:06:48+00:00","description":"Excellon, que ha estado sometida a intensa presi\u00f3n por sus abusos de los derechos laborales y su negativa a tratar de buena fe con peque\u00f1os","breadcrumb":{"@id":"https:\/\/admin.industriall-union.org\/es\/los-desmentidos-de-excellon-refutados\/#breadcrumb"},"inLanguage":"es-ES","potentialAction":[{"@type":"ReadAction","target":["https:\/\/admin.industriall-union.org\/es\/los-desmentidos-de-excellon-refutados\/"]}]},{"@type":"BreadcrumbList","@id":"https:\/\/admin.industriall-union.org\/es\/los-desmentidos-de-excellon-refutados\/#breadcrumb","itemListElement":[{"@type":"ListItem","position":1,"name":"Home","item":"https:\/\/admin.industriall-union.org\/"},{"@type":"ListItem","position":2,"name":"Articles","item":"https:\/\/admin.industriall-union.org\/article\/"},{"@type":"ListItem","position":3,"name":"Los desmentidos de Excellon, refutados"}]},{"@type":"WebSite","@id":"https:\/\/admin.industriall-union.org\/#website","url":"https:\/\/admin.industriall-union.org\/","name":"industriall-union","description":"","potentialAction":[{"@type":"SearchAction","target":{"@type":"EntryPoint","urlTemplate":"https:\/\/admin.industriall-union.org\/?s={search_term_string}"},"query-input":{"@type":"PropertyValueSpecification","valueRequired":true,"valueName":"search_term_string"}}],"inLanguage":"es-ES"}]}},"_links":{"self":[{"href":"https:\/\/admin.industriall-union.org\/es\/wp-json\/wp\/v2\/article\/174883","targetHints":{"allow":["GET"]}}],"collection":[{"href":"https:\/\/admin.industriall-union.org\/es\/wp-json\/wp\/v2\/article"}],"about":[{"href":"https:\/\/admin.industriall-union.org\/es\/wp-json\/wp\/v2\/types\/article"}],"wp:attachment":[{"href":"https:\/\/admin.industriall-union.org\/es\/wp-json\/wp\/v2\/media?parent=174883"}],"wp:term":[{"taxonomy":"issues","embeddable":true,"href":"https:\/\/admin.industriall-union.org\/es\/wp-json\/wp\/v2\/issues?post=174883"},{"taxonomy":"companies","embeddable":true,"href":"https:\/\/admin.industriall-union.org\/es\/wp-json\/wp\/v2\/companies?post=174883"},{"taxonomy":"regions","embeddable":true,"href":"https:\/\/admin.industriall-union.org\/es\/wp-json\/wp\/v2\/regions?post=174883"},{"taxonomy":"sectors","embeddable":true,"href":"https:\/\/admin.industriall-union.org\/es\/wp-json\/wp\/v2\/sectors?post=174883"},{"taxonomy":"article_tags","embeddable":true,"href":"https:\/\/admin.industriall-union.org\/es\/wp-json\/wp\/v2\/article_tags?post=174883"}],"curies":[{"name":"wp","href":"https:\/\/api.w.org\/{rel}","templated":true}]}}