{"id":174858,"date":"2012-12-06T17:26:38","date_gmt":"2012-12-06T17:26:38","guid":{"rendered":"https:\/\/admin.industriall-union.org\/huelga-de-los-trabajadores-palestinos-del-cuero-y-el-calzado\/"},"modified":"2025-02-08T16:52:48","modified_gmt":"2025-02-08T16:52:48","slug":"huelga-de-los-trabajadores-palestinos-del-cuero-y-el-calzado","status":"publish","type":"article","link":"https:\/\/admin.industriall-union.org\/es\/huelga-de-los-trabajadores-palestinos-del-cuero-y-el-calzado\/","title":{"rendered":"Huelga de los trabajadores palestinos del cuero y el calzado"},"content":{"rendered":"<p>La decisi\u00f3n de ir a la huelga se tom\u00f3 como reacci\u00f3n a las continuas violaciones de los derechos de los trabajadores, incluida la pr\u00e1ctica de la direcci\u00f3n de abusar de los derechos de trabajadores mediante acuerdos individuales, salarios y prestaciones no pagados a 45 personas, que representan toda la plantilla de la compa\u00f1\u00eda.<\/p><p>En el pasado, la compa\u00f1\u00eda ten\u00eda generalmente 750 trabajadores, pero, debido a un acuerdo de libre comercio, la producci\u00f3n pas\u00f3 a depender del material importado de China, por lo que la plantilla se redujo a 45 personas.<\/p><p>Las acciones de la compa\u00f1\u00eda se han dividido hace poco entre siete hermanos, que cerraron algunos departamentos y pusieron fin a los servicios de trabajadores sin pagarles la compensaci\u00f3n de sus vacaciones anuales acumuladas y otras prestaciones.<\/p><p>En un principio, la direcci\u00f3n acept\u00f3 iniciar negociaciones despu\u00e9s de que el sindicato amenazara con declarar una huelga indefinida en la f\u00e1brica. Como resultado de las negociaciones dirigidas por el sindicato local y los trabajadores, el empleador ha pagado atrasos salariales. Pero la compa\u00f1\u00eda se niega a pagar a los trabajadores las vacaciones anuales acumuladas, alegando que ten\u00edan un acuerdo anterior por el que los trabajadores estaban empleados en condiciones diferentes. El sindicato local impugna las alegaciones y afirma que esas condiciones constituyen una violaci\u00f3n de la legislaci\u00f3n nacional.<\/p><p>Tras 2 huelgas de advertencia de dos horas en una semana, el 29 de noviembre, representantes del sindicato, del Ministerio de Trabajo y de la direcci\u00f3n se reunieron en otra ronda de negociaciones. La direcci\u00f3n ofreci\u00f3 pagar la mitad de la cantidad adeudada a los trabajadores por sus vacaciones anuales acumuladas, aduciendo una d\u00e9bil situaci\u00f3n financiera de la empresa.<\/p><p>El sindicato rechaz\u00f3 la oferta y exigi\u00f3 que se pagara la compensaci\u00f3n completa; afirm\u00f3 que la declaraci\u00f3n de situaci\u00f3n financiera inestable no era cierta y culp\u00f3 a la compa\u00f1\u00eda de tratar de eludir el cumplimiento de sus obligaciones con sus empleados.<\/p><p>El sindicato ha notificado a la direcci\u00f3n que tiene la intenci\u00f3n de recurrir a las acciones legales necesarias. Pero, debido a la falta de tribunales de trabajo especiales en Palestina, la soluci\u00f3n del problema puede durar a\u00f1os. En un intento de que se haga justicia, el sindicato decidi\u00f3 iniciar una huelga indefinida el 3 de diciembre. Adem\u00e1s de la huelga anunciada, el sindicato lleva a cabo una campa\u00f1a en la prensa y moviliza a la sociedad civil para ejercer m\u00e1s presi\u00f3n sobre la compa\u00f1\u00eda.<\/p>","protected":false},"featured_media":0,"template":"","issues":[424,425],"companies":[],"regions":[302],"sectors":[466,467],"article_tags":[],"class_list":["post-174858","article","type-article","status-publish","hentry","issues-violation","issues-workers-rights","regions-palestine","sectors-leather","sectors-shoes-industry"],"acf":[],"yoast_head":"<!-- This site is optimized with the Yoast SEO Premium plugin v27.1 (Yoast SEO v27.1) - https:\/\/yoast.com\/product\/yoast-seo-premium-wordpress\/ -->\n<title>Huelga de los trabajadores palestinos del cuero y el calzado - industriall-union<\/title>\n<meta name=\"description\" content=\"La decisi\u00f3n de ir a la huelga se tom\u00f3 como reacci\u00f3n a las continuas violaciones de los derechos de los trabajadores, incluida la pr\u00e1ctica de la direcci\u00f3n\" \/>\n<meta name=\"robots\" content=\"index, follow, max-snippet:-1, max-image-preview:large, max-video-preview:-1\" \/>\n<link rel=\"canonical\" href=\"https:\/\/admin.industriall-union.org\/es\/huelga-de-los-trabajadores-palestinos-del-cuero-y-el-calzado\/\" \/>\n<meta property=\"og:locale\" content=\"es_ES\" \/>\n<meta property=\"og:type\" content=\"article\" \/>\n<meta property=\"og:title\" content=\"Huelga de los trabajadores palestinos del cuero y el calzado\" \/>\n<meta property=\"og:description\" content=\"La decisi\u00f3n de ir a la huelga se tom\u00f3 como reacci\u00f3n a las continuas violaciones de los derechos de los trabajadores, incluida la pr\u00e1ctica de la direcci\u00f3n\" \/>\n<meta property=\"og:url\" content=\"https:\/\/admin.industriall-union.org\/es\/huelga-de-los-trabajadores-palestinos-del-cuero-y-el-calzado\/\" \/>\n<meta property=\"og:site_name\" content=\"industriall-union\" \/>\n<meta property=\"article:modified_time\" content=\"2025-02-08T16:52:48+00:00\" \/>\n<meta name=\"twitter:card\" content=\"summary_large_image\" \/>\n<meta name=\"twitter:label1\" content=\"Est. reading time\" \/>\n\t<meta name=\"twitter:data1\" content=\"2 minutes\" \/>\n<script type=\"application\/ld+json\" class=\"yoast-schema-graph\">{\"@context\":\"https:\/\/schema.org\",\"@graph\":[{\"@type\":\"WebPage\",\"@id\":\"https:\/\/admin.industriall-union.org\/es\/huelga-de-los-trabajadores-palestinos-del-cuero-y-el-calzado\/\",\"url\":\"https:\/\/admin.industriall-union.org\/es\/huelga-de-los-trabajadores-palestinos-del-cuero-y-el-calzado\/\",\"name\":\"Huelga de los trabajadores palestinos del cuero y el calzado - industriall-union\",\"isPartOf\":{\"@id\":\"https:\/\/admin.industriall-union.org\/#website\"},\"datePublished\":\"2012-12-06T17:26:38+00:00\",\"dateModified\":\"2025-02-08T16:52:48+00:00\",\"description\":\"La decisi\u00f3n de ir a la huelga se tom\u00f3 como reacci\u00f3n a las continuas violaciones de los derechos de los trabajadores, incluida la pr\u00e1ctica de la direcci\u00f3n\",\"breadcrumb\":{\"@id\":\"https:\/\/admin.industriall-union.org\/es\/huelga-de-los-trabajadores-palestinos-del-cuero-y-el-calzado\/#breadcrumb\"},\"inLanguage\":\"es-ES\",\"potentialAction\":[{\"@type\":\"ReadAction\",\"target\":[\"https:\/\/admin.industriall-union.org\/es\/huelga-de-los-trabajadores-palestinos-del-cuero-y-el-calzado\/\"]}]},{\"@type\":\"BreadcrumbList\",\"@id\":\"https:\/\/admin.industriall-union.org\/es\/huelga-de-los-trabajadores-palestinos-del-cuero-y-el-calzado\/#breadcrumb\",\"itemListElement\":[{\"@type\":\"ListItem\",\"position\":1,\"name\":\"Home\",\"item\":\"https:\/\/admin.industriall-union.org\/\"},{\"@type\":\"ListItem\",\"position\":2,\"name\":\"Articles\",\"item\":\"https:\/\/admin.industriall-union.org\/article\/\"},{\"@type\":\"ListItem\",\"position\":3,\"name\":\"Huelga de los trabajadores palestinos del cuero y el calzado\"}]},{\"@type\":\"WebSite\",\"@id\":\"https:\/\/admin.industriall-union.org\/#website\",\"url\":\"https:\/\/admin.industriall-union.org\/\",\"name\":\"industriall-union\",\"description\":\"\",\"potentialAction\":[{\"@type\":\"SearchAction\",\"target\":{\"@type\":\"EntryPoint\",\"urlTemplate\":\"https:\/\/admin.industriall-union.org\/?s={search_term_string}\"},\"query-input\":{\"@type\":\"PropertyValueSpecification\",\"valueRequired\":true,\"valueName\":\"search_term_string\"}}],\"inLanguage\":\"es-ES\"}]}<\/script>\n<!-- \/ Yoast SEO Premium plugin. -->","yoast_head_json":{"title":"Huelga de los trabajadores palestinos del cuero y el calzado - industriall-union","description":"La decisi\u00f3n de ir a la huelga se tom\u00f3 como reacci\u00f3n a las continuas violaciones de los derechos de los trabajadores, incluida la pr\u00e1ctica de la direcci\u00f3n","robots":{"index":"index","follow":"follow","max-snippet":"max-snippet:-1","max-image-preview":"max-image-preview:large","max-video-preview":"max-video-preview:-1"},"canonical":"https:\/\/admin.industriall-union.org\/es\/huelga-de-los-trabajadores-palestinos-del-cuero-y-el-calzado\/","og_locale":"es_ES","og_type":"article","og_title":"Huelga de los trabajadores palestinos del cuero y el calzado","og_description":"La decisi\u00f3n de ir a la huelga se tom\u00f3 como reacci\u00f3n a las continuas violaciones de los derechos de los trabajadores, incluida la pr\u00e1ctica de la direcci\u00f3n","og_url":"https:\/\/admin.industriall-union.org\/es\/huelga-de-los-trabajadores-palestinos-del-cuero-y-el-calzado\/","og_site_name":"industriall-union","article_modified_time":"2025-02-08T16:52:48+00:00","twitter_card":"summary_large_image","twitter_misc":{"Est. reading time":"2 minutes"},"schema":{"@context":"https:\/\/schema.org","@graph":[{"@type":"WebPage","@id":"https:\/\/admin.industriall-union.org\/es\/huelga-de-los-trabajadores-palestinos-del-cuero-y-el-calzado\/","url":"https:\/\/admin.industriall-union.org\/es\/huelga-de-los-trabajadores-palestinos-del-cuero-y-el-calzado\/","name":"Huelga de los trabajadores palestinos del cuero y el calzado - industriall-union","isPartOf":{"@id":"https:\/\/admin.industriall-union.org\/#website"},"datePublished":"2012-12-06T17:26:38+00:00","dateModified":"2025-02-08T16:52:48+00:00","description":"La decisi\u00f3n de ir a la huelga se tom\u00f3 como reacci\u00f3n a las continuas violaciones de los derechos de los trabajadores, incluida la pr\u00e1ctica de la direcci\u00f3n","breadcrumb":{"@id":"https:\/\/admin.industriall-union.org\/es\/huelga-de-los-trabajadores-palestinos-del-cuero-y-el-calzado\/#breadcrumb"},"inLanguage":"es-ES","potentialAction":[{"@type":"ReadAction","target":["https:\/\/admin.industriall-union.org\/es\/huelga-de-los-trabajadores-palestinos-del-cuero-y-el-calzado\/"]}]},{"@type":"BreadcrumbList","@id":"https:\/\/admin.industriall-union.org\/es\/huelga-de-los-trabajadores-palestinos-del-cuero-y-el-calzado\/#breadcrumb","itemListElement":[{"@type":"ListItem","position":1,"name":"Home","item":"https:\/\/admin.industriall-union.org\/"},{"@type":"ListItem","position":2,"name":"Articles","item":"https:\/\/admin.industriall-union.org\/article\/"},{"@type":"ListItem","position":3,"name":"Huelga de los trabajadores palestinos del cuero y el calzado"}]},{"@type":"WebSite","@id":"https:\/\/admin.industriall-union.org\/#website","url":"https:\/\/admin.industriall-union.org\/","name":"industriall-union","description":"","potentialAction":[{"@type":"SearchAction","target":{"@type":"EntryPoint","urlTemplate":"https:\/\/admin.industriall-union.org\/?s={search_term_string}"},"query-input":{"@type":"PropertyValueSpecification","valueRequired":true,"valueName":"search_term_string"}}],"inLanguage":"es-ES"}]}},"_links":{"self":[{"href":"https:\/\/admin.industriall-union.org\/es\/wp-json\/wp\/v2\/article\/174858","targetHints":{"allow":["GET"]}}],"collection":[{"href":"https:\/\/admin.industriall-union.org\/es\/wp-json\/wp\/v2\/article"}],"about":[{"href":"https:\/\/admin.industriall-union.org\/es\/wp-json\/wp\/v2\/types\/article"}],"wp:attachment":[{"href":"https:\/\/admin.industriall-union.org\/es\/wp-json\/wp\/v2\/media?parent=174858"}],"wp:term":[{"taxonomy":"issues","embeddable":true,"href":"https:\/\/admin.industriall-union.org\/es\/wp-json\/wp\/v2\/issues?post=174858"},{"taxonomy":"companies","embeddable":true,"href":"https:\/\/admin.industriall-union.org\/es\/wp-json\/wp\/v2\/companies?post=174858"},{"taxonomy":"regions","embeddable":true,"href":"https:\/\/admin.industriall-union.org\/es\/wp-json\/wp\/v2\/regions?post=174858"},{"taxonomy":"sectors","embeddable":true,"href":"https:\/\/admin.industriall-union.org\/es\/wp-json\/wp\/v2\/sectors?post=174858"},{"taxonomy":"article_tags","embeddable":true,"href":"https:\/\/admin.industriall-union.org\/es\/wp-json\/wp\/v2\/article_tags?post=174858"}],"curies":[{"name":"wp","href":"https:\/\/api.w.org\/{rel}","templated":true}]}}