{"id":174810,"date":"2012-12-18T10:54:56","date_gmt":"2012-12-18T10:54:56","guid":{"rendered":"https:\/\/admin.industriall-union.org\/la-sindicacion-es-la-base-de-nuestra-fuerza\/"},"modified":"2025-02-08T16:37:24","modified_gmt":"2025-02-08T16:37:24","slug":"la-sindicacion-es-la-base-de-nuestra-fuerza","status":"publish","type":"article","link":"https:\/\/admin.industriall-union.org\/es\/la-sindicacion-es-la-base-de-nuestra-fuerza\/","title":{"rendered":"La sindicaci\u00f3n es la base de nuestra fuerza"},"content":{"rendered":"<p>A veces necesitamos llamamientos que resuenen y nos alerten, como estas cifras publicadas recientemente por la Confederaci\u00f3n Sindical Internacional (CSI):<\/p><ul><li>La fuerza de trabajo mundial es de 2.900 millones<\/li><li>S\u00f3lo el 60 por ciento, o sea, 1.700 millones pertenecen al sector estructurado, el resto es trabajo informal<\/li><li>S\u00f3lo el 7 por ciento, es decir, 200 millones de trabajadores est\u00e1n organizados en sindicatos que cumplen los criterios de composici\u00f3n de la CSI<\/li><\/ul><blockquote><p>El poder de los sindicatos se basa en su capacidad de aunar las fuerzas de los trabajadores y de movilizarlos en la acci\u00f3n.<\/p><\/blockquote><p>El hecho de que la densidad sindical disminuya en Europa y en Am\u00e9rica del Norte y de que siga siendo baja en los pa\u00edses en desarrollo merma nuestra fuerza.<\/p><p>Algunas de las razones de esta tendencia negativa son evidentes. Los cambios en las estructuras de las empresas y el explosivo crecimiento del trabajo precario han dificultado la sindicaci\u00f3n. Los gobiernos de derechas y las empresas multinacionales que dominan en nuestras industrias aplican cada vez m\u00e1s pol\u00edticas antisindicales.<\/p><p>Pero otra raz\u00f3n es que los sindicatos simplemente no asignan recursos para el reclutamiento de nuevos miembros, y carecen de calificaciones sobre organizaci\u00f3n. Adem\u00e1s, los sindicatos a menudo est\u00e1n demasiado divididos y son d\u00e9biles para realizar sus tareas fundamentales.<\/p><p>Por lo tanto, el Comit\u00e9 Ejecutivo de la IndustriALL Global Union apoy\u00f3 en diciembre una estrategia centrada en la acci\u00f3n para crear fuerza mediante sindicaci\u00f3n, derechos sindicales e influencia pol\u00edtica. Esto est\u00e1 en consonancia con el <a href=\"http:\/\/www.industriall-union.org\/about-us\/action-plan-of-industriall-global-union\">Plan de Acci\u00f3n<\/a> adoptado en nuestro Congreso fundacional en junio.<\/p><p>El proyecto de sindicaci\u00f3n mundial de la IndustriALL persigue que el reclutamiento de nuevos miembros y la potenciaci\u00f3n sindical sean los principales temas de todo lo que hace la IndustriALL. Las redes sindicales y los comit\u00e9s de empresa mundiales en empresas multinacionales (EMN) tendr\u00e1n como objetivo las plantas no sindicadas, cuando sea posible con la ayuda de Acuerdos Marco Mundiales (AMM).<\/p><p>Los proyectos de potenciaci\u00f3n sindical incluir\u00e1n elementos de organizaci\u00f3n, con objetivos num\u00e9ricos para el reclutamiento de nuevos miembros y el establecimiento de estructuras sostenibles. La IndustriALL buscar\u00e1 asociados para formar a su personal y afiliados en la sindicaci\u00f3n y en las campa\u00f1as en diferentes partes del mundo.<\/p><p>Trabajaremos con nuestros sindicatos mundiales hermanos para crear fuerza y solidaridad en las cadenas de suministro. La UNI, que representa a los trabajadores del sector minorista, es nuestro asociado en la cadena de los textiles y las prendas de vestir. Con la Federaci\u00f3n Internacional de Trabajadores del Transporte estamos desarrollando una cooperaci\u00f3n estrat\u00e9gica en las industrias del petr\u00f3leo y el gas, la miner\u00eda y la aeroespacial-aeron\u00e1utica, en la que se ha lanzado una estimulante iniciativa denominada <a href=\"http:\/\/www.itfglobal.org\/civil-aviation\/components-to-carriers.cfm\">Componentes para los transportistas<\/a>.<\/p><p>Sin libertad de sindicaci\u00f3n es dif\u00edcil organizar a nuevos miembros. Por consiguiente, la IndustriALL se centrar\u00e1 en empresas multinacionales y gobiernos concretos para campa\u00f1as sobre los derechos sindicales. En 2013 se reunir\u00e1n las redes sindicales en las gigantescas empresas mineras brutalmente antisindicales Rio Tinto y Xstrata para planear los pr\u00f3ximos pasos de la campa\u00f1a, mientras se procede a la investigaci\u00f3n empresarial.<\/p><p>Bangladesh es uno de los principales objetivos, entre los pa\u00edses, para mejorar los derechos de los trabajadores, los bajos salarios y las aterradoras condiciones de seguridad contra incendios. La IndustriALL movilizar\u00e1 a sus afiliados durante la semana de acci\u00f3n de M\u00e9xico, del 18 al 24 de febrero de 2013, en una continua lucha por el sindicalismo libre e independiente.<\/p><p>No olvid\u00e9is que necesitamos que todos particip\u00e9is en nuestras campa\u00f1as. Es f\u00e1cil hacerlo en nuestro sitio web. &iexcl;Suscrib\u00edos a nuestros boletines de informaci\u00f3n y apoyad nuestra acci\u00f3n en <a href=\"http:\/\/www.industriall-union.org\">www.industriall-union.org<\/a>!<\/p>","protected":false},"featured_media":0,"template":"","issues":[],"companies":[],"regions":[],"sectors":[],"article_tags":[510],"class_list":["post-174810","article","type-article","status-publish","hentry","article_tags-gs-corner"],"acf":[],"yoast_head":"<!-- This site is optimized with the Yoast SEO Premium plugin v27.1 (Yoast SEO v27.1) - https:\/\/yoast.com\/product\/yoast-seo-premium-wordpress\/ -->\n<title>La sindicaci\u00f3n es la base de nuestra fuerza - industriall-union<\/title>\n<meta name=\"description\" content=\"A veces necesitamos llamamientos que resuenen y nos alerten, como estas cifras publicadas recientemente por la Confederaci\u00f3n Sindical Internacional\" \/>\n<meta name=\"robots\" content=\"index, follow, max-snippet:-1, max-image-preview:large, max-video-preview:-1\" \/>\n<link rel=\"canonical\" href=\"https:\/\/admin.industriall-union.org\/es\/la-sindicacion-es-la-base-de-nuestra-fuerza\/\" \/>\n<meta property=\"og:locale\" content=\"es_ES\" \/>\n<meta property=\"og:type\" content=\"article\" \/>\n<meta property=\"og:title\" content=\"La sindicaci\u00f3n es la base de nuestra fuerza\" \/>\n<meta property=\"og:description\" content=\"A veces necesitamos llamamientos que resuenen y nos alerten, como estas cifras publicadas recientemente por la Confederaci\u00f3n Sindical Internacional\" \/>\n<meta property=\"og:url\" content=\"https:\/\/admin.industriall-union.org\/es\/la-sindicacion-es-la-base-de-nuestra-fuerza\/\" \/>\n<meta property=\"og:site_name\" content=\"industriall-union\" \/>\n<meta property=\"article:modified_time\" content=\"2025-02-08T16:37:24+00:00\" \/>\n<meta name=\"twitter:card\" content=\"summary_large_image\" \/>\n<meta name=\"twitter:label1\" content=\"Est. reading time\" \/>\n\t<meta name=\"twitter:data1\" content=\"3 minutes\" \/>\n<script type=\"application\/ld+json\" class=\"yoast-schema-graph\">{\"@context\":\"https:\/\/schema.org\",\"@graph\":[{\"@type\":\"WebPage\",\"@id\":\"https:\/\/admin.industriall-union.org\/es\/la-sindicacion-es-la-base-de-nuestra-fuerza\/\",\"url\":\"https:\/\/admin.industriall-union.org\/es\/la-sindicacion-es-la-base-de-nuestra-fuerza\/\",\"name\":\"La sindicaci\u00f3n es la base de nuestra fuerza - industriall-union\",\"isPartOf\":{\"@id\":\"https:\/\/admin.industriall-union.org\/#website\"},\"datePublished\":\"2012-12-18T10:54:56+00:00\",\"dateModified\":\"2025-02-08T16:37:24+00:00\",\"description\":\"A veces necesitamos llamamientos que resuenen y nos alerten, como estas cifras publicadas recientemente por la Confederaci\u00f3n Sindical Internacional\",\"breadcrumb\":{\"@id\":\"https:\/\/admin.industriall-union.org\/es\/la-sindicacion-es-la-base-de-nuestra-fuerza\/#breadcrumb\"},\"inLanguage\":\"es-ES\",\"potentialAction\":[{\"@type\":\"ReadAction\",\"target\":[\"https:\/\/admin.industriall-union.org\/es\/la-sindicacion-es-la-base-de-nuestra-fuerza\/\"]}]},{\"@type\":\"BreadcrumbList\",\"@id\":\"https:\/\/admin.industriall-union.org\/es\/la-sindicacion-es-la-base-de-nuestra-fuerza\/#breadcrumb\",\"itemListElement\":[{\"@type\":\"ListItem\",\"position\":1,\"name\":\"Home\",\"item\":\"https:\/\/admin.industriall-union.org\/\"},{\"@type\":\"ListItem\",\"position\":2,\"name\":\"Articles\",\"item\":\"https:\/\/admin.industriall-union.org\/article\/\"},{\"@type\":\"ListItem\",\"position\":3,\"name\":\"La sindicaci\u00f3n es la base de nuestra fuerza\"}]},{\"@type\":\"WebSite\",\"@id\":\"https:\/\/admin.industriall-union.org\/#website\",\"url\":\"https:\/\/admin.industriall-union.org\/\",\"name\":\"industriall-union\",\"description\":\"\",\"potentialAction\":[{\"@type\":\"SearchAction\",\"target\":{\"@type\":\"EntryPoint\",\"urlTemplate\":\"https:\/\/admin.industriall-union.org\/?s={search_term_string}\"},\"query-input\":{\"@type\":\"PropertyValueSpecification\",\"valueRequired\":true,\"valueName\":\"search_term_string\"}}],\"inLanguage\":\"es-ES\"}]}<\/script>\n<!-- \/ Yoast SEO Premium plugin. -->","yoast_head_json":{"title":"La sindicaci\u00f3n es la base de nuestra fuerza - industriall-union","description":"A veces necesitamos llamamientos que resuenen y nos alerten, como estas cifras publicadas recientemente por la Confederaci\u00f3n Sindical Internacional","robots":{"index":"index","follow":"follow","max-snippet":"max-snippet:-1","max-image-preview":"max-image-preview:large","max-video-preview":"max-video-preview:-1"},"canonical":"https:\/\/admin.industriall-union.org\/es\/la-sindicacion-es-la-base-de-nuestra-fuerza\/","og_locale":"es_ES","og_type":"article","og_title":"La sindicaci\u00f3n es la base de nuestra fuerza","og_description":"A veces necesitamos llamamientos que resuenen y nos alerten, como estas cifras publicadas recientemente por la Confederaci\u00f3n Sindical Internacional","og_url":"https:\/\/admin.industriall-union.org\/es\/la-sindicacion-es-la-base-de-nuestra-fuerza\/","og_site_name":"industriall-union","article_modified_time":"2025-02-08T16:37:24+00:00","twitter_card":"summary_large_image","twitter_misc":{"Est. reading time":"3 minutes"},"schema":{"@context":"https:\/\/schema.org","@graph":[{"@type":"WebPage","@id":"https:\/\/admin.industriall-union.org\/es\/la-sindicacion-es-la-base-de-nuestra-fuerza\/","url":"https:\/\/admin.industriall-union.org\/es\/la-sindicacion-es-la-base-de-nuestra-fuerza\/","name":"La sindicaci\u00f3n es la base de nuestra fuerza - industriall-union","isPartOf":{"@id":"https:\/\/admin.industriall-union.org\/#website"},"datePublished":"2012-12-18T10:54:56+00:00","dateModified":"2025-02-08T16:37:24+00:00","description":"A veces necesitamos llamamientos que resuenen y nos alerten, como estas cifras publicadas recientemente por la Confederaci\u00f3n Sindical Internacional","breadcrumb":{"@id":"https:\/\/admin.industriall-union.org\/es\/la-sindicacion-es-la-base-de-nuestra-fuerza\/#breadcrumb"},"inLanguage":"es-ES","potentialAction":[{"@type":"ReadAction","target":["https:\/\/admin.industriall-union.org\/es\/la-sindicacion-es-la-base-de-nuestra-fuerza\/"]}]},{"@type":"BreadcrumbList","@id":"https:\/\/admin.industriall-union.org\/es\/la-sindicacion-es-la-base-de-nuestra-fuerza\/#breadcrumb","itemListElement":[{"@type":"ListItem","position":1,"name":"Home","item":"https:\/\/admin.industriall-union.org\/"},{"@type":"ListItem","position":2,"name":"Articles","item":"https:\/\/admin.industriall-union.org\/article\/"},{"@type":"ListItem","position":3,"name":"La sindicaci\u00f3n es la base de nuestra fuerza"}]},{"@type":"WebSite","@id":"https:\/\/admin.industriall-union.org\/#website","url":"https:\/\/admin.industriall-union.org\/","name":"industriall-union","description":"","potentialAction":[{"@type":"SearchAction","target":{"@type":"EntryPoint","urlTemplate":"https:\/\/admin.industriall-union.org\/?s={search_term_string}"},"query-input":{"@type":"PropertyValueSpecification","valueRequired":true,"valueName":"search_term_string"}}],"inLanguage":"es-ES"}]}},"_links":{"self":[{"href":"https:\/\/admin.industriall-union.org\/es\/wp-json\/wp\/v2\/article\/174810","targetHints":{"allow":["GET"]}}],"collection":[{"href":"https:\/\/admin.industriall-union.org\/es\/wp-json\/wp\/v2\/article"}],"about":[{"href":"https:\/\/admin.industriall-union.org\/es\/wp-json\/wp\/v2\/types\/article"}],"wp:attachment":[{"href":"https:\/\/admin.industriall-union.org\/es\/wp-json\/wp\/v2\/media?parent=174810"}],"wp:term":[{"taxonomy":"issues","embeddable":true,"href":"https:\/\/admin.industriall-union.org\/es\/wp-json\/wp\/v2\/issues?post=174810"},{"taxonomy":"companies","embeddable":true,"href":"https:\/\/admin.industriall-union.org\/es\/wp-json\/wp\/v2\/companies?post=174810"},{"taxonomy":"regions","embeddable":true,"href":"https:\/\/admin.industriall-union.org\/es\/wp-json\/wp\/v2\/regions?post=174810"},{"taxonomy":"sectors","embeddable":true,"href":"https:\/\/admin.industriall-union.org\/es\/wp-json\/wp\/v2\/sectors?post=174810"},{"taxonomy":"article_tags","embeddable":true,"href":"https:\/\/admin.industriall-union.org\/es\/wp-json\/wp\/v2\/article_tags?post=174810"}],"curies":[{"name":"wp","href":"https:\/\/api.w.org\/{rel}","templated":true}]}}