{"id":174795,"date":"2012-12-20T14:18:51","date_gmt":"2012-12-20T14:18:51","guid":{"rendered":"https:\/\/admin.industriall-union.org\/representantes-de-ddhh-de-las-naciones-unidas-se-reunen-con-ejidatarios-y-trabajadores-por-caso-excellon\/"},"modified":"2025-02-08T16:34:22","modified_gmt":"2025-02-08T16:34:22","slug":"representantes-de-ddhh-de-las-naciones-unidas-se-reunen-con-ejidatarios-y-trabajadores-por-caso-excellon","status":"publish","type":"article","link":"https:\/\/admin.industriall-union.org\/es\/representantes-de-ddhh-de-las-naciones-unidas-se-reunen-con-ejidatarios-y-trabajadores-por-caso-excellon\/","title":{"rendered":"Representantes de DDHH de las Naciones Unidas se re\u00fanen con ejidatarios y trabajadores por caso Excellon"},"content":{"rendered":"<p>Luego del brutal desalojo del campamento de los trabajadores&nbsp; instalado a un costado de la mina de propiedad de la minera canadiense Excellon Resources Inc. , en el estado de Durango, M\u00e9xico. Los ejidatarios (o campesinos) de la Sierrita y un grupo de trabajadores de la Secci\u00f3n 309 del Sindicato Nacional de Trabajadores Mineros, Metal\u00fargicos, Sider\u00fargicos, y Similares de la Rep\u00fablica Mexicana se reunieron con representantes de la Oficina del Alto Comisionado para los Derechos Humanos de Naciones Unidas (OACDH) para denunciar las violaciones sistem\u00e1ticas a los derechos humanos que han sufrido tanto por parte del Gobierno Federal, el gobierno del Estado de Durango y la empresa minera canadiense Excellon.<\/p><p>Cabe recordar que los trabajadores y propietarios de tierras comunitarios que apoyan a la Secci\u00f3n 309 del Sindicato Nacional de Mineros hab\u00edan establecido un campamento de protesta en los tres \u00faltimos meses a la entrada de la mina La Platosa para reivindicar la libertad sindical y el24 de octubre fue desalojado de manera violenta. <a href=\"http:\/\/www.industriall-union.org\/es\/violento-desalojo-en-la-mina-la-platosa-en-mexico\">http:\/\/www.industriall-union.org\/es\/violento-desalojo-en-la-mina-la-platosa-en-mexico<\/a><\/p><p>IndustriALL Global Union desde que se&nbsp; agudiz\u00f3 el conflicto apoy\u00f3 la campa\u00f1a de solidaridad junto con LabourStart, Amnist\u00eda Internacional y la ONG mexicana PRODESC repudiando el desalojo y la intimidaci\u00f3n de la empresa. Se envi\u00f3 una carta firmada por Jyrki Raina, Secretario General, donde se demanda que Excellon&nbsp; cese sus pr\u00e1cticas antisindicales, respete el derecho de los trabajadores a formar sindicatos de su elecci\u00f3n sin injerencia alguna.<\/p><p>La empresa respondi\u00f3 a IndustriALL que todo est\u00e1 bien en la mina en Durango y que el desalojo no fue violento y por ende Jyrki Raina refut\u00f3 los dichos de la&nbsp; Excellon con otro comunicado <a href=\"http:\/\/www.industriall-union.org\/es\/los-desmentidos-de-excellon-refutados\">http:\/\/www.industriall-union.org\/es\/los-desmentidos-de-excellon-refutados<\/a> En cuanto al encuentro con los representantes de las Naciones Unidad, se explic\u00f3 tambi\u00e9n c\u00f3mo la empresa viola los derechos humanos desde que empez\u00f3 a incumplir el contrato de arrendamiento firmado en 2008: el derecho a la tierra, al territorio y a sus recursos naturales, el derecho al desarrollo, el derecho al agua y el derecho a la libertad de asociaci\u00f3n sindical, principalmente. Y asimismo la actitud de amenaza y hostigamiento de la empresa.<\/p><p>Luego de esta reuni\u00f3n, los representantes de Naciones Unidas se reunir\u00e1n con autoridades locales y federales para conocer la actuaci\u00f3n de \u00e9stas frente al caso y averiguar cu\u00e1les han sido las medidas adoptados por el Estado mexicano para garantizar, prevenir y proteger los derechos humanos de la comunidad de La Sierrita y de los trabajadores de la Secci\u00f3n 309. Por su parte, la titular de la Segunda Visitadur\u00eda de la Comisi\u00f3n Estatal de Derechos Humanos de Durango, Sara de los Santos Llamas, se comprometi\u00f3 tambi\u00e9n a dar seguimiento al caso.<\/p><p>&nbsp;Para los ejidatarios,&nbsp; los trabajadores&nbsp; y para &nbsp;el Proyecto de Derechos Econ\u00f3micos, Sociales y Culturales (ProDESC) la visita de los representantes del Alto Comisionado es un reconocimiento de que el conflicto con el ejido La Sierrita y la Secci\u00f3n 309 no es un simple conflicto entre particulares o meramente sindical, sino que representa un caso paradigm\u00e1tico de violaciones de derechos humanos por parte de una empresa transnacional y con la anuencia de los gobiernos federales y estatales.<\/p>","protected":false},"featured_media":0,"template":"","issues":[406,422],"companies":[],"regions":[275],"sectors":[495],"article_tags":[],"class_list":["post-174795","article","type-article","status-publish","hentry","issues-confronting-global-capital","issues-human-trade-union-rights","regions-mexico","sectors-mining"],"acf":[],"yoast_head":"<!-- This site is optimized with the Yoast SEO Premium plugin v27.1 (Yoast SEO v27.1) - https:\/\/yoast.com\/product\/yoast-seo-premium-wordpress\/ -->\n<title>Representantes de DDHH de las Naciones Unidas se re\u00fanen con ejidatarios y trabajadores por caso Excellon - industriall-union<\/title>\n<meta name=\"description\" content=\"Luego del brutal desalojo del campamento de los trabajadores&nbsp; instalado a un costado de la mina de propiedad de la minera canadiense Excellon\" \/>\n<meta name=\"robots\" content=\"index, follow, max-snippet:-1, max-image-preview:large, max-video-preview:-1\" \/>\n<link rel=\"canonical\" href=\"https:\/\/admin.industriall-union.org\/es\/representantes-de-ddhh-de-las-naciones-unidas-se-reunen-con-ejidatarios-y-trabajadores-por-caso-excellon\/\" \/>\n<meta property=\"og:locale\" content=\"es_ES\" \/>\n<meta property=\"og:type\" content=\"article\" \/>\n<meta property=\"og:title\" content=\"Representantes de DDHH de las Naciones Unidas se re\u00fanen con ejidatarios y trabajadores por caso Excellon\" \/>\n<meta property=\"og:description\" content=\"Luego del brutal desalojo del campamento de los trabajadores&nbsp; instalado a un costado de la mina de propiedad de la minera canadiense Excellon\" \/>\n<meta property=\"og:url\" content=\"https:\/\/admin.industriall-union.org\/es\/representantes-de-ddhh-de-las-naciones-unidas-se-reunen-con-ejidatarios-y-trabajadores-por-caso-excellon\/\" \/>\n<meta property=\"og:site_name\" content=\"industriall-union\" \/>\n<meta property=\"article:modified_time\" content=\"2025-02-08T16:34:22+00:00\" \/>\n<meta name=\"twitter:card\" content=\"summary_large_image\" \/>\n<meta name=\"twitter:label1\" content=\"Est. reading time\" \/>\n\t<meta name=\"twitter:data1\" content=\"3 minutes\" \/>\n<script type=\"application\/ld+json\" class=\"yoast-schema-graph\">{\"@context\":\"https:\/\/schema.org\",\"@graph\":[{\"@type\":\"WebPage\",\"@id\":\"https:\/\/admin.industriall-union.org\/es\/representantes-de-ddhh-de-las-naciones-unidas-se-reunen-con-ejidatarios-y-trabajadores-por-caso-excellon\/\",\"url\":\"https:\/\/admin.industriall-union.org\/es\/representantes-de-ddhh-de-las-naciones-unidas-se-reunen-con-ejidatarios-y-trabajadores-por-caso-excellon\/\",\"name\":\"Representantes de DDHH de las Naciones Unidas se re\u00fanen con ejidatarios y trabajadores por caso Excellon - industriall-union\",\"isPartOf\":{\"@id\":\"https:\/\/admin.industriall-union.org\/ru\/#website\"},\"datePublished\":\"2012-12-20T14:18:51+00:00\",\"dateModified\":\"2025-02-08T16:34:22+00:00\",\"description\":\"Luego del brutal desalojo del campamento de los trabajadores&nbsp; instalado a un costado de la mina de propiedad de la minera canadiense Excellon\",\"breadcrumb\":{\"@id\":\"https:\/\/admin.industriall-union.org\/es\/representantes-de-ddhh-de-las-naciones-unidas-se-reunen-con-ejidatarios-y-trabajadores-por-caso-excellon\/#breadcrumb\"},\"inLanguage\":\"es-ES\",\"potentialAction\":[{\"@type\":\"ReadAction\",\"target\":[\"https:\/\/admin.industriall-union.org\/es\/representantes-de-ddhh-de-las-naciones-unidas-se-reunen-con-ejidatarios-y-trabajadores-por-caso-excellon\/\"]}]},{\"@type\":\"BreadcrumbList\",\"@id\":\"https:\/\/admin.industriall-union.org\/es\/representantes-de-ddhh-de-las-naciones-unidas-se-reunen-con-ejidatarios-y-trabajadores-por-caso-excellon\/#breadcrumb\",\"itemListElement\":[{\"@type\":\"ListItem\",\"position\":1,\"name\":\"Home\",\"item\":\"https:\/\/admin.industriall-union.org\/ru\/\"},{\"@type\":\"ListItem\",\"position\":2,\"name\":\"Articles\",\"item\":\"https:\/\/admin.industriall-union.org\/ru\/article\/\"},{\"@type\":\"ListItem\",\"position\":3,\"name\":\"Representantes de DDHH de las Naciones Unidas se re\u00fanen con ejidatarios y trabajadores por caso Excellon\"}]},{\"@type\":\"WebSite\",\"@id\":\"https:\/\/admin.industriall-union.org\/ru\/#website\",\"url\":\"https:\/\/admin.industriall-union.org\/ru\/\",\"name\":\"industriall-union\",\"description\":\"\",\"potentialAction\":[{\"@type\":\"SearchAction\",\"target\":{\"@type\":\"EntryPoint\",\"urlTemplate\":\"https:\/\/admin.industriall-union.org\/ru\/?s={search_term_string}\"},\"query-input\":{\"@type\":\"PropertyValueSpecification\",\"valueRequired\":true,\"valueName\":\"search_term_string\"}}],\"inLanguage\":\"es-ES\"}]}<\/script>\n<!-- \/ Yoast SEO Premium plugin. -->","yoast_head_json":{"title":"Representantes de DDHH de las Naciones Unidas se re\u00fanen con ejidatarios y trabajadores por caso Excellon - industriall-union","description":"Luego del brutal desalojo del campamento de los trabajadores&nbsp; instalado a un costado de la mina de propiedad de la minera canadiense Excellon","robots":{"index":"index","follow":"follow","max-snippet":"max-snippet:-1","max-image-preview":"max-image-preview:large","max-video-preview":"max-video-preview:-1"},"canonical":"https:\/\/admin.industriall-union.org\/es\/representantes-de-ddhh-de-las-naciones-unidas-se-reunen-con-ejidatarios-y-trabajadores-por-caso-excellon\/","og_locale":"es_ES","og_type":"article","og_title":"Representantes de DDHH de las Naciones Unidas se re\u00fanen con ejidatarios y trabajadores por caso Excellon","og_description":"Luego del brutal desalojo del campamento de los trabajadores&nbsp; instalado a un costado de la mina de propiedad de la minera canadiense Excellon","og_url":"https:\/\/admin.industriall-union.org\/es\/representantes-de-ddhh-de-las-naciones-unidas-se-reunen-con-ejidatarios-y-trabajadores-por-caso-excellon\/","og_site_name":"industriall-union","article_modified_time":"2025-02-08T16:34:22+00:00","twitter_card":"summary_large_image","twitter_misc":{"Est. reading time":"3 minutes"},"schema":{"@context":"https:\/\/schema.org","@graph":[{"@type":"WebPage","@id":"https:\/\/admin.industriall-union.org\/es\/representantes-de-ddhh-de-las-naciones-unidas-se-reunen-con-ejidatarios-y-trabajadores-por-caso-excellon\/","url":"https:\/\/admin.industriall-union.org\/es\/representantes-de-ddhh-de-las-naciones-unidas-se-reunen-con-ejidatarios-y-trabajadores-por-caso-excellon\/","name":"Representantes de DDHH de las Naciones Unidas se re\u00fanen con ejidatarios y trabajadores por caso Excellon - industriall-union","isPartOf":{"@id":"https:\/\/admin.industriall-union.org\/ru\/#website"},"datePublished":"2012-12-20T14:18:51+00:00","dateModified":"2025-02-08T16:34:22+00:00","description":"Luego del brutal desalojo del campamento de los trabajadores&nbsp; instalado a un costado de la mina de propiedad de la minera canadiense Excellon","breadcrumb":{"@id":"https:\/\/admin.industriall-union.org\/es\/representantes-de-ddhh-de-las-naciones-unidas-se-reunen-con-ejidatarios-y-trabajadores-por-caso-excellon\/#breadcrumb"},"inLanguage":"es-ES","potentialAction":[{"@type":"ReadAction","target":["https:\/\/admin.industriall-union.org\/es\/representantes-de-ddhh-de-las-naciones-unidas-se-reunen-con-ejidatarios-y-trabajadores-por-caso-excellon\/"]}]},{"@type":"BreadcrumbList","@id":"https:\/\/admin.industriall-union.org\/es\/representantes-de-ddhh-de-las-naciones-unidas-se-reunen-con-ejidatarios-y-trabajadores-por-caso-excellon\/#breadcrumb","itemListElement":[{"@type":"ListItem","position":1,"name":"Home","item":"https:\/\/admin.industriall-union.org\/ru\/"},{"@type":"ListItem","position":2,"name":"Articles","item":"https:\/\/admin.industriall-union.org\/ru\/article\/"},{"@type":"ListItem","position":3,"name":"Representantes de DDHH de las Naciones Unidas se re\u00fanen con ejidatarios y trabajadores por caso Excellon"}]},{"@type":"WebSite","@id":"https:\/\/admin.industriall-union.org\/ru\/#website","url":"https:\/\/admin.industriall-union.org\/ru\/","name":"industriall-union","description":"","potentialAction":[{"@type":"SearchAction","target":{"@type":"EntryPoint","urlTemplate":"https:\/\/admin.industriall-union.org\/ru\/?s={search_term_string}"},"query-input":{"@type":"PropertyValueSpecification","valueRequired":true,"valueName":"search_term_string"}}],"inLanguage":"es-ES"}]}},"_links":{"self":[{"href":"https:\/\/admin.industriall-union.org\/es\/wp-json\/wp\/v2\/article\/174795","targetHints":{"allow":["GET"]}}],"collection":[{"href":"https:\/\/admin.industriall-union.org\/es\/wp-json\/wp\/v2\/article"}],"about":[{"href":"https:\/\/admin.industriall-union.org\/es\/wp-json\/wp\/v2\/types\/article"}],"wp:attachment":[{"href":"https:\/\/admin.industriall-union.org\/es\/wp-json\/wp\/v2\/media?parent=174795"}],"wp:term":[{"taxonomy":"issues","embeddable":true,"href":"https:\/\/admin.industriall-union.org\/es\/wp-json\/wp\/v2\/issues?post=174795"},{"taxonomy":"companies","embeddable":true,"href":"https:\/\/admin.industriall-union.org\/es\/wp-json\/wp\/v2\/companies?post=174795"},{"taxonomy":"regions","embeddable":true,"href":"https:\/\/admin.industriall-union.org\/es\/wp-json\/wp\/v2\/regions?post=174795"},{"taxonomy":"sectors","embeddable":true,"href":"https:\/\/admin.industriall-union.org\/es\/wp-json\/wp\/v2\/sectors?post=174795"},{"taxonomy":"article_tags","embeddable":true,"href":"https:\/\/admin.industriall-union.org\/es\/wp-json\/wp\/v2\/article_tags?post=174795"}],"curies":[{"name":"wp","href":"https:\/\/api.w.org\/{rel}","templated":true}]}}