{"id":174775,"date":"2013-01-10T14:15:53","date_gmt":"2013-01-10T14:15:53","guid":{"rendered":"https:\/\/admin.industriall-union.org\/sindicato-reconocido-en-standard-profil-en-turquia\/"},"modified":"2025-02-08T16:27:39","modified_gmt":"2025-02-08T16:27:39","slug":"sindicato-reconocido-en-standard-profil-en-turquia","status":"publish","type":"article","link":"https:\/\/admin.industriall-union.org\/es\/sindicato-reconocido-en-standard-profil-en-turquia\/","title":{"rendered":"Sindicato reconocido en Standard Profil en Turqu\u00eda"},"content":{"rendered":"<p>El certificado oficial de reconocimiento, expedido por el Ministerio de Trabajo turco, lleg\u00f3 al sindicato el 20 de diciembre de 2012, despu\u00e9s de que un tribunal dictaminara que Petrol-\u0130\u015f dispone de la mayor\u00eda legal requerida para entablar negociaciones colectivas en Standard Profil en Turqu\u00eda.<br \/>&nbsp;<br \/>El sindicato hab\u00eda organizado a m\u00e1s del 50 por ciento de los 2.300 trabajadores turcos de Standard Profil de la planta de D\u00fczce y de una factor\u00eda asociada en Bursa, y obtenido la certificaci\u00f3n formal de reconocimiento en marzo de 2011, como lo exigen las leyes sindicales en Turqu\u00eda.<br \/>&nbsp;<br \/>Sin embargo, la compa\u00f1\u00eda impugn\u00f3 legalmente la certificaci\u00f3n, en un esfuerzo por bloquear los derechos leg\u00edtimos de los trabajadores, y despidi\u00f3 a 37 activistas en la mayor factor\u00eda de D\u00fczce durante el per\u00edodo de organizaci\u00f3n. En el proceso judicial se decidi\u00f3 que la mayor\u00eda de los miembros sindicales fueron despedidos sin razones justificadas y que la compa\u00f1\u00eda ten\u00eda que readmitirlos.<br \/>&nbsp;<br \/>Unos a\u00f1os antes, Petrol-\u0130\u015f, con el apoyo de su centro nacional y el sindicato mundial, present\u00f3 una queja ante la Corporaci\u00f3n Financiera Internacional (CFI) del Banco Mundial. La CFI y el Organismo Multilateral de Garant\u00eda de Inversiones (MIGA) prestaron a la compa\u00f1\u00eda dinero para desarrollarse, y en los criterios para el pr\u00e9stamo se requiere que la compa\u00f1\u00eda ha de cumplir normas sociales y ambientales. Tras una evaluaci\u00f3n, una oficina encargada del cumplimiento de la CFI\/MIGA determin\u00f3 que los directores han de hacer esfuerzos de concienciaci\u00f3n y educaci\u00f3n respecto a los derechos laborales y las condiciones de trabajo. Esto tuvo lugar en 2008 y 2009.<br \/>&nbsp;<br \/>Petrol-\u0130\u015f celebr\u00f3 su victoria, con la inclusi\u00f3n de 2.000 afiliados m\u00e1s, en una gran congregaci\u00f3n celebrada el 24 de diciembre de 2012 de todos los miembros en la ciudad de D\u00fczce, donde la compa\u00f1\u00eda tiene su mayor f\u00e1brica. El secretario general adjunto de la IndustriALL Global Union Kemal \u00d6zkan fue uno de los asistentes a la congregaci\u00f3n.<br \/>&nbsp;<br \/>&ldquo;En los \u00faltimos cuatro a\u00f1os, nuestra fuerza unitaria ha desempe\u00f1ado una funci\u00f3n esencial en este \u00e9xito&rdquo;, dijo Mustafa \u00d6zta\u015fk\u0131n, presidente of Petrol-Is en su carta a la IndustriALL. &ldquo;Somos conscientes de que el camino hacia la victoria se ha allanado con su decisiva y determinada solidaridad y sus contribuciones. Muchas gracias por su solidaridad y sus valiosas contribuciones a nuestra lucha&rdquo;, agreg\u00f3 \u00d6zta\u015fk\u0131n.<\/p><p>Standard Profil es un proveedor multinacional con sede en Turqu\u00eda de sistema de cierre de autom\u00f3viles, que produce para importante fabricantes como Audi, BMW, Citroen, Daimler, Fiat, Ford, GM, Mercedes, Nissan, Opel.&nbsp; La compa\u00f1\u00eda adquiri\u00f3 recientemente algunas plantas de la espa\u00f1ola Kaufil.<\/p>","protected":false},"featured_media":0,"template":"","issues":[422,409],"companies":[],"regions":[250],"sectors":[473],"article_tags":[511],"class_list":["post-174775","article","type-article","status-publish","hentry","issues-human-trade-union-rights","issues-multinational-companies-mncs","regions-turkiye","sectors-rubber","article_tags-industriall"],"acf":[],"yoast_head":"<!-- This site is optimized with the Yoast SEO Premium plugin v27.1 (Yoast SEO v27.1) - https:\/\/yoast.com\/product\/yoast-seo-premium-wordpress\/ -->\n<title>Sindicato reconocido en Standard Profil en Turqu\u00eda - industriall-union<\/title>\n<meta name=\"description\" content=\"El certificado oficial de reconocimiento, expedido por el Ministerio de Trabajo turco, lleg\u00f3 al sindicato el 20 de diciembre de 2012, despu\u00e9s de que un\" \/>\n<meta name=\"robots\" content=\"index, follow, max-snippet:-1, max-image-preview:large, max-video-preview:-1\" \/>\n<link rel=\"canonical\" href=\"https:\/\/admin.industriall-union.org\/es\/sindicato-reconocido-en-standard-profil-en-turquia\/\" \/>\n<meta property=\"og:locale\" content=\"es_ES\" \/>\n<meta property=\"og:type\" content=\"article\" \/>\n<meta property=\"og:title\" content=\"Sindicato reconocido en Standard Profil en Turqu\u00eda\" \/>\n<meta property=\"og:description\" content=\"El certificado oficial de reconocimiento, expedido por el Ministerio de Trabajo turco, lleg\u00f3 al sindicato el 20 de diciembre de 2012, despu\u00e9s de que un\" \/>\n<meta property=\"og:url\" content=\"https:\/\/admin.industriall-union.org\/es\/sindicato-reconocido-en-standard-profil-en-turquia\/\" \/>\n<meta property=\"og:site_name\" content=\"industriall-union\" \/>\n<meta property=\"article:modified_time\" content=\"2025-02-08T16:27:39+00:00\" \/>\n<meta name=\"twitter:card\" content=\"summary_large_image\" \/>\n<meta name=\"twitter:label1\" content=\"Est. reading time\" \/>\n\t<meta name=\"twitter:data1\" content=\"2 minutes\" \/>\n<script type=\"application\/ld+json\" class=\"yoast-schema-graph\">{\"@context\":\"https:\/\/schema.org\",\"@graph\":[{\"@type\":\"WebPage\",\"@id\":\"https:\/\/admin.industriall-union.org\/es\/sindicato-reconocido-en-standard-profil-en-turquia\/\",\"url\":\"https:\/\/admin.industriall-union.org\/es\/sindicato-reconocido-en-standard-profil-en-turquia\/\",\"name\":\"Sindicato reconocido en Standard Profil en Turqu\u00eda - industriall-union\",\"isPartOf\":{\"@id\":\"https:\/\/admin.industriall-union.org\/#website\"},\"datePublished\":\"2013-01-10T14:15:53+00:00\",\"dateModified\":\"2025-02-08T16:27:39+00:00\",\"description\":\"El certificado oficial de reconocimiento, expedido por el Ministerio de Trabajo turco, lleg\u00f3 al sindicato el 20 de diciembre de 2012, despu\u00e9s de que un\",\"breadcrumb\":{\"@id\":\"https:\/\/admin.industriall-union.org\/es\/sindicato-reconocido-en-standard-profil-en-turquia\/#breadcrumb\"},\"inLanguage\":\"es-ES\",\"potentialAction\":[{\"@type\":\"ReadAction\",\"target\":[\"https:\/\/admin.industriall-union.org\/es\/sindicato-reconocido-en-standard-profil-en-turquia\/\"]}]},{\"@type\":\"BreadcrumbList\",\"@id\":\"https:\/\/admin.industriall-union.org\/es\/sindicato-reconocido-en-standard-profil-en-turquia\/#breadcrumb\",\"itemListElement\":[{\"@type\":\"ListItem\",\"position\":1,\"name\":\"Home\",\"item\":\"https:\/\/admin.industriall-union.org\/\"},{\"@type\":\"ListItem\",\"position\":2,\"name\":\"Articles\",\"item\":\"https:\/\/admin.industriall-union.org\/article\/\"},{\"@type\":\"ListItem\",\"position\":3,\"name\":\"Sindicato reconocido en Standard Profil en Turqu\u00eda\"}]},{\"@type\":\"WebSite\",\"@id\":\"https:\/\/admin.industriall-union.org\/#website\",\"url\":\"https:\/\/admin.industriall-union.org\/\",\"name\":\"industriall-union\",\"description\":\"\",\"potentialAction\":[{\"@type\":\"SearchAction\",\"target\":{\"@type\":\"EntryPoint\",\"urlTemplate\":\"https:\/\/admin.industriall-union.org\/?s={search_term_string}\"},\"query-input\":{\"@type\":\"PropertyValueSpecification\",\"valueRequired\":true,\"valueName\":\"search_term_string\"}}],\"inLanguage\":\"es-ES\"}]}<\/script>\n<!-- \/ Yoast SEO Premium plugin. -->","yoast_head_json":{"title":"Sindicato reconocido en Standard Profil en Turqu\u00eda - industriall-union","description":"El certificado oficial de reconocimiento, expedido por el Ministerio de Trabajo turco, lleg\u00f3 al sindicato el 20 de diciembre de 2012, despu\u00e9s de que un","robots":{"index":"index","follow":"follow","max-snippet":"max-snippet:-1","max-image-preview":"max-image-preview:large","max-video-preview":"max-video-preview:-1"},"canonical":"https:\/\/admin.industriall-union.org\/es\/sindicato-reconocido-en-standard-profil-en-turquia\/","og_locale":"es_ES","og_type":"article","og_title":"Sindicato reconocido en Standard Profil en Turqu\u00eda","og_description":"El certificado oficial de reconocimiento, expedido por el Ministerio de Trabajo turco, lleg\u00f3 al sindicato el 20 de diciembre de 2012, despu\u00e9s de que un","og_url":"https:\/\/admin.industriall-union.org\/es\/sindicato-reconocido-en-standard-profil-en-turquia\/","og_site_name":"industriall-union","article_modified_time":"2025-02-08T16:27:39+00:00","twitter_card":"summary_large_image","twitter_misc":{"Est. reading time":"2 minutes"},"schema":{"@context":"https:\/\/schema.org","@graph":[{"@type":"WebPage","@id":"https:\/\/admin.industriall-union.org\/es\/sindicato-reconocido-en-standard-profil-en-turquia\/","url":"https:\/\/admin.industriall-union.org\/es\/sindicato-reconocido-en-standard-profil-en-turquia\/","name":"Sindicato reconocido en Standard Profil en Turqu\u00eda - industriall-union","isPartOf":{"@id":"https:\/\/admin.industriall-union.org\/#website"},"datePublished":"2013-01-10T14:15:53+00:00","dateModified":"2025-02-08T16:27:39+00:00","description":"El certificado oficial de reconocimiento, expedido por el Ministerio de Trabajo turco, lleg\u00f3 al sindicato el 20 de diciembre de 2012, despu\u00e9s de que un","breadcrumb":{"@id":"https:\/\/admin.industriall-union.org\/es\/sindicato-reconocido-en-standard-profil-en-turquia\/#breadcrumb"},"inLanguage":"es-ES","potentialAction":[{"@type":"ReadAction","target":["https:\/\/admin.industriall-union.org\/es\/sindicato-reconocido-en-standard-profil-en-turquia\/"]}]},{"@type":"BreadcrumbList","@id":"https:\/\/admin.industriall-union.org\/es\/sindicato-reconocido-en-standard-profil-en-turquia\/#breadcrumb","itemListElement":[{"@type":"ListItem","position":1,"name":"Home","item":"https:\/\/admin.industriall-union.org\/"},{"@type":"ListItem","position":2,"name":"Articles","item":"https:\/\/admin.industriall-union.org\/article\/"},{"@type":"ListItem","position":3,"name":"Sindicato reconocido en Standard Profil en Turqu\u00eda"}]},{"@type":"WebSite","@id":"https:\/\/admin.industriall-union.org\/#website","url":"https:\/\/admin.industriall-union.org\/","name":"industriall-union","description":"","potentialAction":[{"@type":"SearchAction","target":{"@type":"EntryPoint","urlTemplate":"https:\/\/admin.industriall-union.org\/?s={search_term_string}"},"query-input":{"@type":"PropertyValueSpecification","valueRequired":true,"valueName":"search_term_string"}}],"inLanguage":"es-ES"}]}},"_links":{"self":[{"href":"https:\/\/admin.industriall-union.org\/es\/wp-json\/wp\/v2\/article\/174775","targetHints":{"allow":["GET"]}}],"collection":[{"href":"https:\/\/admin.industriall-union.org\/es\/wp-json\/wp\/v2\/article"}],"about":[{"href":"https:\/\/admin.industriall-union.org\/es\/wp-json\/wp\/v2\/types\/article"}],"wp:attachment":[{"href":"https:\/\/admin.industriall-union.org\/es\/wp-json\/wp\/v2\/media?parent=174775"}],"wp:term":[{"taxonomy":"issues","embeddable":true,"href":"https:\/\/admin.industriall-union.org\/es\/wp-json\/wp\/v2\/issues?post=174775"},{"taxonomy":"companies","embeddable":true,"href":"https:\/\/admin.industriall-union.org\/es\/wp-json\/wp\/v2\/companies?post=174775"},{"taxonomy":"regions","embeddable":true,"href":"https:\/\/admin.industriall-union.org\/es\/wp-json\/wp\/v2\/regions?post=174775"},{"taxonomy":"sectors","embeddable":true,"href":"https:\/\/admin.industriall-union.org\/es\/wp-json\/wp\/v2\/sectors?post=174775"},{"taxonomy":"article_tags","embeddable":true,"href":"https:\/\/admin.industriall-union.org\/es\/wp-json\/wp\/v2\/article_tags?post=174775"}],"curies":[{"name":"wp","href":"https:\/\/api.w.org\/{rel}","templated":true}]}}