{"id":174725,"date":"2013-01-22T14:00:32","date_gmt":"2013-01-22T14:00:32","guid":{"rendered":"https:\/\/admin.industriall-union.org\/el-parlamento-europeo-adopta-una-resolucion-sobre-los-incendios-en-fabricas\/"},"modified":"2025-02-08T16:01:51","modified_gmt":"2025-02-08T16:01:51","slug":"el-parlamento-europeo-adopta-una-resolucion-sobre-los-incendios-en-fabricas","status":"publish","type":"article","link":"https:\/\/admin.industriall-union.org\/es\/el-parlamento-europeo-adopta-una-resolucion-sobre-los-incendios-en-fabricas\/","title":{"rendered":"El Parlamento Europeo adopta una resoluci\u00f3n sobre los incendios en f\u00e1bricas"},"content":{"rendered":"<p>El Parlamento Europeo aprob\u00f3 la <a href=\"http:\/\/www.europarl.europa.eu\/sides\/getDoc.do?pubRef=-\/\/EP\/\/TEXT+TA+P7-TA-2013-0027+0+DOC+XML+V0\/\/ES\">resoluci\u00f3n<\/a> el 17 de febrero de 2013 con el trasfondo de la frecuente muerte de centenares de trabajadores en accidentes de f\u00e1bricas de prendas de vestir de Asia del Sur. En particular, en Bangladesh solamente desde 2005 han resultado muertos unos 600 trabajadores de la confecci\u00f3n. In Karachi (Pakist\u00e1n), al menos 289 personas perecieron en el <a href=\"http:\/\/www.industriall-union.org\/es\/horror-en-pakistan-por-la-muerte-de-300-trabajadores\">incendio de una f\u00e1brica<\/a> en septiembre de 2012, y al menos 112 personas murieron en el <a href=\"http:\/\/www.industriall-union.org\/es\/bangladesh-necesidad-de-un-acuerdo-sobre-la-seguridad-contra-incendios-en-el-sector-textil\">incendio de la f\u00e1brica de Tazreen <\/a>, en el distrito de Ashulia, Dhaka (Bangladesh) el 24 de noviembre de 2012.<\/p><p>En la resoluci\u00f3n se declara que muchos de esos accidentes se pod\u00edan haber impedido si las f\u00e1bricas siguieran las normas de seguridad. Se critica la falta de respeto de los derechos de los trabajadores, las normas de seguridad en caso de incendio y la inacci\u00f3n de los gobiernos para sancionar a los propietarios de las f\u00e1bricas, que son responsables de negligencia penal. Se destaca la intensificaci\u00f3n de la tensi\u00f3n entre sindicalistas, activistas laborales y el Gobierno bangladesh\u00ed sobre los bajos sueldos y las malas condiciones de trabajo. Igualmente importante, en la resoluci\u00f3n se insta al Gobierno bangladesh\u00ed a investigar la tortura y el asesinato del activista de derechos sindicales Aminul Islam en abril de 2012.<\/p><p>Los parlamentarios europeos tambi\u00e9n expresaron su pesar por la negativa inicial de algunas de las marcas de su relaci\u00f3n con la f\u00e1brica de Tazreen. En la resoluci\u00f3n se acogi\u00f3 con satisfacci\u00f3n el <a href=\"http:\/\/www.industriall-union.org\/es\/esfuerzo-tripartito-sobre-la-seguridad-contra-incendios-en-bangladesh\">Acuerdo de Bangladesh sobre la seguridad de los edificios y la seguridad en caso de incendio<\/a> entre algunos sindicatos, ONG y empresas multinacionales minoristas en el sector textil y se pide a las marcas de textiles que apoyen este esfuerzo. Se insta a todas las partes interesadas a luchar contra la corrupci\u00f3n en la cadena de suministro, incluida la colusi\u00f3n entre inspectores de seguridad y propietarios de f\u00e1bricas.<\/p><p>Se celebra la contribuci\u00f3n de algunas de las empresas minoristas europeas a los sistemas de indemnizaci\u00f3n y se pide la rehabilitaci\u00f3n m\u00e9dica gratuita de los heridos y prestaciones para los miembros de las familias dependientes de los trabajadores fallecidos. Se pide a todos los interesados, incluida la Comisi\u00f3n Europea, que &ldquo;colaboren con miras a elaborar una norma voluntaria de etiquetado que certifique que el producto se ha fabricado de conformidad con las normas fundamentales del trabajo de la OIT&rdquo;.<\/p><p>Se pide a la Comisi\u00f3n que promueva activamente una conducta empresarial&nbsp; responsable obligatoria entre las empresas de la UE que operan en terceros pa\u00edses, centr\u00e1ndose especialmente en la necesidad de garantizar el estricto cumplimiento de todas sus obligaciones legales, en particular en lo que se refiere a las normas internacionales en materia de derechos humanos, trabajo y medio ambiente. Adem\u00e1s, en la resoluci\u00f3n se pide la formaci\u00f3n peri\u00f3dica de los agentes comerciales de la UE sobre cuestiones relacionadas con la responsabilidad social de las empresas, en particular en lo que se refiere a la aplicaci\u00f3n del Marco &ldquo;Proteger, respetar y remediar&rdquo; de las Naciones Unidas, y que las delegaciones de la UE funcionen como puntos de contacto de la Uni\u00f3n para el registro de quejas relativas a las empresas de la UE y sus filiales.<\/p><p>En la resoluci\u00f3n se se\u00f1ala el importante papel que pueden desempe\u00f1ar los trabajadores y los sindicatos, por ejemplo, mediante el desarrollo continuo de comit\u00e9s de seguridad dirigidos por los trabajadores en todas las f\u00e1bricas y la importancia de que los sindicatos tengan acceso a las plantas industriales para impartir formaci\u00f3n a los trabajadores sobre los medios para proteger sus derechos y su seguridad, incluido su derecho a rechazar trabajos no seguros.<\/p>","protected":false},"featured_media":0,"template":"","issues":[414,402,422],"companies":[],"regions":[159,202,182],"sectors":[464],"article_tags":[],"class_list":["post-174725","article","type-article","status-publish","hentry","issues-action-on-bangladesh","issues-health-and-safety","issues-human-trade-union-rights","regions-bangladesh","regions-europe","regions-pakistan","sectors-textile-leather-garment-shoes-and-textile-services"],"acf":[],"yoast_head":"<!-- This site is optimized with the Yoast SEO Premium plugin v27.1 (Yoast SEO v27.1) - https:\/\/yoast.com\/product\/yoast-seo-premium-wordpress\/ -->\n<title>El Parlamento Europeo adopta una resoluci\u00f3n sobre los incendios en f\u00e1bricas - industriall-union<\/title>\n<meta name=\"description\" content=\"El Parlamento Europeo aprob\u00f3 la resoluci\u00f3n el 17 de febrero de 2013 con el trasfondo de la frecuente muerte de centenares de trabajadores en accidentes de\" \/>\n<meta name=\"robots\" content=\"index, follow, max-snippet:-1, max-image-preview:large, max-video-preview:-1\" \/>\n<link rel=\"canonical\" href=\"https:\/\/admin.industriall-union.org\/es\/el-parlamento-europeo-adopta-una-resolucion-sobre-los-incendios-en-fabricas\/\" \/>\n<meta property=\"og:locale\" content=\"es_ES\" \/>\n<meta property=\"og:type\" content=\"article\" \/>\n<meta property=\"og:title\" content=\"El Parlamento Europeo adopta una resoluci\u00f3n sobre los incendios en f\u00e1bricas\" \/>\n<meta property=\"og:description\" content=\"El Parlamento Europeo aprob\u00f3 la resoluci\u00f3n el 17 de febrero de 2013 con el trasfondo de la frecuente muerte de centenares de trabajadores en accidentes de\" \/>\n<meta property=\"og:url\" content=\"https:\/\/admin.industriall-union.org\/es\/el-parlamento-europeo-adopta-una-resolucion-sobre-los-incendios-en-fabricas\/\" \/>\n<meta property=\"og:site_name\" content=\"industriall-union\" \/>\n<meta property=\"article:modified_time\" content=\"2025-02-08T16:01:51+00:00\" \/>\n<meta name=\"twitter:card\" content=\"summary_large_image\" \/>\n<meta name=\"twitter:label1\" content=\"Est. reading time\" \/>\n\t<meta name=\"twitter:data1\" content=\"3 minutes\" \/>\n<script type=\"application\/ld+json\" class=\"yoast-schema-graph\">{\"@context\":\"https:\/\/schema.org\",\"@graph\":[{\"@type\":\"WebPage\",\"@id\":\"https:\/\/admin.industriall-union.org\/es\/el-parlamento-europeo-adopta-una-resolucion-sobre-los-incendios-en-fabricas\/\",\"url\":\"https:\/\/admin.industriall-union.org\/es\/el-parlamento-europeo-adopta-una-resolucion-sobre-los-incendios-en-fabricas\/\",\"name\":\"El Parlamento Europeo adopta una resoluci\u00f3n sobre los incendios en f\u00e1bricas - industriall-union\",\"isPartOf\":{\"@id\":\"https:\/\/admin.industriall-union.org\/#website\"},\"datePublished\":\"2013-01-22T14:00:32+00:00\",\"dateModified\":\"2025-02-08T16:01:51+00:00\",\"description\":\"El Parlamento Europeo aprob\u00f3 la resoluci\u00f3n el 17 de febrero de 2013 con el trasfondo de la frecuente muerte de centenares de trabajadores en accidentes de\",\"breadcrumb\":{\"@id\":\"https:\/\/admin.industriall-union.org\/es\/el-parlamento-europeo-adopta-una-resolucion-sobre-los-incendios-en-fabricas\/#breadcrumb\"},\"inLanguage\":\"es-ES\",\"potentialAction\":[{\"@type\":\"ReadAction\",\"target\":[\"https:\/\/admin.industriall-union.org\/es\/el-parlamento-europeo-adopta-una-resolucion-sobre-los-incendios-en-fabricas\/\"]}]},{\"@type\":\"BreadcrumbList\",\"@id\":\"https:\/\/admin.industriall-union.org\/es\/el-parlamento-europeo-adopta-una-resolucion-sobre-los-incendios-en-fabricas\/#breadcrumb\",\"itemListElement\":[{\"@type\":\"ListItem\",\"position\":1,\"name\":\"Home\",\"item\":\"https:\/\/admin.industriall-union.org\/\"},{\"@type\":\"ListItem\",\"position\":2,\"name\":\"Articles\",\"item\":\"https:\/\/admin.industriall-union.org\/article\/\"},{\"@type\":\"ListItem\",\"position\":3,\"name\":\"El Parlamento Europeo adopta una resoluci\u00f3n sobre los incendios en f\u00e1bricas\"}]},{\"@type\":\"WebSite\",\"@id\":\"https:\/\/admin.industriall-union.org\/#website\",\"url\":\"https:\/\/admin.industriall-union.org\/\",\"name\":\"industriall-union\",\"description\":\"\",\"potentialAction\":[{\"@type\":\"SearchAction\",\"target\":{\"@type\":\"EntryPoint\",\"urlTemplate\":\"https:\/\/admin.industriall-union.org\/?s={search_term_string}\"},\"query-input\":{\"@type\":\"PropertyValueSpecification\",\"valueRequired\":true,\"valueName\":\"search_term_string\"}}],\"inLanguage\":\"es-ES\"}]}<\/script>\n<!-- \/ Yoast SEO Premium plugin. -->","yoast_head_json":{"title":"El Parlamento Europeo adopta una resoluci\u00f3n sobre los incendios en f\u00e1bricas - industriall-union","description":"El Parlamento Europeo aprob\u00f3 la resoluci\u00f3n el 17 de febrero de 2013 con el trasfondo de la frecuente muerte de centenares de trabajadores en accidentes de","robots":{"index":"index","follow":"follow","max-snippet":"max-snippet:-1","max-image-preview":"max-image-preview:large","max-video-preview":"max-video-preview:-1"},"canonical":"https:\/\/admin.industriall-union.org\/es\/el-parlamento-europeo-adopta-una-resolucion-sobre-los-incendios-en-fabricas\/","og_locale":"es_ES","og_type":"article","og_title":"El Parlamento Europeo adopta una resoluci\u00f3n sobre los incendios en f\u00e1bricas","og_description":"El Parlamento Europeo aprob\u00f3 la resoluci\u00f3n el 17 de febrero de 2013 con el trasfondo de la frecuente muerte de centenares de trabajadores en accidentes de","og_url":"https:\/\/admin.industriall-union.org\/es\/el-parlamento-europeo-adopta-una-resolucion-sobre-los-incendios-en-fabricas\/","og_site_name":"industriall-union","article_modified_time":"2025-02-08T16:01:51+00:00","twitter_card":"summary_large_image","twitter_misc":{"Est. reading time":"3 minutes"},"schema":{"@context":"https:\/\/schema.org","@graph":[{"@type":"WebPage","@id":"https:\/\/admin.industriall-union.org\/es\/el-parlamento-europeo-adopta-una-resolucion-sobre-los-incendios-en-fabricas\/","url":"https:\/\/admin.industriall-union.org\/es\/el-parlamento-europeo-adopta-una-resolucion-sobre-los-incendios-en-fabricas\/","name":"El Parlamento Europeo adopta una resoluci\u00f3n sobre los incendios en f\u00e1bricas - industriall-union","isPartOf":{"@id":"https:\/\/admin.industriall-union.org\/#website"},"datePublished":"2013-01-22T14:00:32+00:00","dateModified":"2025-02-08T16:01:51+00:00","description":"El Parlamento Europeo aprob\u00f3 la resoluci\u00f3n el 17 de febrero de 2013 con el trasfondo de la frecuente muerte de centenares de trabajadores en accidentes de","breadcrumb":{"@id":"https:\/\/admin.industriall-union.org\/es\/el-parlamento-europeo-adopta-una-resolucion-sobre-los-incendios-en-fabricas\/#breadcrumb"},"inLanguage":"es-ES","potentialAction":[{"@type":"ReadAction","target":["https:\/\/admin.industriall-union.org\/es\/el-parlamento-europeo-adopta-una-resolucion-sobre-los-incendios-en-fabricas\/"]}]},{"@type":"BreadcrumbList","@id":"https:\/\/admin.industriall-union.org\/es\/el-parlamento-europeo-adopta-una-resolucion-sobre-los-incendios-en-fabricas\/#breadcrumb","itemListElement":[{"@type":"ListItem","position":1,"name":"Home","item":"https:\/\/admin.industriall-union.org\/"},{"@type":"ListItem","position":2,"name":"Articles","item":"https:\/\/admin.industriall-union.org\/article\/"},{"@type":"ListItem","position":3,"name":"El Parlamento Europeo adopta una resoluci\u00f3n sobre los incendios en f\u00e1bricas"}]},{"@type":"WebSite","@id":"https:\/\/admin.industriall-union.org\/#website","url":"https:\/\/admin.industriall-union.org\/","name":"industriall-union","description":"","potentialAction":[{"@type":"SearchAction","target":{"@type":"EntryPoint","urlTemplate":"https:\/\/admin.industriall-union.org\/?s={search_term_string}"},"query-input":{"@type":"PropertyValueSpecification","valueRequired":true,"valueName":"search_term_string"}}],"inLanguage":"es-ES"}]}},"_links":{"self":[{"href":"https:\/\/admin.industriall-union.org\/es\/wp-json\/wp\/v2\/article\/174725","targetHints":{"allow":["GET"]}}],"collection":[{"href":"https:\/\/admin.industriall-union.org\/es\/wp-json\/wp\/v2\/article"}],"about":[{"href":"https:\/\/admin.industriall-union.org\/es\/wp-json\/wp\/v2\/types\/article"}],"wp:attachment":[{"href":"https:\/\/admin.industriall-union.org\/es\/wp-json\/wp\/v2\/media?parent=174725"}],"wp:term":[{"taxonomy":"issues","embeddable":true,"href":"https:\/\/admin.industriall-union.org\/es\/wp-json\/wp\/v2\/issues?post=174725"},{"taxonomy":"companies","embeddable":true,"href":"https:\/\/admin.industriall-union.org\/es\/wp-json\/wp\/v2\/companies?post=174725"},{"taxonomy":"regions","embeddable":true,"href":"https:\/\/admin.industriall-union.org\/es\/wp-json\/wp\/v2\/regions?post=174725"},{"taxonomy":"sectors","embeddable":true,"href":"https:\/\/admin.industriall-union.org\/es\/wp-json\/wp\/v2\/sectors?post=174725"},{"taxonomy":"article_tags","embeddable":true,"href":"https:\/\/admin.industriall-union.org\/es\/wp-json\/wp\/v2\/article_tags?post=174725"}],"curies":[{"name":"wp","href":"https:\/\/api.w.org\/{rel}","templated":true}]}}