{"id":174701,"date":"2013-01-23T23:03:35","date_gmt":"2013-01-23T23:03:35","guid":{"rendered":"https:\/\/admin.industriall-union.org\/huelga-en-casa-matriz-de-codelco-por-despidos-de-100-trabajadores-chilenos\/"},"modified":"2025-02-08T15:56:32","modified_gmt":"2025-02-08T15:56:32","slug":"huelga-en-casa-matriz-de-codelco-por-despidos-de-100-trabajadores-chilenos","status":"publish","type":"article","link":"https:\/\/admin.industriall-union.org\/es\/huelga-en-casa-matriz-de-codelco-por-despidos-de-100-trabajadores-chilenos\/","title":{"rendered":"Huelga en Casa Matriz de Codelco por despidos de 100 trabajadores chilenos"},"content":{"rendered":"<p>El viernes 18 de enero se notific\u00f3 a los trabajadores no manuales su despido en el marco de un proceso de reestructuraci\u00f3n de la Casa Matriz de Codelco, empresa estatal chilena. Los notificados fueron 66 supervisores, 19 ejecutivos y 24 empleados.<\/p><p>Representantes del Sindicato Casa Matriz de Codelco, la Federaci\u00f3n de Trabajadores del Cobre (FTC) y de la Federaci\u00f3n de Sindicatos de Supervisores y Profesionales Rol A Codelco (Fesuc) criticaron la medida y realizaron una manifestaci\u00f3n &nbsp;el viernes 18 en el hall central de la Casa Matriz de la compa\u00f1\u00eda para expresar su rechazo a los despidos.<\/p><p>El &nbsp;lunes 21 de enero realizaron una segunda manifestaci\u00f3n, la presidenta del Sindicato de Trabajadores de la Casa Matriz de Codelco, Eugenia Riffo, precis\u00f3 que &ldquo;no van a permitir la actitud prepotente de la empresa, de despedir trabajadores sin motivos. No hay raz\u00f3n para despedir a trabajadores. Si alguien tiene que irse no somos nosotros, enfatiz\u00f3 la dirigenta sindical&rdquo;.<\/p><p>El presidente de la Federaci\u00f3n de Trabajadores del Cobre, Raimundo Espinoza, quien es parte del Comit\u00e9 Ejecutivo de IndustriALL, &nbsp;felicit\u00f3 la actitud y dignidad de los trabajadores de Casa Matriz, ya que a su juicio, &ldquo;demuestran a la empresa que con arrogancia y prepotencia no nos van a amedrentar. Por el contrario, nos van a incentivar mucho m\u00e1s a seguir luchando por defender nuestros puestos de trabajo&rdquo;.<\/p><p>El l\u00edder de la FTC resalt\u00f3 que no van aceptar que contin\u00faen amenazando a la gente. &ldquo;No aguantaremos una dictadura en Codelco&rdquo;, agreg\u00f3 en\u00e9rgicamente Espinoza a los trabajadores movilizados.<\/p><p>De igual forma, llam\u00f3 a los trabajadores a &ldquo;no perder la esperanza&rdquo;. Puntualiz\u00f3 que &ldquo;la gesti\u00f3n de la empresa no es responsabilidad de los trabajadores, es de la administraci\u00f3n de la empresa&rdquo;. Argument\u00f3 que &ldquo;la gesti\u00f3n no se soluciona despidiendo a los trabajadores. Si nos siguen generando inestabilidad de trabajo, nosotros vamos a reaccionar, tal como lo hicimos con el paro nacional del 11 de julio de2011&rdquo;.<\/p><p>Asimismo, exigi\u00f3 respeto de la empresa a los trabajadores. &ldquo;&iexcl;No les vamos aceptar que est\u00e9n despidiendo a la gente de manera prepotente!&rdquo;, exclam\u00f3 en\u00e9rgico el presidente de la Federaci\u00f3n de Trabajadores del Cobre. Agreg\u00f3 que &nbsp;&ldquo;la \u00fanica forma que nos sentemos a conversar con la administraci\u00f3n, es que los planes de egreso sean voluntarios y que reubiquen a la gente&rdquo;. Afirm\u00f3 que &ldquo;nadie se ir\u00e1 en forma obligatoria de la empresa. Y no aceptaremos bajo ning\u00fan punto de vista que saquen a los trabajadores de la empresa unilateralmente&rdquo;, concluy\u00f3<\/p><p>La movilizaci\u00f3n de los trabajadores de la Casa Matriz de Codelco continuar\u00e1 hasta que la administraci\u00f3n de la empresa deponga las medidas que atentan contra los trabajadores.<\/p><p>IndustriALL solidariza con los trabajadores despedidos y respalda en su accionar a la FTC.<\/p>","protected":false},"featured_media":0,"template":"","issues":[400],"companies":[],"regions":[263],"sectors":[495],"article_tags":[529],"class_list":["post-174701","article","type-article","status-publish","hentry","issues-white-collar-workers","regions-chile","sectors-mining","article_tags-strike"],"acf":[],"yoast_head":"<!-- This site is optimized with the Yoast SEO Premium plugin v27.1 (Yoast SEO v27.1) - https:\/\/yoast.com\/product\/yoast-seo-premium-wordpress\/ -->\n<title>Huelga en Casa Matriz de Codelco por despidos de 100 trabajadores chilenos - industriall-union<\/title>\n<meta name=\"description\" content=\"El viernes 18 de enero se notific\u00f3 a los trabajadores no manuales su despido en el marco de un proceso de reestructuraci\u00f3n de la Casa Matriz de Codelco,\" \/>\n<meta name=\"robots\" content=\"index, follow, max-snippet:-1, max-image-preview:large, max-video-preview:-1\" \/>\n<link rel=\"canonical\" href=\"https:\/\/admin.industriall-union.org\/es\/huelga-en-casa-matriz-de-codelco-por-despidos-de-100-trabajadores-chilenos\/\" \/>\n<meta property=\"og:locale\" content=\"es_ES\" \/>\n<meta property=\"og:type\" content=\"article\" \/>\n<meta property=\"og:title\" content=\"Huelga en Casa Matriz de Codelco por despidos de 100 trabajadores chilenos\" \/>\n<meta property=\"og:description\" content=\"El viernes 18 de enero se notific\u00f3 a los trabajadores no manuales su despido en el marco de un proceso de reestructuraci\u00f3n de la Casa Matriz de Codelco,\" \/>\n<meta property=\"og:url\" content=\"https:\/\/admin.industriall-union.org\/es\/huelga-en-casa-matriz-de-codelco-por-despidos-de-100-trabajadores-chilenos\/\" \/>\n<meta property=\"og:site_name\" content=\"industriall-union\" \/>\n<meta property=\"article:modified_time\" content=\"2025-02-08T15:56:32+00:00\" \/>\n<meta name=\"twitter:card\" content=\"summary_large_image\" \/>\n<meta name=\"twitter:label1\" content=\"Est. reading time\" \/>\n\t<meta name=\"twitter:data1\" content=\"2 minutes\" \/>\n<script type=\"application\/ld+json\" class=\"yoast-schema-graph\">{\"@context\":\"https:\/\/schema.org\",\"@graph\":[{\"@type\":\"WebPage\",\"@id\":\"https:\/\/admin.industriall-union.org\/es\/huelga-en-casa-matriz-de-codelco-por-despidos-de-100-trabajadores-chilenos\/\",\"url\":\"https:\/\/admin.industriall-union.org\/es\/huelga-en-casa-matriz-de-codelco-por-despidos-de-100-trabajadores-chilenos\/\",\"name\":\"Huelga en Casa Matriz de Codelco por despidos de 100 trabajadores chilenos - industriall-union\",\"isPartOf\":{\"@id\":\"https:\/\/admin.industriall-union.org\/#website\"},\"datePublished\":\"2013-01-23T23:03:35+00:00\",\"dateModified\":\"2025-02-08T15:56:32+00:00\",\"description\":\"El viernes 18 de enero se notific\u00f3 a los trabajadores no manuales su despido en el marco de un proceso de reestructuraci\u00f3n de la Casa Matriz de Codelco,\",\"breadcrumb\":{\"@id\":\"https:\/\/admin.industriall-union.org\/es\/huelga-en-casa-matriz-de-codelco-por-despidos-de-100-trabajadores-chilenos\/#breadcrumb\"},\"inLanguage\":\"es-ES\",\"potentialAction\":[{\"@type\":\"ReadAction\",\"target\":[\"https:\/\/admin.industriall-union.org\/es\/huelga-en-casa-matriz-de-codelco-por-despidos-de-100-trabajadores-chilenos\/\"]}]},{\"@type\":\"BreadcrumbList\",\"@id\":\"https:\/\/admin.industriall-union.org\/es\/huelga-en-casa-matriz-de-codelco-por-despidos-de-100-trabajadores-chilenos\/#breadcrumb\",\"itemListElement\":[{\"@type\":\"ListItem\",\"position\":1,\"name\":\"Home\",\"item\":\"https:\/\/admin.industriall-union.org\/\"},{\"@type\":\"ListItem\",\"position\":2,\"name\":\"Articles\",\"item\":\"https:\/\/admin.industriall-union.org\/article\/\"},{\"@type\":\"ListItem\",\"position\":3,\"name\":\"Huelga en Casa Matriz de Codelco por despidos de 100 trabajadores chilenos\"}]},{\"@type\":\"WebSite\",\"@id\":\"https:\/\/admin.industriall-union.org\/#website\",\"url\":\"https:\/\/admin.industriall-union.org\/\",\"name\":\"industriall-union\",\"description\":\"\",\"potentialAction\":[{\"@type\":\"SearchAction\",\"target\":{\"@type\":\"EntryPoint\",\"urlTemplate\":\"https:\/\/admin.industriall-union.org\/?s={search_term_string}\"},\"query-input\":{\"@type\":\"PropertyValueSpecification\",\"valueRequired\":true,\"valueName\":\"search_term_string\"}}],\"inLanguage\":\"es-ES\"}]}<\/script>\n<!-- \/ Yoast SEO Premium plugin. -->","yoast_head_json":{"title":"Huelga en Casa Matriz de Codelco por despidos de 100 trabajadores chilenos - industriall-union","description":"El viernes 18 de enero se notific\u00f3 a los trabajadores no manuales su despido en el marco de un proceso de reestructuraci\u00f3n de la Casa Matriz de Codelco,","robots":{"index":"index","follow":"follow","max-snippet":"max-snippet:-1","max-image-preview":"max-image-preview:large","max-video-preview":"max-video-preview:-1"},"canonical":"https:\/\/admin.industriall-union.org\/es\/huelga-en-casa-matriz-de-codelco-por-despidos-de-100-trabajadores-chilenos\/","og_locale":"es_ES","og_type":"article","og_title":"Huelga en Casa Matriz de Codelco por despidos de 100 trabajadores chilenos","og_description":"El viernes 18 de enero se notific\u00f3 a los trabajadores no manuales su despido en el marco de un proceso de reestructuraci\u00f3n de la Casa Matriz de Codelco,","og_url":"https:\/\/admin.industriall-union.org\/es\/huelga-en-casa-matriz-de-codelco-por-despidos-de-100-trabajadores-chilenos\/","og_site_name":"industriall-union","article_modified_time":"2025-02-08T15:56:32+00:00","twitter_card":"summary_large_image","twitter_misc":{"Est. reading time":"2 minutes"},"schema":{"@context":"https:\/\/schema.org","@graph":[{"@type":"WebPage","@id":"https:\/\/admin.industriall-union.org\/es\/huelga-en-casa-matriz-de-codelco-por-despidos-de-100-trabajadores-chilenos\/","url":"https:\/\/admin.industriall-union.org\/es\/huelga-en-casa-matriz-de-codelco-por-despidos-de-100-trabajadores-chilenos\/","name":"Huelga en Casa Matriz de Codelco por despidos de 100 trabajadores chilenos - industriall-union","isPartOf":{"@id":"https:\/\/admin.industriall-union.org\/#website"},"datePublished":"2013-01-23T23:03:35+00:00","dateModified":"2025-02-08T15:56:32+00:00","description":"El viernes 18 de enero se notific\u00f3 a los trabajadores no manuales su despido en el marco de un proceso de reestructuraci\u00f3n de la Casa Matriz de Codelco,","breadcrumb":{"@id":"https:\/\/admin.industriall-union.org\/es\/huelga-en-casa-matriz-de-codelco-por-despidos-de-100-trabajadores-chilenos\/#breadcrumb"},"inLanguage":"es-ES","potentialAction":[{"@type":"ReadAction","target":["https:\/\/admin.industriall-union.org\/es\/huelga-en-casa-matriz-de-codelco-por-despidos-de-100-trabajadores-chilenos\/"]}]},{"@type":"BreadcrumbList","@id":"https:\/\/admin.industriall-union.org\/es\/huelga-en-casa-matriz-de-codelco-por-despidos-de-100-trabajadores-chilenos\/#breadcrumb","itemListElement":[{"@type":"ListItem","position":1,"name":"Home","item":"https:\/\/admin.industriall-union.org\/"},{"@type":"ListItem","position":2,"name":"Articles","item":"https:\/\/admin.industriall-union.org\/article\/"},{"@type":"ListItem","position":3,"name":"Huelga en Casa Matriz de Codelco por despidos de 100 trabajadores chilenos"}]},{"@type":"WebSite","@id":"https:\/\/admin.industriall-union.org\/#website","url":"https:\/\/admin.industriall-union.org\/","name":"industriall-union","description":"","potentialAction":[{"@type":"SearchAction","target":{"@type":"EntryPoint","urlTemplate":"https:\/\/admin.industriall-union.org\/?s={search_term_string}"},"query-input":{"@type":"PropertyValueSpecification","valueRequired":true,"valueName":"search_term_string"}}],"inLanguage":"es-ES"}]}},"_links":{"self":[{"href":"https:\/\/admin.industriall-union.org\/es\/wp-json\/wp\/v2\/article\/174701","targetHints":{"allow":["GET"]}}],"collection":[{"href":"https:\/\/admin.industriall-union.org\/es\/wp-json\/wp\/v2\/article"}],"about":[{"href":"https:\/\/admin.industriall-union.org\/es\/wp-json\/wp\/v2\/types\/article"}],"wp:attachment":[{"href":"https:\/\/admin.industriall-union.org\/es\/wp-json\/wp\/v2\/media?parent=174701"}],"wp:term":[{"taxonomy":"issues","embeddable":true,"href":"https:\/\/admin.industriall-union.org\/es\/wp-json\/wp\/v2\/issues?post=174701"},{"taxonomy":"companies","embeddable":true,"href":"https:\/\/admin.industriall-union.org\/es\/wp-json\/wp\/v2\/companies?post=174701"},{"taxonomy":"regions","embeddable":true,"href":"https:\/\/admin.industriall-union.org\/es\/wp-json\/wp\/v2\/regions?post=174701"},{"taxonomy":"sectors","embeddable":true,"href":"https:\/\/admin.industriall-union.org\/es\/wp-json\/wp\/v2\/sectors?post=174701"},{"taxonomy":"article_tags","embeddable":true,"href":"https:\/\/admin.industriall-union.org\/es\/wp-json\/wp\/v2\/article_tags?post=174701"}],"curies":[{"name":"wp","href":"https:\/\/api.w.org\/{rel}","templated":true}]}}