{"id":174677,"date":"2013-01-24T16:50:04","date_gmt":"2013-01-24T16:50:04","guid":{"rendered":"https:\/\/admin.industriall-union.org\/cinco-anos-de-lucha-los-trabajadores-del-vidrio-mexicanos-se-movilizan\/"},"modified":"2025-02-08T15:51:14","modified_gmt":"2025-02-08T15:51:14","slug":"cinco-anos-de-lucha-los-trabajadores-del-vidrio-mexicanos-se-movilizan","status":"publish","type":"article","link":"https:\/\/admin.industriall-union.org\/es\/cinco-anos-de-lucha-los-trabajadores-del-vidrio-mexicanos-se-movilizan\/","title":{"rendered":"Cinco a\u00f1os de lucha \u2013 Los trabajadores del vidrio mexicanos se movilizan"},"content":{"rendered":"<p>El quinto aniversario de la lucha del SUTEIVP, afiliado a la IndustriALL Global Union, por la readmisi\u00f3n y el reconocimiento del sindicato ser\u00e1 apoyado por otros sindicatos locales en la zona de San Lu\u00eds Potos\u00ed, y recibir\u00e1 un mensaje de apoyo del secretario general de la IndustriALL, Jyrki Raina.<\/p><blockquote><p>La historia de vuestra brava lucha es bien conocida internacionalmente. Nos sentimos orgullosos de que form\u00e9is parte de nuestra familia mundial en la IndustriALL, de saber que segu\u00eds luchando en el quinto aniversario de vuestro despido ilegal por la compa\u00f1\u00eda.<\/p><\/blockquote><p>Desde su despido y la negativa de la direcci\u00f3n a pagarles, 33 trabajadores siguen luchando por recuperar sus empleos. Han sido inscritos en listas negras por la compa\u00f1\u00eda y por autoridades del trabajo c\u00f3mplices, por lo que ni ellos ni sus familiares pueden encontrar trabajo en la regi\u00f3n. La complicidad antisindical de las autoridades ha ayudado tambi\u00e9n a alargar el proceso legal con innumerable apelaciones, pero el proceso se encuentra ya en la fase de resoluci\u00f3n, por lo que hay razones para esperar una conclusi\u00f3n justa pronto.<\/p><p>La compa\u00f1\u00eda Industria Vidriera del Potos\u00ed es filial de la compa\u00f1\u00eda cervecera mundial Grupo Modelo. Es uno de los cuatro fabricantes de botellas que producen para la famosa cerveza mexicana Corona, y pertenece a la mujer m\u00e1s rica de M\u00e9xico, Mar\u00eda Asunci\u00f3n Aramburuzavala. Est\u00e1 en marcha un proceso de adquisici\u00f3n de Grupo Modelo por el l\u00edder del mercado mundial AB InBev, que produce las cervezas &nbsp;Budweiser, Stella Artois y Becks.<\/p><p>Las demandas de los trabajadores del vidrio constituir\u00e1n una parte importante de los pr\u00f3ximos D\u00edas de Acci\u00f3n Mundiales, del 18 al 24 de febrero, que esta semana recibieron el apoyo un\u00e1nime del Comit\u00e9 de Sindicatos Mundiales (CSM). Los miembros del CSM, en su reuni\u00f3n de los d\u00edas 21 y 22 de enero, se comprometieron a hacer campa\u00f1a conjuntamente durante los D\u00edas de Acci\u00f3n.<\/p><p>Las Federaciones Sindicales Internacionales y la Confederaci\u00f3n Sindical Internacional (CSI) movilizar\u00e1n a los afiliados de todo el mundo para pedir al presidente que intervenga contra los contratos de protecci\u00f3n, por la justicia en Pasta de Conchos y por la anulaci\u00f3n de las recientes reformas laborales regresivas.<\/p><p>Todos los sindicatos democr\u00e1ticos en M\u00e9xico utilizar\u00e1n la semana para impulsar sus demandas espec\u00edficas de justicia en sus propios conflictos, y marchar\u00e1n unidos por los derechos fundamentales del trabajo en todo el pa\u00eds. El sindicato de mineros mexicano Los Mineros impulsar\u00e1 las demandas comunes, pero dar\u00e1 prioridad al llamamiento por la readmisi\u00f3n de diez trabajadores en huelga de hambre en la multinacional de partes de autom\u00f3viles con sede en Finlandia PKC in Ciudad Acu\u00f1a. Esos huelguistas son miembros del comit\u00e9 ejecutivo local de Los Mineros, y fueron despedidos todos cuando la compa\u00f1\u00eda expuls\u00f3 a 122 trabajadores relacionados con el sindicato que trataban de organizar la planta y sustituir al sindicato de empresa amarillo all\u00ed.<\/p>","protected":false},"featured_media":0,"template":"","issues":[422,420,424],"companies":[],"regions":[275],"sectors":[487],"article_tags":[],"class_list":["post-174677","article","type-article","status-publish","hentry","issues-human-trade-union-rights","issues-solidarity","issues-violation","regions-mexico","sectors-glass"],"acf":[],"yoast_head":"<!-- This site is optimized with the Yoast SEO Premium plugin v27.1 (Yoast SEO v27.1) - https:\/\/yoast.com\/product\/yoast-seo-premium-wordpress\/ -->\n<title>Cinco a\u00f1os de lucha \u2013 Los trabajadores del vidrio mexicanos se movilizan - industriall-union<\/title>\n<meta name=\"description\" content=\"El quinto aniversario de la lucha del SUTEIVP, afiliado a la IndustriALL Global Union, por la readmisi\u00f3n y el reconocimiento del sindicato ser\u00e1 apoyado\" \/>\n<meta name=\"robots\" content=\"index, follow, max-snippet:-1, max-image-preview:large, max-video-preview:-1\" \/>\n<link rel=\"canonical\" href=\"https:\/\/admin.industriall-union.org\/es\/cinco-anos-de-lucha-los-trabajadores-del-vidrio-mexicanos-se-movilizan\/\" \/>\n<meta property=\"og:locale\" content=\"es_ES\" \/>\n<meta property=\"og:type\" content=\"article\" \/>\n<meta property=\"og:title\" content=\"Cinco a\u00f1os de lucha \u2013 Los trabajadores del vidrio mexicanos se movilizan\" \/>\n<meta property=\"og:description\" content=\"El quinto aniversario de la lucha del SUTEIVP, afiliado a la IndustriALL Global Union, por la readmisi\u00f3n y el reconocimiento del sindicato ser\u00e1 apoyado\" \/>\n<meta property=\"og:url\" content=\"https:\/\/admin.industriall-union.org\/es\/cinco-anos-de-lucha-los-trabajadores-del-vidrio-mexicanos-se-movilizan\/\" \/>\n<meta property=\"og:site_name\" content=\"industriall-union\" \/>\n<meta property=\"article:modified_time\" content=\"2025-02-08T15:51:14+00:00\" \/>\n<meta name=\"twitter:card\" content=\"summary_large_image\" \/>\n<meta name=\"twitter:label1\" content=\"Est. reading time\" \/>\n\t<meta name=\"twitter:data1\" content=\"3 minutes\" \/>\n<script type=\"application\/ld+json\" class=\"yoast-schema-graph\">{\"@context\":\"https:\/\/schema.org\",\"@graph\":[{\"@type\":\"WebPage\",\"@id\":\"https:\/\/admin.industriall-union.org\/es\/cinco-anos-de-lucha-los-trabajadores-del-vidrio-mexicanos-se-movilizan\/\",\"url\":\"https:\/\/admin.industriall-union.org\/es\/cinco-anos-de-lucha-los-trabajadores-del-vidrio-mexicanos-se-movilizan\/\",\"name\":\"Cinco a\u00f1os de lucha \u2013 Los trabajadores del vidrio mexicanos se movilizan - industriall-union\",\"isPartOf\":{\"@id\":\"https:\/\/admin.industriall-union.org\/#website\"},\"datePublished\":\"2013-01-24T16:50:04+00:00\",\"dateModified\":\"2025-02-08T15:51:14+00:00\",\"description\":\"El quinto aniversario de la lucha del SUTEIVP, afiliado a la IndustriALL Global Union, por la readmisi\u00f3n y el reconocimiento del sindicato ser\u00e1 apoyado\",\"breadcrumb\":{\"@id\":\"https:\/\/admin.industriall-union.org\/es\/cinco-anos-de-lucha-los-trabajadores-del-vidrio-mexicanos-se-movilizan\/#breadcrumb\"},\"inLanguage\":\"es-ES\",\"potentialAction\":[{\"@type\":\"ReadAction\",\"target\":[\"https:\/\/admin.industriall-union.org\/es\/cinco-anos-de-lucha-los-trabajadores-del-vidrio-mexicanos-se-movilizan\/\"]}]},{\"@type\":\"BreadcrumbList\",\"@id\":\"https:\/\/admin.industriall-union.org\/es\/cinco-anos-de-lucha-los-trabajadores-del-vidrio-mexicanos-se-movilizan\/#breadcrumb\",\"itemListElement\":[{\"@type\":\"ListItem\",\"position\":1,\"name\":\"Home\",\"item\":\"https:\/\/admin.industriall-union.org\/\"},{\"@type\":\"ListItem\",\"position\":2,\"name\":\"Articles\",\"item\":\"https:\/\/admin.industriall-union.org\/article\/\"},{\"@type\":\"ListItem\",\"position\":3,\"name\":\"Cinco a\u00f1os de lucha \u2013 Los trabajadores del vidrio mexicanos se movilizan\"}]},{\"@type\":\"WebSite\",\"@id\":\"https:\/\/admin.industriall-union.org\/#website\",\"url\":\"https:\/\/admin.industriall-union.org\/\",\"name\":\"industriall-union\",\"description\":\"\",\"potentialAction\":[{\"@type\":\"SearchAction\",\"target\":{\"@type\":\"EntryPoint\",\"urlTemplate\":\"https:\/\/admin.industriall-union.org\/?s={search_term_string}\"},\"query-input\":{\"@type\":\"PropertyValueSpecification\",\"valueRequired\":true,\"valueName\":\"search_term_string\"}}],\"inLanguage\":\"es-ES\"}]}<\/script>\n<!-- \/ Yoast SEO Premium plugin. -->","yoast_head_json":{"title":"Cinco a\u00f1os de lucha \u2013 Los trabajadores del vidrio mexicanos se movilizan - industriall-union","description":"El quinto aniversario de la lucha del SUTEIVP, afiliado a la IndustriALL Global Union, por la readmisi\u00f3n y el reconocimiento del sindicato ser\u00e1 apoyado","robots":{"index":"index","follow":"follow","max-snippet":"max-snippet:-1","max-image-preview":"max-image-preview:large","max-video-preview":"max-video-preview:-1"},"canonical":"https:\/\/admin.industriall-union.org\/es\/cinco-anos-de-lucha-los-trabajadores-del-vidrio-mexicanos-se-movilizan\/","og_locale":"es_ES","og_type":"article","og_title":"Cinco a\u00f1os de lucha \u2013 Los trabajadores del vidrio mexicanos se movilizan","og_description":"El quinto aniversario de la lucha del SUTEIVP, afiliado a la IndustriALL Global Union, por la readmisi\u00f3n y el reconocimiento del sindicato ser\u00e1 apoyado","og_url":"https:\/\/admin.industriall-union.org\/es\/cinco-anos-de-lucha-los-trabajadores-del-vidrio-mexicanos-se-movilizan\/","og_site_name":"industriall-union","article_modified_time":"2025-02-08T15:51:14+00:00","twitter_card":"summary_large_image","twitter_misc":{"Est. reading time":"3 minutes"},"schema":{"@context":"https:\/\/schema.org","@graph":[{"@type":"WebPage","@id":"https:\/\/admin.industriall-union.org\/es\/cinco-anos-de-lucha-los-trabajadores-del-vidrio-mexicanos-se-movilizan\/","url":"https:\/\/admin.industriall-union.org\/es\/cinco-anos-de-lucha-los-trabajadores-del-vidrio-mexicanos-se-movilizan\/","name":"Cinco a\u00f1os de lucha \u2013 Los trabajadores del vidrio mexicanos se movilizan - industriall-union","isPartOf":{"@id":"https:\/\/admin.industriall-union.org\/#website"},"datePublished":"2013-01-24T16:50:04+00:00","dateModified":"2025-02-08T15:51:14+00:00","description":"El quinto aniversario de la lucha del SUTEIVP, afiliado a la IndustriALL Global Union, por la readmisi\u00f3n y el reconocimiento del sindicato ser\u00e1 apoyado","breadcrumb":{"@id":"https:\/\/admin.industriall-union.org\/es\/cinco-anos-de-lucha-los-trabajadores-del-vidrio-mexicanos-se-movilizan\/#breadcrumb"},"inLanguage":"es-ES","potentialAction":[{"@type":"ReadAction","target":["https:\/\/admin.industriall-union.org\/es\/cinco-anos-de-lucha-los-trabajadores-del-vidrio-mexicanos-se-movilizan\/"]}]},{"@type":"BreadcrumbList","@id":"https:\/\/admin.industriall-union.org\/es\/cinco-anos-de-lucha-los-trabajadores-del-vidrio-mexicanos-se-movilizan\/#breadcrumb","itemListElement":[{"@type":"ListItem","position":1,"name":"Home","item":"https:\/\/admin.industriall-union.org\/"},{"@type":"ListItem","position":2,"name":"Articles","item":"https:\/\/admin.industriall-union.org\/article\/"},{"@type":"ListItem","position":3,"name":"Cinco a\u00f1os de lucha \u2013 Los trabajadores del vidrio mexicanos se movilizan"}]},{"@type":"WebSite","@id":"https:\/\/admin.industriall-union.org\/#website","url":"https:\/\/admin.industriall-union.org\/","name":"industriall-union","description":"","potentialAction":[{"@type":"SearchAction","target":{"@type":"EntryPoint","urlTemplate":"https:\/\/admin.industriall-union.org\/?s={search_term_string}"},"query-input":{"@type":"PropertyValueSpecification","valueRequired":true,"valueName":"search_term_string"}}],"inLanguage":"es-ES"}]}},"_links":{"self":[{"href":"https:\/\/admin.industriall-union.org\/es\/wp-json\/wp\/v2\/article\/174677","targetHints":{"allow":["GET"]}}],"collection":[{"href":"https:\/\/admin.industriall-union.org\/es\/wp-json\/wp\/v2\/article"}],"about":[{"href":"https:\/\/admin.industriall-union.org\/es\/wp-json\/wp\/v2\/types\/article"}],"wp:attachment":[{"href":"https:\/\/admin.industriall-union.org\/es\/wp-json\/wp\/v2\/media?parent=174677"}],"wp:term":[{"taxonomy":"issues","embeddable":true,"href":"https:\/\/admin.industriall-union.org\/es\/wp-json\/wp\/v2\/issues?post=174677"},{"taxonomy":"companies","embeddable":true,"href":"https:\/\/admin.industriall-union.org\/es\/wp-json\/wp\/v2\/companies?post=174677"},{"taxonomy":"regions","embeddable":true,"href":"https:\/\/admin.industriall-union.org\/es\/wp-json\/wp\/v2\/regions?post=174677"},{"taxonomy":"sectors","embeddable":true,"href":"https:\/\/admin.industriall-union.org\/es\/wp-json\/wp\/v2\/sectors?post=174677"},{"taxonomy":"article_tags","embeddable":true,"href":"https:\/\/admin.industriall-union.org\/es\/wp-json\/wp\/v2\/article_tags?post=174677"}],"curies":[{"name":"wp","href":"https:\/\/api.w.org\/{rel}","templated":true}]}}