{"id":174665,"date":"2013-01-31T09:40:53","date_gmt":"2013-01-31T09:40:53","guid":{"rendered":"https:\/\/admin.industriall-union.org\/nuevo-acuerdo-mundial-en-el-grupo-volvo\/"},"modified":"2025-02-08T15:45:17","modified_gmt":"2025-02-08T15:45:17","slug":"nuevo-acuerdo-mundial-en-el-grupo-volvo","status":"publish","type":"article","link":"https:\/\/admin.industriall-union.org\/es\/nuevo-acuerdo-mundial-en-el-grupo-volvo\/","title":{"rendered":"Nuevo acuerdo mundial en el Grupo Volvo"},"content":{"rendered":"<p>El Grupo Volvo tiene un acuerdo sobre un Comit\u00e9 de Trabajadores Europeo desde 1994. Desde 2002 se han celebrado reuniones mundiales cada dos a\u00f1os con representantes de plantas de Volvo de fuera de Europa. Se negoci\u00f3 que las reuniones mundiales se celebrar\u00edan de vez en cuando sobre la base de un entendimiento informal entre los sindicatos y la compa\u00f1\u00eda. La \u00faltima reuni\u00f3n mundial se celebr\u00f3 en noviembre de 2012 en Wroclaw (Polonia).<\/p><p>El nuevo acuerdo es v\u00e1lido desde comienzos de 2013, y supone un gran paso. Aunque no es un Acuerdo Marco Mundial, da a los sindicatos el derecho a reunirse todos los a\u00f1os a nivel mundial. La reuni\u00f3n tendr\u00e1 lugar todos los a\u00f1os en Europa en primavera, y ser\u00e1 un foro para tratar asuntos sindicales internos y asuntos de la compa\u00f1\u00eda. Uno de los d\u00edas se dedicar\u00e1 a consultas e informaci\u00f3n con la alta direcci\u00f3n, denominado Di\u00e1logo Mundial en Volvo.<\/p><p>&ldquo;Hace tiempo que los sindicatos de fuera de Europa esperan un acuerdo como este, y se sienten muy satisfechos de que podamos reunirnos una vez al a\u00f1o&rdquo;, dice Lars Ask, secretario internacional en el CEE de Volvo, y agrega: &ldquo;En el Grupo Volvo, casi la mitad de los empleados son de fuera de Europa, por lo que se trata decididamente de un paso en la buena direcci\u00f3n para el futuro.&rdquo;<\/p><p>El Comit\u00e9 de Trabajadores Europeo seguir\u00e1 celebrando reuniones regulares todos los a\u00f1os en Europa, en oto\u00f1o.<\/p>","protected":false},"featured_media":0,"template":"","issues":[409],"companies":[],"regions":[],"sectors":[482],"article_tags":[],"class_list":["post-174665","article","type-article","status-publish","hentry","issues-multinational-companies-mncs","sectors-automotive"],"acf":[],"yoast_head":"<!-- This site is optimized with the Yoast SEO Premium plugin v27.1 (Yoast SEO v27.1) - https:\/\/yoast.com\/product\/yoast-seo-premium-wordpress\/ -->\n<title>Nuevo acuerdo mundial en el Grupo Volvo - industriall-union<\/title>\n<meta name=\"description\" content=\"El Grupo Volvo tiene un acuerdo sobre un Comit\u00e9 de Trabajadores Europeo desde 1994. Desde 2002 se han celebrado reuniones mundiales cada dos a\u00f1os con\" \/>\n<meta name=\"robots\" content=\"index, follow, max-snippet:-1, max-image-preview:large, max-video-preview:-1\" \/>\n<link rel=\"canonical\" href=\"https:\/\/admin.industriall-union.org\/es\/nuevo-acuerdo-mundial-en-el-grupo-volvo\/\" \/>\n<meta property=\"og:locale\" content=\"es_ES\" \/>\n<meta property=\"og:type\" content=\"article\" \/>\n<meta property=\"og:title\" content=\"Nuevo acuerdo mundial en el Grupo Volvo\" \/>\n<meta property=\"og:description\" content=\"El Grupo Volvo tiene un acuerdo sobre un Comit\u00e9 de Trabajadores Europeo desde 1994. Desde 2002 se han celebrado reuniones mundiales cada dos a\u00f1os con\" \/>\n<meta property=\"og:url\" content=\"https:\/\/admin.industriall-union.org\/es\/nuevo-acuerdo-mundial-en-el-grupo-volvo\/\" \/>\n<meta property=\"og:site_name\" content=\"industriall-union\" \/>\n<meta property=\"article:modified_time\" content=\"2025-02-08T15:45:17+00:00\" \/>\n<meta name=\"twitter:card\" content=\"summary_large_image\" \/>\n<meta name=\"twitter:label1\" content=\"Est. reading time\" \/>\n\t<meta name=\"twitter:data1\" content=\"1 minute\" \/>\n<script type=\"application\/ld+json\" class=\"yoast-schema-graph\">{\"@context\":\"https:\/\/schema.org\",\"@graph\":[{\"@type\":\"WebPage\",\"@id\":\"https:\/\/admin.industriall-union.org\/es\/nuevo-acuerdo-mundial-en-el-grupo-volvo\/\",\"url\":\"https:\/\/admin.industriall-union.org\/es\/nuevo-acuerdo-mundial-en-el-grupo-volvo\/\",\"name\":\"Nuevo acuerdo mundial en el Grupo Volvo - industriall-union\",\"isPartOf\":{\"@id\":\"https:\/\/admin.industriall-union.org\/#website\"},\"datePublished\":\"2013-01-31T09:40:53+00:00\",\"dateModified\":\"2025-02-08T15:45:17+00:00\",\"description\":\"El Grupo Volvo tiene un acuerdo sobre un Comit\u00e9 de Trabajadores Europeo desde 1994. Desde 2002 se han celebrado reuniones mundiales cada dos a\u00f1os con\",\"breadcrumb\":{\"@id\":\"https:\/\/admin.industriall-union.org\/es\/nuevo-acuerdo-mundial-en-el-grupo-volvo\/#breadcrumb\"},\"inLanguage\":\"es-ES\",\"potentialAction\":[{\"@type\":\"ReadAction\",\"target\":[\"https:\/\/admin.industriall-union.org\/es\/nuevo-acuerdo-mundial-en-el-grupo-volvo\/\"]}]},{\"@type\":\"BreadcrumbList\",\"@id\":\"https:\/\/admin.industriall-union.org\/es\/nuevo-acuerdo-mundial-en-el-grupo-volvo\/#breadcrumb\",\"itemListElement\":[{\"@type\":\"ListItem\",\"position\":1,\"name\":\"Home\",\"item\":\"https:\/\/admin.industriall-union.org\/\"},{\"@type\":\"ListItem\",\"position\":2,\"name\":\"Articles\",\"item\":\"https:\/\/admin.industriall-union.org\/article\/\"},{\"@type\":\"ListItem\",\"position\":3,\"name\":\"Nuevo acuerdo mundial en el Grupo Volvo\"}]},{\"@type\":\"WebSite\",\"@id\":\"https:\/\/admin.industriall-union.org\/#website\",\"url\":\"https:\/\/admin.industriall-union.org\/\",\"name\":\"industriall-union\",\"description\":\"\",\"potentialAction\":[{\"@type\":\"SearchAction\",\"target\":{\"@type\":\"EntryPoint\",\"urlTemplate\":\"https:\/\/admin.industriall-union.org\/?s={search_term_string}\"},\"query-input\":{\"@type\":\"PropertyValueSpecification\",\"valueRequired\":true,\"valueName\":\"search_term_string\"}}],\"inLanguage\":\"es-ES\"}]}<\/script>\n<!-- \/ Yoast SEO Premium plugin. -->","yoast_head_json":{"title":"Nuevo acuerdo mundial en el Grupo Volvo - industriall-union","description":"El Grupo Volvo tiene un acuerdo sobre un Comit\u00e9 de Trabajadores Europeo desde 1994. Desde 2002 se han celebrado reuniones mundiales cada dos a\u00f1os con","robots":{"index":"index","follow":"follow","max-snippet":"max-snippet:-1","max-image-preview":"max-image-preview:large","max-video-preview":"max-video-preview:-1"},"canonical":"https:\/\/admin.industriall-union.org\/es\/nuevo-acuerdo-mundial-en-el-grupo-volvo\/","og_locale":"es_ES","og_type":"article","og_title":"Nuevo acuerdo mundial en el Grupo Volvo","og_description":"El Grupo Volvo tiene un acuerdo sobre un Comit\u00e9 de Trabajadores Europeo desde 1994. Desde 2002 se han celebrado reuniones mundiales cada dos a\u00f1os con","og_url":"https:\/\/admin.industriall-union.org\/es\/nuevo-acuerdo-mundial-en-el-grupo-volvo\/","og_site_name":"industriall-union","article_modified_time":"2025-02-08T15:45:17+00:00","twitter_card":"summary_large_image","twitter_misc":{"Est. reading time":"1 minute"},"schema":{"@context":"https:\/\/schema.org","@graph":[{"@type":"WebPage","@id":"https:\/\/admin.industriall-union.org\/es\/nuevo-acuerdo-mundial-en-el-grupo-volvo\/","url":"https:\/\/admin.industriall-union.org\/es\/nuevo-acuerdo-mundial-en-el-grupo-volvo\/","name":"Nuevo acuerdo mundial en el Grupo Volvo - industriall-union","isPartOf":{"@id":"https:\/\/admin.industriall-union.org\/#website"},"datePublished":"2013-01-31T09:40:53+00:00","dateModified":"2025-02-08T15:45:17+00:00","description":"El Grupo Volvo tiene un acuerdo sobre un Comit\u00e9 de Trabajadores Europeo desde 1994. Desde 2002 se han celebrado reuniones mundiales cada dos a\u00f1os con","breadcrumb":{"@id":"https:\/\/admin.industriall-union.org\/es\/nuevo-acuerdo-mundial-en-el-grupo-volvo\/#breadcrumb"},"inLanguage":"es-ES","potentialAction":[{"@type":"ReadAction","target":["https:\/\/admin.industriall-union.org\/es\/nuevo-acuerdo-mundial-en-el-grupo-volvo\/"]}]},{"@type":"BreadcrumbList","@id":"https:\/\/admin.industriall-union.org\/es\/nuevo-acuerdo-mundial-en-el-grupo-volvo\/#breadcrumb","itemListElement":[{"@type":"ListItem","position":1,"name":"Home","item":"https:\/\/admin.industriall-union.org\/"},{"@type":"ListItem","position":2,"name":"Articles","item":"https:\/\/admin.industriall-union.org\/article\/"},{"@type":"ListItem","position":3,"name":"Nuevo acuerdo mundial en el Grupo Volvo"}]},{"@type":"WebSite","@id":"https:\/\/admin.industriall-union.org\/#website","url":"https:\/\/admin.industriall-union.org\/","name":"industriall-union","description":"","potentialAction":[{"@type":"SearchAction","target":{"@type":"EntryPoint","urlTemplate":"https:\/\/admin.industriall-union.org\/?s={search_term_string}"},"query-input":{"@type":"PropertyValueSpecification","valueRequired":true,"valueName":"search_term_string"}}],"inLanguage":"es-ES"}]}},"_links":{"self":[{"href":"https:\/\/admin.industriall-union.org\/es\/wp-json\/wp\/v2\/article\/174665","targetHints":{"allow":["GET"]}}],"collection":[{"href":"https:\/\/admin.industriall-union.org\/es\/wp-json\/wp\/v2\/article"}],"about":[{"href":"https:\/\/admin.industriall-union.org\/es\/wp-json\/wp\/v2\/types\/article"}],"wp:attachment":[{"href":"https:\/\/admin.industriall-union.org\/es\/wp-json\/wp\/v2\/media?parent=174665"}],"wp:term":[{"taxonomy":"issues","embeddable":true,"href":"https:\/\/admin.industriall-union.org\/es\/wp-json\/wp\/v2\/issues?post=174665"},{"taxonomy":"companies","embeddable":true,"href":"https:\/\/admin.industriall-union.org\/es\/wp-json\/wp\/v2\/companies?post=174665"},{"taxonomy":"regions","embeddable":true,"href":"https:\/\/admin.industriall-union.org\/es\/wp-json\/wp\/v2\/regions?post=174665"},{"taxonomy":"sectors","embeddable":true,"href":"https:\/\/admin.industriall-union.org\/es\/wp-json\/wp\/v2\/sectors?post=174665"},{"taxonomy":"article_tags","embeddable":true,"href":"https:\/\/admin.industriall-union.org\/es\/wp-json\/wp\/v2\/article_tags?post=174665"}],"curies":[{"name":"wp","href":"https:\/\/api.w.org\/{rel}","templated":true}]}}