{"id":174536,"date":"2013-02-14T19:54:38","date_gmt":"2013-02-14T19:54:38","guid":{"rendered":"https:\/\/admin.industriall-union.org\/los-dias-de-accion-sobre-mexico-arrancan-con-fuerza\/"},"modified":"2025-02-08T14:57:53","modified_gmt":"2025-02-08T14:57:53","slug":"los-dias-de-accion-sobre-mexico-arrancan-con-fuerza","status":"publish","type":"article","link":"https:\/\/admin.industriall-union.org\/es\/los-dias-de-accion-sobre-mexico-arrancan-con-fuerza\/","title":{"rendered":"Los d\u00edas de acci\u00f3n sobre M\u00e9xico arrancan con fuerza"},"content":{"rendered":"<p>La IndustriALL Global Union y LabourStart iniciaron la campa\u00f1a por que <a href=\"http:\/\/www.labourstartcampaigns.net\/show_campaign.cgi?c=1726\">los trabajadores de PKC elijan su propio sindicato<\/a> el 11 de febrero, como preludio de la semana de acci\u00f3n. Ya se han enviado casi 7.000 correos electr\u00f3nicos al director ejecutivo de PKC en Finlandia solicitando la readmisi\u00f3n de los dirigentes de Los Mineros despedidos y los derechos sindicales en las plantas de PKC en Ciudad Acu\u00f1a (M\u00e9xico). Puede enviar su mensaje desde aqu\u00ed:&nbsp;<a href=\"http:\/\/www.labourstartcampaigns.net\/show_campaign.cgi?c=1726\">http:\/\/www.labourstartcampaigns.net\/show_campaign.cgi?c=1726<\/a><\/p><p>PKC despidi\u00f3 a m\u00e1s de 100 simpatizantes sindicales, entre ellos todo el comit\u00e9 del sindicato, en diciembre de 2012 por hacer campa\u00f1a para la elecci\u00f3n de un sindicato independiente, el Sindicato Nacional de Trabajadores Mineros y Metal\u00fargicos (conocido como Los Mineros), en sus plantas en Ciudad Acu\u00f1a (M\u00e9xico). Diez de los dirigentes sindicales despedidos rechazaron la indemnizaci\u00f3n de despido y, junto con otro dirigente despedido en abril de 2012, <a href=\"http:\/\/www.industriall-union.org\/es\/huelga-de-hambre-en-pkc-en-mexico\">est\u00e1n luchando por la readmisi\u00f3n<\/a> y el derecho a estar representados por un sindicato elegido democr\u00e1ticamente en la planta.<\/p><p>Mientras tanto, el Sindicato Mexicano de Electricistas (SME) est\u00e1 celebrando una importante victoria pol\u00edtica tras la reanudaci\u00f3n de las negociaciones con el Gobierno el 13 de febrero de 2013, y de la liberaci\u00f3n de 9 de los 10 miembros detenidos durante m\u00e1s de 1 a\u00f1o y 10 meses. Todav\u00eda no se ha logrado la libertad de Jorge Ulises Uribe.<\/p><p>El sindicato est\u00e1 tratando de que vuelvan al trabajo los 16.599 empleados de Luz y Fuerza del Centro (LyFC) que no aceptaron un arreglo desde que fueron despedidos el 10 de octubre&nbsp; de 2009. En un intento de aplastar al sindicato democr\u00e1tico m\u00e1s antiguo de M\u00e9xico, el SME, el presidente anterior Felipe Calder\u00f3n utiliz\u00f3 una orden ejecutiva para cerrar de repente la compa\u00f1\u00eda de servicios p\u00fablicos, despidiendo a los 44.000 trabajadores. El SME est\u00e1 luchando desde entonces por la readmisi\u00f3n de esos trabajadores.<\/p><p>Martin Esparza, secretario general del SME, explic\u00f3 que el 20 de febrero el sindicato y funcionarios gubernamentales se reunir\u00e1n para discutir la soluci\u00f3n de sus demandas. &ldquo;El conflicto es pol\u00edtico y ha de resolverse aqu\u00ed con el Gobierno; entendemos que no va a resolverse por la v\u00eda legal sino por la pol\u00edtica &hellip; Es un conflicto social que el Gobierno est\u00e1 obligado a resolver, no hay alternativa, la sentencia del Tribunal Supremo (de 30 de enero) no resuelve el conflicto. Esto est\u00e1 muy claro, y lo entienden&rdquo;, dijo Martin Esparza, tras una reuni\u00f3n con el director del Gobierno.<\/p><p>La IndustriALL Global Union acoge con satisfacci\u00f3n la libertad de los presos y la reanudaci\u00f3n de las negociaciones.<\/p><p>&quot;En este mes de febrero utilizaremos nuestra solidaridad internacional para marcar una verdadera diferencia en la situaci\u00f3n de los trabajadores mexicanos que afrontan a diario las violaciones de sus derechos&rdquo;, dijo el secretario general de la IndustriALL, Jyrki Raina.<\/p><p>En <a href=\"http:\/\/www.industriall-union.org\/es\/temas\/solidaridad\/campana-mexico\">www.industriall-union.org\/mexico-campaign<\/a> se puede obtener m\u00e1s informaci\u00f3n y materiales de campa\u00f1a para los D\u00edas de Acci\u00f3n sobre M\u00e9xico, del 18 al 24 de febrero de 2013.<\/p>","protected":false},"featured_media":0,"template":"","issues":[421],"companies":[],"regions":[275],"sectors":[482,483],"article_tags":[],"class_list":["post-174536","article","type-article","status-publish","hentry","issues-mexico-campaign","regions-mexico","sectors-automotive","sectors-energy-oil-gas-electricity-and-nuclear"],"acf":[],"yoast_head":"<!-- This site is optimized with the Yoast SEO Premium plugin v27.1 (Yoast SEO v27.1) - https:\/\/yoast.com\/product\/yoast-seo-premium-wordpress\/ -->\n<title>Los d\u00edas de acci\u00f3n sobre M\u00e9xico arrancan con fuerza - industriall-union<\/title>\n<meta name=\"description\" content=\"La IndustriALL Global Union y LabourStart iniciaron la campa\u00f1a por que los trabajadores de PKC elijan su propio sindicato el 11 de febrero, como preludio\" \/>\n<meta name=\"robots\" content=\"index, follow, max-snippet:-1, max-image-preview:large, max-video-preview:-1\" \/>\n<link rel=\"canonical\" href=\"https:\/\/admin.industriall-union.org\/es\/los-dias-de-accion-sobre-mexico-arrancan-con-fuerza\/\" \/>\n<meta property=\"og:locale\" content=\"es_ES\" \/>\n<meta property=\"og:type\" content=\"article\" \/>\n<meta property=\"og:title\" content=\"Los d\u00edas de acci\u00f3n sobre M\u00e9xico arrancan con fuerza\" \/>\n<meta property=\"og:description\" content=\"La IndustriALL Global Union y LabourStart iniciaron la campa\u00f1a por que los trabajadores de PKC elijan su propio sindicato el 11 de febrero, como preludio\" \/>\n<meta property=\"og:url\" content=\"https:\/\/admin.industriall-union.org\/es\/los-dias-de-accion-sobre-mexico-arrancan-con-fuerza\/\" \/>\n<meta property=\"og:site_name\" content=\"industriall-union\" \/>\n<meta property=\"article:modified_time\" content=\"2025-02-08T14:57:53+00:00\" \/>\n<meta name=\"twitter:card\" content=\"summary_large_image\" \/>\n<meta name=\"twitter:label1\" content=\"Est. reading time\" \/>\n\t<meta name=\"twitter:data1\" content=\"3 minutes\" \/>\n<script type=\"application\/ld+json\" class=\"yoast-schema-graph\">{\"@context\":\"https:\/\/schema.org\",\"@graph\":[{\"@type\":\"WebPage\",\"@id\":\"https:\/\/admin.industriall-union.org\/es\/los-dias-de-accion-sobre-mexico-arrancan-con-fuerza\/\",\"url\":\"https:\/\/admin.industriall-union.org\/es\/los-dias-de-accion-sobre-mexico-arrancan-con-fuerza\/\",\"name\":\"Los d\u00edas de acci\u00f3n sobre M\u00e9xico arrancan con fuerza - industriall-union\",\"isPartOf\":{\"@id\":\"https:\/\/admin.industriall-union.org\/ru\/#website\"},\"datePublished\":\"2013-02-14T19:54:38+00:00\",\"dateModified\":\"2025-02-08T14:57:53+00:00\",\"description\":\"La IndustriALL Global Union y LabourStart iniciaron la campa\u00f1a por que los trabajadores de PKC elijan su propio sindicato el 11 de febrero, como preludio\",\"breadcrumb\":{\"@id\":\"https:\/\/admin.industriall-union.org\/es\/los-dias-de-accion-sobre-mexico-arrancan-con-fuerza\/#breadcrumb\"},\"inLanguage\":\"es-ES\",\"potentialAction\":[{\"@type\":\"ReadAction\",\"target\":[\"https:\/\/admin.industriall-union.org\/es\/los-dias-de-accion-sobre-mexico-arrancan-con-fuerza\/\"]}]},{\"@type\":\"BreadcrumbList\",\"@id\":\"https:\/\/admin.industriall-union.org\/es\/los-dias-de-accion-sobre-mexico-arrancan-con-fuerza\/#breadcrumb\",\"itemListElement\":[{\"@type\":\"ListItem\",\"position\":1,\"name\":\"Home\",\"item\":\"https:\/\/admin.industriall-union.org\/ru\/\"},{\"@type\":\"ListItem\",\"position\":2,\"name\":\"Articles\",\"item\":\"https:\/\/admin.industriall-union.org\/ru\/article\/\"},{\"@type\":\"ListItem\",\"position\":3,\"name\":\"Los d\u00edas de acci\u00f3n sobre M\u00e9xico arrancan con fuerza\"}]},{\"@type\":\"WebSite\",\"@id\":\"https:\/\/admin.industriall-union.org\/ru\/#website\",\"url\":\"https:\/\/admin.industriall-union.org\/ru\/\",\"name\":\"industriall-union\",\"description\":\"\",\"potentialAction\":[{\"@type\":\"SearchAction\",\"target\":{\"@type\":\"EntryPoint\",\"urlTemplate\":\"https:\/\/admin.industriall-union.org\/ru\/?s={search_term_string}\"},\"query-input\":{\"@type\":\"PropertyValueSpecification\",\"valueRequired\":true,\"valueName\":\"search_term_string\"}}],\"inLanguage\":\"es-ES\"}]}<\/script>\n<!-- \/ Yoast SEO Premium plugin. -->","yoast_head_json":{"title":"Los d\u00edas de acci\u00f3n sobre M\u00e9xico arrancan con fuerza - industriall-union","description":"La IndustriALL Global Union y LabourStart iniciaron la campa\u00f1a por que los trabajadores de PKC elijan su propio sindicato el 11 de febrero, como preludio","robots":{"index":"index","follow":"follow","max-snippet":"max-snippet:-1","max-image-preview":"max-image-preview:large","max-video-preview":"max-video-preview:-1"},"canonical":"https:\/\/admin.industriall-union.org\/es\/los-dias-de-accion-sobre-mexico-arrancan-con-fuerza\/","og_locale":"es_ES","og_type":"article","og_title":"Los d\u00edas de acci\u00f3n sobre M\u00e9xico arrancan con fuerza","og_description":"La IndustriALL Global Union y LabourStart iniciaron la campa\u00f1a por que los trabajadores de PKC elijan su propio sindicato el 11 de febrero, como preludio","og_url":"https:\/\/admin.industriall-union.org\/es\/los-dias-de-accion-sobre-mexico-arrancan-con-fuerza\/","og_site_name":"industriall-union","article_modified_time":"2025-02-08T14:57:53+00:00","twitter_card":"summary_large_image","twitter_misc":{"Est. reading time":"3 minutes"},"schema":{"@context":"https:\/\/schema.org","@graph":[{"@type":"WebPage","@id":"https:\/\/admin.industriall-union.org\/es\/los-dias-de-accion-sobre-mexico-arrancan-con-fuerza\/","url":"https:\/\/admin.industriall-union.org\/es\/los-dias-de-accion-sobre-mexico-arrancan-con-fuerza\/","name":"Los d\u00edas de acci\u00f3n sobre M\u00e9xico arrancan con fuerza - industriall-union","isPartOf":{"@id":"https:\/\/admin.industriall-union.org\/ru\/#website"},"datePublished":"2013-02-14T19:54:38+00:00","dateModified":"2025-02-08T14:57:53+00:00","description":"La IndustriALL Global Union y LabourStart iniciaron la campa\u00f1a por que los trabajadores de PKC elijan su propio sindicato el 11 de febrero, como preludio","breadcrumb":{"@id":"https:\/\/admin.industriall-union.org\/es\/los-dias-de-accion-sobre-mexico-arrancan-con-fuerza\/#breadcrumb"},"inLanguage":"es-ES","potentialAction":[{"@type":"ReadAction","target":["https:\/\/admin.industriall-union.org\/es\/los-dias-de-accion-sobre-mexico-arrancan-con-fuerza\/"]}]},{"@type":"BreadcrumbList","@id":"https:\/\/admin.industriall-union.org\/es\/los-dias-de-accion-sobre-mexico-arrancan-con-fuerza\/#breadcrumb","itemListElement":[{"@type":"ListItem","position":1,"name":"Home","item":"https:\/\/admin.industriall-union.org\/ru\/"},{"@type":"ListItem","position":2,"name":"Articles","item":"https:\/\/admin.industriall-union.org\/ru\/article\/"},{"@type":"ListItem","position":3,"name":"Los d\u00edas de acci\u00f3n sobre M\u00e9xico arrancan con fuerza"}]},{"@type":"WebSite","@id":"https:\/\/admin.industriall-union.org\/ru\/#website","url":"https:\/\/admin.industriall-union.org\/ru\/","name":"industriall-union","description":"","potentialAction":[{"@type":"SearchAction","target":{"@type":"EntryPoint","urlTemplate":"https:\/\/admin.industriall-union.org\/ru\/?s={search_term_string}"},"query-input":{"@type":"PropertyValueSpecification","valueRequired":true,"valueName":"search_term_string"}}],"inLanguage":"es-ES"}]}},"_links":{"self":[{"href":"https:\/\/admin.industriall-union.org\/es\/wp-json\/wp\/v2\/article\/174536","targetHints":{"allow":["GET"]}}],"collection":[{"href":"https:\/\/admin.industriall-union.org\/es\/wp-json\/wp\/v2\/article"}],"about":[{"href":"https:\/\/admin.industriall-union.org\/es\/wp-json\/wp\/v2\/types\/article"}],"wp:attachment":[{"href":"https:\/\/admin.industriall-union.org\/es\/wp-json\/wp\/v2\/media?parent=174536"}],"wp:term":[{"taxonomy":"issues","embeddable":true,"href":"https:\/\/admin.industriall-union.org\/es\/wp-json\/wp\/v2\/issues?post=174536"},{"taxonomy":"companies","embeddable":true,"href":"https:\/\/admin.industriall-union.org\/es\/wp-json\/wp\/v2\/companies?post=174536"},{"taxonomy":"regions","embeddable":true,"href":"https:\/\/admin.industriall-union.org\/es\/wp-json\/wp\/v2\/regions?post=174536"},{"taxonomy":"sectors","embeddable":true,"href":"https:\/\/admin.industriall-union.org\/es\/wp-json\/wp\/v2\/sectors?post=174536"},{"taxonomy":"article_tags","embeddable":true,"href":"https:\/\/admin.industriall-union.org\/es\/wp-json\/wp\/v2\/article_tags?post=174536"}],"curies":[{"name":"wp","href":"https:\/\/api.w.org\/{rel}","templated":true}]}}