{"id":174529,"date":"2013-02-18T13:25:24","date_gmt":"2013-02-18T13:25:24","guid":{"rendered":"https:\/\/admin.industriall-union.org\/actuemos-solidariamente-con-los-trabajadores-mexicanos-de-bata\/"},"modified":"2025-02-08T14:53:05","modified_gmt":"2025-02-08T14:53:05","slug":"actuemos-solidariamente-con-los-trabajadores-mexicanos-de-bata","status":"publish","type":"article","link":"https:\/\/admin.industriall-union.org\/es\/actuemos-solidariamente-con-los-trabajadores-mexicanos-de-bata\/","title":{"rendered":"Actuemos solidariamente con los trabajadores mexicanos de Bata"},"content":{"rendered":"<p>El Sindicato \u00danico de Trabajadores de Calzado Sandak se mantiene firme. Exige que la f\u00e1brica vuelva a abrir, y desde hace dieciocho meses vigila desde el exterior la planta de Bata en Tlaxcala, al este de M\u00e9xico, d\u00eda y noche para impedir que se lleven la maquinaria. A pesar de las inmensas dificultades que afrontan, esos valientes sindicalistas est\u00e1n decididos a continuar su lucha. Env\u00eden sus mensajes de solidaridad desde todo el mundo y h\u00e1ganles saber que no luchan solos.<\/p><p>Los problemas en Calzado Sandak empezaron en diciembre de 2010, con lo que, al principio, parec\u00eda ser una buena noticia: la compa\u00f1\u00eda ofrec\u00eda entablar negociaciones sobre sueldos y trabajo a destajo sin esperar a que expirara el convenio colectivo. Pero, al despedir luego la compa\u00f1\u00eda a la mitad de los trabajadores y obligarles a renunciar para retener los salarios pendientes de pago, result\u00f3 evidente que los aumentos salariales hab\u00edan sido una tentativa para justificar la reducci\u00f3n de operaciones por los crecientes costos de la mano de obra.<\/p><p>En julio de 2011, apenas dos semanas despu\u00e9s de firmar un acuerdo con el sindicato sobre seguridad de empleo, la compa\u00f1\u00eda despidi\u00f3 a los trabajadores restantes, sin pagarles dos semanas de sueldo, y les ofreci\u00f3 la posibilidad de trabajar a domicilio o cobrar una indemnizaci\u00f3n. El calzado de Bata se fabrica ahora por trabajadores a domicilio y en peque\u00f1os talleres, en condiciones antirreglamentarias, incluida la utilizaci\u00f3n de mano de obra infantil.<\/p><p>La compa\u00f1\u00eda opt\u00f3 por hacer caso omiso de la ley, seg\u00fan la cual ten\u00eda que haber obtenido primero la aprobaci\u00f3n de las autoridades laborales, sobre la base de un examen de los resultados de la compa\u00f1\u00eda y de una evaluaci\u00f3n de si el cierre estaba justificado.<\/p><p>Los miembros sindicales se mantienen firmes en su petici\u00f3n de que se reabra la planta. Muchos de ellos est\u00e1n enfermos, como resultado de varios a\u00f1os de utilizaci\u00f3n de sustancias t\u00f3xicas sin protecci\u00f3n, y ahora se les ha negado la atenci\u00f3n m\u00e9dica porque la compa\u00f1\u00eda les ha privado de su seguridad social.<\/p><p>Esto ha tenido consecuencias tr\u00e1gicas. En agosto, uno de los trabajadores en huelga, Mar\u00eda Luisa Hern\u00e1ndez Moreno, diab\u00e9tica, fue golpeada por un guarda de seguridad. Jam\u00e1s se recuper\u00f3, y al no recibir atenci\u00f3n m\u00e9dica su salud se deterior\u00f3. Seis meses despu\u00e9s falleci\u00f3.<\/p><p>El sindicato pide que Calzado Sendak reabra y negocie de buena fe con el sindicato, y que hasta que eso suceda la compa\u00f1\u00eda siga haciendo sus contribuciones a la seguridad social. La IndustriALL Global Union apoya plenamente esas demandas.<\/p><p>Bata est\u00e1 acusada tambi\u00e9n de graves violaciones de los derechos sindicales de sus empleados en Malasia, Kenia y Sud\u00e1frica.<\/p><p>Env\u00eden sus mensajes de solidaridad a los trabajadores por correo electr\u00f3nico desde esta p\u00e1gina web o suban un videomensaje de apoyo en youtube. Contacto para m\u00e1s informaci\u00f3n: <a href=\"mailto:press@industriall-union.org\">press@industriall-union.org<\/a>.<\/p>","protected":false},"featured_media":0,"template":"","issues":[406,421,420,424,425],"companies":[],"regions":[275],"sectors":[467],"article_tags":[],"class_list":["post-174529","article","type-article","status-publish","hentry","issues-confronting-global-capital","issues-mexico-campaign","issues-solidarity","issues-violation","issues-workers-rights","regions-mexico","sectors-shoes-industry"],"acf":[],"yoast_head":"<!-- This site is optimized with the Yoast SEO Premium plugin v27.1 (Yoast SEO v27.1) - https:\/\/yoast.com\/product\/yoast-seo-premium-wordpress\/ -->\n<title>Actuemos solidariamente con los trabajadores mexicanos de Bata - industriall-union<\/title>\n<meta name=\"description\" content=\"El Sindicato \u00danico de Trabajadores de Calzado Sandak se mantiene firme. Exige que la f\u00e1brica vuelva a abrir, y desde hace dieciocho meses vigila desde el\" \/>\n<meta name=\"robots\" content=\"index, follow, max-snippet:-1, max-image-preview:large, max-video-preview:-1\" \/>\n<link rel=\"canonical\" href=\"https:\/\/admin.industriall-union.org\/es\/actuemos-solidariamente-con-los-trabajadores-mexicanos-de-bata\/\" \/>\n<meta property=\"og:locale\" content=\"es_ES\" \/>\n<meta property=\"og:type\" content=\"article\" \/>\n<meta property=\"og:title\" content=\"Actuemos solidariamente con los trabajadores mexicanos de Bata\" \/>\n<meta property=\"og:description\" content=\"El Sindicato \u00danico de Trabajadores de Calzado Sandak se mantiene firme. Exige que la f\u00e1brica vuelva a abrir, y desde hace dieciocho meses vigila desde el\" \/>\n<meta property=\"og:url\" content=\"https:\/\/admin.industriall-union.org\/es\/actuemos-solidariamente-con-los-trabajadores-mexicanos-de-bata\/\" \/>\n<meta property=\"og:site_name\" content=\"industriall-union\" \/>\n<meta property=\"article:modified_time\" content=\"2025-02-08T14:53:05+00:00\" \/>\n<meta name=\"twitter:card\" content=\"summary_large_image\" \/>\n<meta name=\"twitter:label1\" content=\"Est. reading time\" \/>\n\t<meta name=\"twitter:data1\" content=\"3 minutes\" \/>\n<script type=\"application\/ld+json\" class=\"yoast-schema-graph\">{\"@context\":\"https:\/\/schema.org\",\"@graph\":[{\"@type\":\"WebPage\",\"@id\":\"https:\/\/admin.industriall-union.org\/es\/actuemos-solidariamente-con-los-trabajadores-mexicanos-de-bata\/\",\"url\":\"https:\/\/admin.industriall-union.org\/es\/actuemos-solidariamente-con-los-trabajadores-mexicanos-de-bata\/\",\"name\":\"Actuemos solidariamente con los trabajadores mexicanos de Bata - industriall-union\",\"isPartOf\":{\"@id\":\"https:\/\/admin.industriall-union.org\/#website\"},\"datePublished\":\"2013-02-18T13:25:24+00:00\",\"dateModified\":\"2025-02-08T14:53:05+00:00\",\"description\":\"El Sindicato \u00danico de Trabajadores de Calzado Sandak se mantiene firme. Exige que la f\u00e1brica vuelva a abrir, y desde hace dieciocho meses vigila desde el\",\"breadcrumb\":{\"@id\":\"https:\/\/admin.industriall-union.org\/es\/actuemos-solidariamente-con-los-trabajadores-mexicanos-de-bata\/#breadcrumb\"},\"inLanguage\":\"es-ES\",\"potentialAction\":[{\"@type\":\"ReadAction\",\"target\":[\"https:\/\/admin.industriall-union.org\/es\/actuemos-solidariamente-con-los-trabajadores-mexicanos-de-bata\/\"]}]},{\"@type\":\"BreadcrumbList\",\"@id\":\"https:\/\/admin.industriall-union.org\/es\/actuemos-solidariamente-con-los-trabajadores-mexicanos-de-bata\/#breadcrumb\",\"itemListElement\":[{\"@type\":\"ListItem\",\"position\":1,\"name\":\"Home\",\"item\":\"https:\/\/admin.industriall-union.org\/\"},{\"@type\":\"ListItem\",\"position\":2,\"name\":\"Articles\",\"item\":\"https:\/\/admin.industriall-union.org\/article\/\"},{\"@type\":\"ListItem\",\"position\":3,\"name\":\"Actuemos solidariamente con los trabajadores mexicanos de Bata\"}]},{\"@type\":\"WebSite\",\"@id\":\"https:\/\/admin.industriall-union.org\/#website\",\"url\":\"https:\/\/admin.industriall-union.org\/\",\"name\":\"industriall-union\",\"description\":\"\",\"potentialAction\":[{\"@type\":\"SearchAction\",\"target\":{\"@type\":\"EntryPoint\",\"urlTemplate\":\"https:\/\/admin.industriall-union.org\/?s={search_term_string}\"},\"query-input\":{\"@type\":\"PropertyValueSpecification\",\"valueRequired\":true,\"valueName\":\"search_term_string\"}}],\"inLanguage\":\"es-ES\"}]}<\/script>\n<!-- \/ Yoast SEO Premium plugin. -->","yoast_head_json":{"title":"Actuemos solidariamente con los trabajadores mexicanos de Bata - industriall-union","description":"El Sindicato \u00danico de Trabajadores de Calzado Sandak se mantiene firme. Exige que la f\u00e1brica vuelva a abrir, y desde hace dieciocho meses vigila desde el","robots":{"index":"index","follow":"follow","max-snippet":"max-snippet:-1","max-image-preview":"max-image-preview:large","max-video-preview":"max-video-preview:-1"},"canonical":"https:\/\/admin.industriall-union.org\/es\/actuemos-solidariamente-con-los-trabajadores-mexicanos-de-bata\/","og_locale":"es_ES","og_type":"article","og_title":"Actuemos solidariamente con los trabajadores mexicanos de Bata","og_description":"El Sindicato \u00danico de Trabajadores de Calzado Sandak se mantiene firme. Exige que la f\u00e1brica vuelva a abrir, y desde hace dieciocho meses vigila desde el","og_url":"https:\/\/admin.industriall-union.org\/es\/actuemos-solidariamente-con-los-trabajadores-mexicanos-de-bata\/","og_site_name":"industriall-union","article_modified_time":"2025-02-08T14:53:05+00:00","twitter_card":"summary_large_image","twitter_misc":{"Est. reading time":"3 minutes"},"schema":{"@context":"https:\/\/schema.org","@graph":[{"@type":"WebPage","@id":"https:\/\/admin.industriall-union.org\/es\/actuemos-solidariamente-con-los-trabajadores-mexicanos-de-bata\/","url":"https:\/\/admin.industriall-union.org\/es\/actuemos-solidariamente-con-los-trabajadores-mexicanos-de-bata\/","name":"Actuemos solidariamente con los trabajadores mexicanos de Bata - industriall-union","isPartOf":{"@id":"https:\/\/admin.industriall-union.org\/#website"},"datePublished":"2013-02-18T13:25:24+00:00","dateModified":"2025-02-08T14:53:05+00:00","description":"El Sindicato \u00danico de Trabajadores de Calzado Sandak se mantiene firme. Exige que la f\u00e1brica vuelva a abrir, y desde hace dieciocho meses vigila desde el","breadcrumb":{"@id":"https:\/\/admin.industriall-union.org\/es\/actuemos-solidariamente-con-los-trabajadores-mexicanos-de-bata\/#breadcrumb"},"inLanguage":"es-ES","potentialAction":[{"@type":"ReadAction","target":["https:\/\/admin.industriall-union.org\/es\/actuemos-solidariamente-con-los-trabajadores-mexicanos-de-bata\/"]}]},{"@type":"BreadcrumbList","@id":"https:\/\/admin.industriall-union.org\/es\/actuemos-solidariamente-con-los-trabajadores-mexicanos-de-bata\/#breadcrumb","itemListElement":[{"@type":"ListItem","position":1,"name":"Home","item":"https:\/\/admin.industriall-union.org\/"},{"@type":"ListItem","position":2,"name":"Articles","item":"https:\/\/admin.industriall-union.org\/article\/"},{"@type":"ListItem","position":3,"name":"Actuemos solidariamente con los trabajadores mexicanos de Bata"}]},{"@type":"WebSite","@id":"https:\/\/admin.industriall-union.org\/#website","url":"https:\/\/admin.industriall-union.org\/","name":"industriall-union","description":"","potentialAction":[{"@type":"SearchAction","target":{"@type":"EntryPoint","urlTemplate":"https:\/\/admin.industriall-union.org\/?s={search_term_string}"},"query-input":{"@type":"PropertyValueSpecification","valueRequired":true,"valueName":"search_term_string"}}],"inLanguage":"es-ES"}]}},"_links":{"self":[{"href":"https:\/\/admin.industriall-union.org\/es\/wp-json\/wp\/v2\/article\/174529","targetHints":{"allow":["GET"]}}],"collection":[{"href":"https:\/\/admin.industriall-union.org\/es\/wp-json\/wp\/v2\/article"}],"about":[{"href":"https:\/\/admin.industriall-union.org\/es\/wp-json\/wp\/v2\/types\/article"}],"wp:attachment":[{"href":"https:\/\/admin.industriall-union.org\/es\/wp-json\/wp\/v2\/media?parent=174529"}],"wp:term":[{"taxonomy":"issues","embeddable":true,"href":"https:\/\/admin.industriall-union.org\/es\/wp-json\/wp\/v2\/issues?post=174529"},{"taxonomy":"companies","embeddable":true,"href":"https:\/\/admin.industriall-union.org\/es\/wp-json\/wp\/v2\/companies?post=174529"},{"taxonomy":"regions","embeddable":true,"href":"https:\/\/admin.industriall-union.org\/es\/wp-json\/wp\/v2\/regions?post=174529"},{"taxonomy":"sectors","embeddable":true,"href":"https:\/\/admin.industriall-union.org\/es\/wp-json\/wp\/v2\/sectors?post=174529"},{"taxonomy":"article_tags","embeddable":true,"href":"https:\/\/admin.industriall-union.org\/es\/wp-json\/wp\/v2\/article_tags?post=174529"}],"curies":[{"name":"wp","href":"https:\/\/api.w.org\/{rel}","templated":true}]}}