{"id":174519,"date":"2013-02-21T08:49:38","date_gmt":"2013-02-21T08:49:38","guid":{"rendered":"https:\/\/admin.industriall-union.org\/protesta-de-ituc-tuca-ante-el-consulado-mexicano-en-sao-paulo\/"},"modified":"2025-02-08T14:48:24","modified_gmt":"2025-02-08T14:48:24","slug":"protesta-de-ituc-tuca-ante-el-consulado-mexicano-en-sao-paulo","status":"publish","type":"article","link":"https:\/\/admin.industriall-union.org\/es\/protesta-de-ituc-tuca-ante-el-consulado-mexicano-en-sao-paulo\/","title":{"rendered":"Protesta de ITUC-TUCA ante el consulado mexicano en S\u00e3o Paulo"},"content":{"rendered":"<p>El 20 de febrero, sindicatos nacionales e internacionales se manifestaron conjuntamente ante el consulado mexicano en S\u00e3o Paulo.<\/p><p>V\u00e9ase aqu\u00ed una <a href=\"\/wp-content\/uploads\/documents\/Mexico2013\/cnm_cut_letter_to_pkc.pdf#overlay-context=ituc-tuca-protest-at-mexican-consulate-in-sao-paulo\">carta de la&nbsp;CNM-CUT a PKC<\/a> en solidaridad con Los Mineros, que trata de organizarse all\u00ed.<\/p>","protected":false},"featured_media":0,"template":"","issues":[421],"companies":[],"regions":[261,275],"sectors":[],"article_tags":[],"class_list":["post-174519","article","type-article","status-publish","hentry","issues-mexico-campaign","regions-brazil","regions-mexico"],"acf":[],"yoast_head":"<!-- This site is optimized with the Yoast SEO Premium plugin v27.1 (Yoast SEO v27.1) - https:\/\/yoast.com\/product\/yoast-seo-premium-wordpress\/ -->\n<title>Protesta de ITUC-TUCA ante el consulado mexicano en S\u00e3o Paulo - industriall-union<\/title>\n<meta name=\"description\" content=\"El 20 de febrero, sindicatos nacionales e internacionales se manifestaron conjuntamente ante el consulado mexicano en S\u00e3o Paulo.V\u00e9ase aqu\u00ed una carta de\" \/>\n<meta name=\"robots\" content=\"index, follow, max-snippet:-1, max-image-preview:large, max-video-preview:-1\" \/>\n<link rel=\"canonical\" href=\"https:\/\/admin.industriall-union.org\/es\/protesta-de-ituc-tuca-ante-el-consulado-mexicano-en-sao-paulo\/\" \/>\n<meta property=\"og:locale\" content=\"es_ES\" \/>\n<meta property=\"og:type\" content=\"article\" \/>\n<meta property=\"og:title\" content=\"Protesta de ITUC-TUCA ante el consulado mexicano en S\u00e3o Paulo\" \/>\n<meta property=\"og:description\" content=\"El 20 de febrero, sindicatos nacionales e internacionales se manifestaron conjuntamente ante el consulado mexicano en S\u00e3o Paulo.V\u00e9ase aqu\u00ed una carta de\" \/>\n<meta property=\"og:url\" content=\"https:\/\/admin.industriall-union.org\/es\/protesta-de-ituc-tuca-ante-el-consulado-mexicano-en-sao-paulo\/\" \/>\n<meta property=\"og:site_name\" content=\"industriall-union\" \/>\n<meta property=\"article:modified_time\" content=\"2025-02-08T14:48:24+00:00\" \/>\n<meta name=\"twitter:card\" content=\"summary_large_image\" \/>\n<script type=\"application\/ld+json\" class=\"yoast-schema-graph\">{\"@context\":\"https:\/\/schema.org\",\"@graph\":[{\"@type\":\"WebPage\",\"@id\":\"https:\/\/admin.industriall-union.org\/es\/protesta-de-ituc-tuca-ante-el-consulado-mexicano-en-sao-paulo\/\",\"url\":\"https:\/\/admin.industriall-union.org\/es\/protesta-de-ituc-tuca-ante-el-consulado-mexicano-en-sao-paulo\/\",\"name\":\"Protesta de ITUC-TUCA ante el consulado mexicano en S\u00e3o Paulo - industriall-union\",\"isPartOf\":{\"@id\":\"https:\/\/admin.industriall-union.org\/#website\"},\"datePublished\":\"2013-02-21T08:49:38+00:00\",\"dateModified\":\"2025-02-08T14:48:24+00:00\",\"description\":\"El 20 de febrero, sindicatos nacionales e internacionales se manifestaron conjuntamente ante el consulado mexicano en S\u00e3o Paulo.V\u00e9ase aqu\u00ed una carta de\",\"breadcrumb\":{\"@id\":\"https:\/\/admin.industriall-union.org\/es\/protesta-de-ituc-tuca-ante-el-consulado-mexicano-en-sao-paulo\/#breadcrumb\"},\"inLanguage\":\"es-ES\",\"potentialAction\":[{\"@type\":\"ReadAction\",\"target\":[\"https:\/\/admin.industriall-union.org\/es\/protesta-de-ituc-tuca-ante-el-consulado-mexicano-en-sao-paulo\/\"]}]},{\"@type\":\"BreadcrumbList\",\"@id\":\"https:\/\/admin.industriall-union.org\/es\/protesta-de-ituc-tuca-ante-el-consulado-mexicano-en-sao-paulo\/#breadcrumb\",\"itemListElement\":[{\"@type\":\"ListItem\",\"position\":1,\"name\":\"Home\",\"item\":\"https:\/\/admin.industriall-union.org\/\"},{\"@type\":\"ListItem\",\"position\":2,\"name\":\"Articles\",\"item\":\"https:\/\/admin.industriall-union.org\/article\/\"},{\"@type\":\"ListItem\",\"position\":3,\"name\":\"Protesta de ITUC-TUCA ante el consulado mexicano en S\u00e3o Paulo\"}]},{\"@type\":\"WebSite\",\"@id\":\"https:\/\/admin.industriall-union.org\/#website\",\"url\":\"https:\/\/admin.industriall-union.org\/\",\"name\":\"industriall-union\",\"description\":\"\",\"potentialAction\":[{\"@type\":\"SearchAction\",\"target\":{\"@type\":\"EntryPoint\",\"urlTemplate\":\"https:\/\/admin.industriall-union.org\/?s={search_term_string}\"},\"query-input\":{\"@type\":\"PropertyValueSpecification\",\"valueRequired\":true,\"valueName\":\"search_term_string\"}}],\"inLanguage\":\"es-ES\"}]}<\/script>\n<!-- \/ Yoast SEO Premium plugin. -->","yoast_head_json":{"title":"Protesta de ITUC-TUCA ante el consulado mexicano en S\u00e3o Paulo - industriall-union","description":"El 20 de febrero, sindicatos nacionales e internacionales se manifestaron conjuntamente ante el consulado mexicano en S\u00e3o Paulo.V\u00e9ase aqu\u00ed una carta de","robots":{"index":"index","follow":"follow","max-snippet":"max-snippet:-1","max-image-preview":"max-image-preview:large","max-video-preview":"max-video-preview:-1"},"canonical":"https:\/\/admin.industriall-union.org\/es\/protesta-de-ituc-tuca-ante-el-consulado-mexicano-en-sao-paulo\/","og_locale":"es_ES","og_type":"article","og_title":"Protesta de ITUC-TUCA ante el consulado mexicano en S\u00e3o Paulo","og_description":"El 20 de febrero, sindicatos nacionales e internacionales se manifestaron conjuntamente ante el consulado mexicano en S\u00e3o Paulo.V\u00e9ase aqu\u00ed una carta de","og_url":"https:\/\/admin.industriall-union.org\/es\/protesta-de-ituc-tuca-ante-el-consulado-mexicano-en-sao-paulo\/","og_site_name":"industriall-union","article_modified_time":"2025-02-08T14:48:24+00:00","twitter_card":"summary_large_image","schema":{"@context":"https:\/\/schema.org","@graph":[{"@type":"WebPage","@id":"https:\/\/admin.industriall-union.org\/es\/protesta-de-ituc-tuca-ante-el-consulado-mexicano-en-sao-paulo\/","url":"https:\/\/admin.industriall-union.org\/es\/protesta-de-ituc-tuca-ante-el-consulado-mexicano-en-sao-paulo\/","name":"Protesta de ITUC-TUCA ante el consulado mexicano en S\u00e3o Paulo - industriall-union","isPartOf":{"@id":"https:\/\/admin.industriall-union.org\/#website"},"datePublished":"2013-02-21T08:49:38+00:00","dateModified":"2025-02-08T14:48:24+00:00","description":"El 20 de febrero, sindicatos nacionales e internacionales se manifestaron conjuntamente ante el consulado mexicano en S\u00e3o Paulo.V\u00e9ase aqu\u00ed una carta de","breadcrumb":{"@id":"https:\/\/admin.industriall-union.org\/es\/protesta-de-ituc-tuca-ante-el-consulado-mexicano-en-sao-paulo\/#breadcrumb"},"inLanguage":"es-ES","potentialAction":[{"@type":"ReadAction","target":["https:\/\/admin.industriall-union.org\/es\/protesta-de-ituc-tuca-ante-el-consulado-mexicano-en-sao-paulo\/"]}]},{"@type":"BreadcrumbList","@id":"https:\/\/admin.industriall-union.org\/es\/protesta-de-ituc-tuca-ante-el-consulado-mexicano-en-sao-paulo\/#breadcrumb","itemListElement":[{"@type":"ListItem","position":1,"name":"Home","item":"https:\/\/admin.industriall-union.org\/"},{"@type":"ListItem","position":2,"name":"Articles","item":"https:\/\/admin.industriall-union.org\/article\/"},{"@type":"ListItem","position":3,"name":"Protesta de ITUC-TUCA ante el consulado mexicano en S\u00e3o Paulo"}]},{"@type":"WebSite","@id":"https:\/\/admin.industriall-union.org\/#website","url":"https:\/\/admin.industriall-union.org\/","name":"industriall-union","description":"","potentialAction":[{"@type":"SearchAction","target":{"@type":"EntryPoint","urlTemplate":"https:\/\/admin.industriall-union.org\/?s={search_term_string}"},"query-input":{"@type":"PropertyValueSpecification","valueRequired":true,"valueName":"search_term_string"}}],"inLanguage":"es-ES"}]}},"_links":{"self":[{"href":"https:\/\/admin.industriall-union.org\/es\/wp-json\/wp\/v2\/article\/174519","targetHints":{"allow":["GET"]}}],"collection":[{"href":"https:\/\/admin.industriall-union.org\/es\/wp-json\/wp\/v2\/article"}],"about":[{"href":"https:\/\/admin.industriall-union.org\/es\/wp-json\/wp\/v2\/types\/article"}],"wp:attachment":[{"href":"https:\/\/admin.industriall-union.org\/es\/wp-json\/wp\/v2\/media?parent=174519"}],"wp:term":[{"taxonomy":"issues","embeddable":true,"href":"https:\/\/admin.industriall-union.org\/es\/wp-json\/wp\/v2\/issues?post=174519"},{"taxonomy":"companies","embeddable":true,"href":"https:\/\/admin.industriall-union.org\/es\/wp-json\/wp\/v2\/companies?post=174519"},{"taxonomy":"regions","embeddable":true,"href":"https:\/\/admin.industriall-union.org\/es\/wp-json\/wp\/v2\/regions?post=174519"},{"taxonomy":"sectors","embeddable":true,"href":"https:\/\/admin.industriall-union.org\/es\/wp-json\/wp\/v2\/sectors?post=174519"},{"taxonomy":"article_tags","embeddable":true,"href":"https:\/\/admin.industriall-union.org\/es\/wp-json\/wp\/v2\/article_tags?post=174519"}],"curies":[{"name":"wp","href":"https:\/\/api.w.org\/{rel}","templated":true}]}}