{"id":174466,"date":"2013-02-28T09:18:04","date_gmt":"2013-02-28T09:18:04","guid":{"rendered":"https:\/\/admin.industriall-union.org\/el-gobierno-de-zambia-se-incauta-de-la-mina-collum-por-las-malas-condiciones-de-trabajo\/"},"modified":"2025-02-08T14:17:48","modified_gmt":"2025-02-08T14:17:48","slug":"el-gobierno-de-zambia-se-incauta-de-la-mina-collum-por-las-malas-condiciones-de-trabajo","status":"publish","type":"article","link":"https:\/\/admin.industriall-union.org\/es\/el-gobierno-de-zambia-se-incauta-de-la-mina-collum-por-las-malas-condiciones-de-trabajo\/","title":{"rendered":"El Gobierno de Zambia se incauta de la mina Collum por las malas condiciones de trabajo"},"content":{"rendered":"<p>La conflictividad laboral ha sido frecuente en la mina Collum, de propiedad china desde 2003. Ya en 2005 se notificaron al Gobierno las malas condiciones de trabajo, y el Gobierno consider\u00f3 su cierre en 2006, despu\u00e9s de que una delegaci\u00f3n conociera de primera mano las malas condiciones de trabajo que soportaban los obreros.<\/p><p>En octubre de 2010, 13 mineros resultaron heridos al abrir fuego dos directores de la mina contra los trabajadores en huelga. Los trabajadores se declararon en huelga porque no se les pagaba y en protesta por laos bajos sueldos y las malas condiciones de trabajo. Los cargos contra los dos directores fueron retirados por el Estado.<\/p><p>Las tensiones se intensificaron en la mina porque no se resolv\u00edan los problemas laborales. Como consecuencia de un conflicto salarial en la mina cuando el Gobierno aument\u00f3 el salario m\u00ednimo en 2012, hubo una protesta espont\u00e1nea de los trabajadores durante la cual <a href=\"http:\/\/www.industriall-union.org\/es\/supervisor-muerto-en-una-protesta-en-una-mina-de-collum-zambiana\">muri\u00f3 un supervisor<\/a> chino y otro result\u00f3 herido.<\/p><p>&ldquo;Desde que se privatiz\u00f3 la mina, el Muz se ha tomado en serio las preocupaciones de los trabajadores por la violaci\u00f3n de las leyes laborales y las cuestiones de salud y seguridad, e incluso la aplicaci\u00f3n del acuerdo de negociaci\u00f3n ha sido un dilema permanente&rdquo;, dice Joseph Chewe, secretario general del Mineworkers&#039; Union of &nbsp;Zambia (Muz), sindicato afiliado a la IndustriALL Global Union. &ldquo;El Muz apoya la incautaci\u00f3n de la mina por el Gobierno por ser lo mejor para los trabajadores, en particular porque tienen asegurado su empleo. Pero el Gobierno tiene que garantizar que el nuevo inversor cumpla las leyes laborales y garantice las buenas condiciones de trabajo en la mina para esos trabajadores que llevan tanto tiempo sufriendo.&rdquo;<\/p><p>El Gobierno revoc\u00f3 las licencias mineras de la compa\u00f1\u00eda propietaria de la mina Collum por no haberse hecho mejoras en la mina. El Estado explotar\u00e1 la mina hasta que se encuentre un nuevo inversor. El Gobierno ha asegurado a los trabajadores que no habr\u00e1 p\u00e9rdidas de empleo.<\/p><p>En un <a href=\"http:\/\/www.hrw.org\/news\/2013\/02\/20\/zambia-safety-gaps-threaten-copper-miners\">estudio de Human Rights Watch<\/a> (HRW) realizado recientemente se concluye que, si bien ha habido algunas mejoras en las condiciones de trabajo en las minas de Zambia con el presidente Sata desde 2011, todav\u00eda queda mucho por hacer para aplicar la legislaci\u00f3n laboral y mejorar las normas de seguridad, especialmente en las minas de cobre. Sata hab\u00eda prometido mejorar las condiciones de trabajo en las minas en su campa\u00f1a electoral.<\/p><p>Varios sindicatos y organizaciones de la sociedad civil de Zambia han acogido con satisfacci\u00f3n la incautaci\u00f3n de la mina Collum, con la esperanza que esta acci\u00f3n sea una fuerte se\u00f1al de que el Gobierno no tolerar\u00e1 que los inversores incumplan la ley y abusen de los trabajados de los trabajadores.<\/p>","protected":false},"featured_media":0,"template":"","issues":[406,403,402],"companies":[],"regions":[357],"sectors":[495],"article_tags":[],"class_list":["post-174466","article","type-article","status-publish","hentry","issues-confronting-global-capital","issues-convention-176-mine-safety","issues-health-and-safety","regions-zambia","sectors-mining"],"acf":[],"yoast_head":"<!-- This site is optimized with the Yoast SEO Premium plugin v27.1 (Yoast SEO v27.1) - https:\/\/yoast.com\/product\/yoast-seo-premium-wordpress\/ -->\n<title>El Gobierno de Zambia se incauta de la mina Collum por las malas condiciones de trabajo - industriall-union<\/title>\n<meta name=\"description\" content=\"La conflictividad laboral ha sido frecuente en la mina Collum, de propiedad china desde 2003. Ya en 2005 se notificaron al Gobierno las malas condiciones\" \/>\n<meta name=\"robots\" content=\"index, follow, max-snippet:-1, max-image-preview:large, max-video-preview:-1\" \/>\n<link rel=\"canonical\" href=\"https:\/\/admin.industriall-union.org\/es\/el-gobierno-de-zambia-se-incauta-de-la-mina-collum-por-las-malas-condiciones-de-trabajo\/\" \/>\n<meta property=\"og:locale\" content=\"es_ES\" \/>\n<meta property=\"og:type\" content=\"article\" \/>\n<meta property=\"og:title\" content=\"El Gobierno de Zambia se incauta de la mina Collum por las malas condiciones de trabajo\" \/>\n<meta property=\"og:description\" content=\"La conflictividad laboral ha sido frecuente en la mina Collum, de propiedad china desde 2003. Ya en 2005 se notificaron al Gobierno las malas condiciones\" \/>\n<meta property=\"og:url\" content=\"https:\/\/admin.industriall-union.org\/es\/el-gobierno-de-zambia-se-incauta-de-la-mina-collum-por-las-malas-condiciones-de-trabajo\/\" \/>\n<meta property=\"og:site_name\" content=\"industriall-union\" \/>\n<meta property=\"article:modified_time\" content=\"2025-02-08T14:17:48+00:00\" \/>\n<meta name=\"twitter:card\" content=\"summary_large_image\" \/>\n<meta name=\"twitter:label1\" content=\"Est. reading time\" \/>\n\t<meta name=\"twitter:data1\" content=\"2 minutes\" \/>\n<script type=\"application\/ld+json\" class=\"yoast-schema-graph\">{\"@context\":\"https:\/\/schema.org\",\"@graph\":[{\"@type\":\"WebPage\",\"@id\":\"https:\/\/admin.industriall-union.org\/es\/el-gobierno-de-zambia-se-incauta-de-la-mina-collum-por-las-malas-condiciones-de-trabajo\/\",\"url\":\"https:\/\/admin.industriall-union.org\/es\/el-gobierno-de-zambia-se-incauta-de-la-mina-collum-por-las-malas-condiciones-de-trabajo\/\",\"name\":\"El Gobierno de Zambia se incauta de la mina Collum por las malas condiciones de trabajo - industriall-union\",\"isPartOf\":{\"@id\":\"https:\/\/admin.industriall-union.org\/#website\"},\"datePublished\":\"2013-02-28T09:18:04+00:00\",\"dateModified\":\"2025-02-08T14:17:48+00:00\",\"description\":\"La conflictividad laboral ha sido frecuente en la mina Collum, de propiedad china desde 2003. Ya en 2005 se notificaron al Gobierno las malas condiciones\",\"breadcrumb\":{\"@id\":\"https:\/\/admin.industriall-union.org\/es\/el-gobierno-de-zambia-se-incauta-de-la-mina-collum-por-las-malas-condiciones-de-trabajo\/#breadcrumb\"},\"inLanguage\":\"es-ES\",\"potentialAction\":[{\"@type\":\"ReadAction\",\"target\":[\"https:\/\/admin.industriall-union.org\/es\/el-gobierno-de-zambia-se-incauta-de-la-mina-collum-por-las-malas-condiciones-de-trabajo\/\"]}]},{\"@type\":\"BreadcrumbList\",\"@id\":\"https:\/\/admin.industriall-union.org\/es\/el-gobierno-de-zambia-se-incauta-de-la-mina-collum-por-las-malas-condiciones-de-trabajo\/#breadcrumb\",\"itemListElement\":[{\"@type\":\"ListItem\",\"position\":1,\"name\":\"Home\",\"item\":\"https:\/\/admin.industriall-union.org\/\"},{\"@type\":\"ListItem\",\"position\":2,\"name\":\"Articles\",\"item\":\"https:\/\/admin.industriall-union.org\/article\/\"},{\"@type\":\"ListItem\",\"position\":3,\"name\":\"El Gobierno de Zambia se incauta de la mina Collum por las malas condiciones de trabajo\"}]},{\"@type\":\"WebSite\",\"@id\":\"https:\/\/admin.industriall-union.org\/#website\",\"url\":\"https:\/\/admin.industriall-union.org\/\",\"name\":\"industriall-union\",\"description\":\"\",\"potentialAction\":[{\"@type\":\"SearchAction\",\"target\":{\"@type\":\"EntryPoint\",\"urlTemplate\":\"https:\/\/admin.industriall-union.org\/?s={search_term_string}\"},\"query-input\":{\"@type\":\"PropertyValueSpecification\",\"valueRequired\":true,\"valueName\":\"search_term_string\"}}],\"inLanguage\":\"es-ES\"}]}<\/script>\n<!-- \/ Yoast SEO Premium plugin. -->","yoast_head_json":{"title":"El Gobierno de Zambia se incauta de la mina Collum por las malas condiciones de trabajo - industriall-union","description":"La conflictividad laboral ha sido frecuente en la mina Collum, de propiedad china desde 2003. Ya en 2005 se notificaron al Gobierno las malas condiciones","robots":{"index":"index","follow":"follow","max-snippet":"max-snippet:-1","max-image-preview":"max-image-preview:large","max-video-preview":"max-video-preview:-1"},"canonical":"https:\/\/admin.industriall-union.org\/es\/el-gobierno-de-zambia-se-incauta-de-la-mina-collum-por-las-malas-condiciones-de-trabajo\/","og_locale":"es_ES","og_type":"article","og_title":"El Gobierno de Zambia se incauta de la mina Collum por las malas condiciones de trabajo","og_description":"La conflictividad laboral ha sido frecuente en la mina Collum, de propiedad china desde 2003. Ya en 2005 se notificaron al Gobierno las malas condiciones","og_url":"https:\/\/admin.industriall-union.org\/es\/el-gobierno-de-zambia-se-incauta-de-la-mina-collum-por-las-malas-condiciones-de-trabajo\/","og_site_name":"industriall-union","article_modified_time":"2025-02-08T14:17:48+00:00","twitter_card":"summary_large_image","twitter_misc":{"Est. reading time":"2 minutes"},"schema":{"@context":"https:\/\/schema.org","@graph":[{"@type":"WebPage","@id":"https:\/\/admin.industriall-union.org\/es\/el-gobierno-de-zambia-se-incauta-de-la-mina-collum-por-las-malas-condiciones-de-trabajo\/","url":"https:\/\/admin.industriall-union.org\/es\/el-gobierno-de-zambia-se-incauta-de-la-mina-collum-por-las-malas-condiciones-de-trabajo\/","name":"El Gobierno de Zambia se incauta de la mina Collum por las malas condiciones de trabajo - industriall-union","isPartOf":{"@id":"https:\/\/admin.industriall-union.org\/#website"},"datePublished":"2013-02-28T09:18:04+00:00","dateModified":"2025-02-08T14:17:48+00:00","description":"La conflictividad laboral ha sido frecuente en la mina Collum, de propiedad china desde 2003. Ya en 2005 se notificaron al Gobierno las malas condiciones","breadcrumb":{"@id":"https:\/\/admin.industriall-union.org\/es\/el-gobierno-de-zambia-se-incauta-de-la-mina-collum-por-las-malas-condiciones-de-trabajo\/#breadcrumb"},"inLanguage":"es-ES","potentialAction":[{"@type":"ReadAction","target":["https:\/\/admin.industriall-union.org\/es\/el-gobierno-de-zambia-se-incauta-de-la-mina-collum-por-las-malas-condiciones-de-trabajo\/"]}]},{"@type":"BreadcrumbList","@id":"https:\/\/admin.industriall-union.org\/es\/el-gobierno-de-zambia-se-incauta-de-la-mina-collum-por-las-malas-condiciones-de-trabajo\/#breadcrumb","itemListElement":[{"@type":"ListItem","position":1,"name":"Home","item":"https:\/\/admin.industriall-union.org\/"},{"@type":"ListItem","position":2,"name":"Articles","item":"https:\/\/admin.industriall-union.org\/article\/"},{"@type":"ListItem","position":3,"name":"El Gobierno de Zambia se incauta de la mina Collum por las malas condiciones de trabajo"}]},{"@type":"WebSite","@id":"https:\/\/admin.industriall-union.org\/#website","url":"https:\/\/admin.industriall-union.org\/","name":"industriall-union","description":"","potentialAction":[{"@type":"SearchAction","target":{"@type":"EntryPoint","urlTemplate":"https:\/\/admin.industriall-union.org\/?s={search_term_string}"},"query-input":{"@type":"PropertyValueSpecification","valueRequired":true,"valueName":"search_term_string"}}],"inLanguage":"es-ES"}]}},"_links":{"self":[{"href":"https:\/\/admin.industriall-union.org\/es\/wp-json\/wp\/v2\/article\/174466","targetHints":{"allow":["GET"]}}],"collection":[{"href":"https:\/\/admin.industriall-union.org\/es\/wp-json\/wp\/v2\/article"}],"about":[{"href":"https:\/\/admin.industriall-union.org\/es\/wp-json\/wp\/v2\/types\/article"}],"wp:attachment":[{"href":"https:\/\/admin.industriall-union.org\/es\/wp-json\/wp\/v2\/media?parent=174466"}],"wp:term":[{"taxonomy":"issues","embeddable":true,"href":"https:\/\/admin.industriall-union.org\/es\/wp-json\/wp\/v2\/issues?post=174466"},{"taxonomy":"companies","embeddable":true,"href":"https:\/\/admin.industriall-union.org\/es\/wp-json\/wp\/v2\/companies?post=174466"},{"taxonomy":"regions","embeddable":true,"href":"https:\/\/admin.industriall-union.org\/es\/wp-json\/wp\/v2\/regions?post=174466"},{"taxonomy":"sectors","embeddable":true,"href":"https:\/\/admin.industriall-union.org\/es\/wp-json\/wp\/v2\/sectors?post=174466"},{"taxonomy":"article_tags","embeddable":true,"href":"https:\/\/admin.industriall-union.org\/es\/wp-json\/wp\/v2\/article_tags?post=174466"}],"curies":[{"name":"wp","href":"https:\/\/api.w.org\/{rel}","templated":true}]}}