{"id":174460,"date":"2013-02-28T13:56:42","date_gmt":"2013-02-28T13:56:42","guid":{"rendered":"https:\/\/admin.industriall-union.org\/continua-la-lucha-por-los-trabajadores-de-ismaco-y-desa-en-turquia\/"},"modified":"2025-02-08T14:13:18","modified_gmt":"2025-02-08T14:13:18","slug":"continua-la-lucha-por-los-trabajadores-de-ismaco-y-desa-en-turquia","status":"publish","type":"article","link":"https:\/\/admin.industriall-union.org\/es\/continua-la-lucha-por-los-trabajadores-de-ismaco-y-desa-en-turquia\/","title":{"rendered":"Contin\u00faa la lucha por los trabajadores de ISMACO y DESA en Turqu\u00eda"},"content":{"rendered":"<p>En la famosa calle de Estambul Vali Kona\u011f\u0131 Caddesi, 150 trabajadores se reunieron ante las tiendas para las que DESA produce art\u00edculos de cuero, y de la conocida marca Hermenegildo Zegna, a la que suministra ISMACO. Ambas compa\u00f1\u00edas se niegan a reconocer a Deri-Is, el sindicato de trabajadores del cuero, y siguen violando los derechos fundamentales de los trabajadores.<\/p><p>DESA produce para marcas como Prada, M\u0131u M\u0131u, Car Shoe, Marks and Spencer, Mulberry, Burberry, Whistles, Modalu, Carven y Nicole Farhi. Deri-Is est\u00e1 haciendo campa\u00f1a para reclutar a trabajadores de DESA desde 2008. La negativa de la compa\u00f1\u00eda a respetar los derechos de los trabajadores ha incluido sistem\u00e1ticamente la discriminaci\u00f3n, intimidaciones y despidos. Incluso despu\u00e9s de que se demostr\u00f3 en los tribunales que la direcci\u00f3n de DESA despidi\u00f3 a 34 trabajadores por unirse a un sindicato, la direcci\u00f3n de la compa\u00f1\u00eda prefiri\u00f3 pagar a los trabajadores despedidos en lugar de readmitirlos.<\/p><p>En una reuni\u00f3n celebrada en enero, la IndustriALL Global Union y Deri-Is presentaron una serie de demandas a DESA, solicitando el conocimiento de los representantes sindicales en las f\u00e1bricas, e insistieron en que la compa\u00f1\u00eda entablara un di\u00e1logo con los miembros sindicales, pero la direcci\u00f3n de la compa\u00f1\u00eda se neg\u00f3. Se puede actuar en apoyo de los trabajadores de DESA <a href=\"http:\/\/www.industriall-union.org\/es\/aumenta-la-represion-sindical-en-desa-en-turquia\">aqu\u00ed<\/a>.<\/p><p>El grupo tambi\u00e9n protest\u00f3 en la tienda de Ermenegildo Zegna, una marca de lujo para la que produce ISMACO. En ISMACO, cuatro trabajadores fueron despedidos por ser miembros de Deri-Is, y desde el pasado mes de diciembre han montado piquetes. La direcci\u00f3n de la compa\u00f1\u00eda local no se ha abstenido de anunciar abiertamente que no quiere al sindicato en sus lugares de trabajo. Se puede actuar en apoyo de los trabajadores de ISMACO <a href=\"http:\/\/www.industriall-union.org\/es\/marcas-de-lujo-no-respetan-los-derechos-sindicales-en-turquia\">aqu\u00ed<\/a>.<\/p><p>Un trabajador de ISMACO gana por t\u00e9rmino medio 380 &euro; mensuales, en tanto que una camisa de Ermenegildo Zegna se ende a unos 500 &euro; en la tienda ante la que se organiz\u00f3 la protesta en Estambul.<\/p><p>&ldquo;La IndustriALL Global Union apoya plenamente a Deri-Is en estas dos campa\u00f1as, entre otras&rdquo;, dijo Kemal \u00d6zkan, secretario general adjunto. &ldquo;Este tipo de acciones continuar\u00e1n en los pr\u00f3ximos d\u00edas, hasta que ambas compa\u00f1\u00edas modifiquen sus inaceptables actitudes&rdquo;.<\/p>","protected":false},"featured_media":0,"template":"","issues":[422,420,424,425],"companies":[],"regions":[250],"sectors":[464],"article_tags":[],"class_list":["post-174460","article","type-article","status-publish","hentry","issues-human-trade-union-rights","issues-solidarity","issues-violation","issues-workers-rights","regions-turkiye","sectors-textile-leather-garment-shoes-and-textile-services"],"acf":[],"yoast_head":"<!-- This site is optimized with the Yoast SEO Premium plugin v27.1 (Yoast SEO v27.1) - https:\/\/yoast.com\/product\/yoast-seo-premium-wordpress\/ -->\n<title>Contin\u00faa la lucha por los trabajadores de ISMACO y DESA en Turqu\u00eda - industriall-union<\/title>\n<meta name=\"description\" content=\"En la famosa calle de Estambul Vali Kona\u011f\u0131 Caddesi, 150 trabajadores se reunieron ante las tiendas para las que DESA produce art\u00edculos de cuero, y de la\" \/>\n<meta name=\"robots\" content=\"index, follow, max-snippet:-1, max-image-preview:large, max-video-preview:-1\" \/>\n<link rel=\"canonical\" href=\"https:\/\/admin.industriall-union.org\/es\/continua-la-lucha-por-los-trabajadores-de-ismaco-y-desa-en-turquia\/\" \/>\n<meta property=\"og:locale\" content=\"es_ES\" \/>\n<meta property=\"og:type\" content=\"article\" \/>\n<meta property=\"og:title\" content=\"Contin\u00faa la lucha por los trabajadores de ISMACO y DESA en Turqu\u00eda\" \/>\n<meta property=\"og:description\" content=\"En la famosa calle de Estambul Vali Kona\u011f\u0131 Caddesi, 150 trabajadores se reunieron ante las tiendas para las que DESA produce art\u00edculos de cuero, y de la\" \/>\n<meta property=\"og:url\" content=\"https:\/\/admin.industriall-union.org\/es\/continua-la-lucha-por-los-trabajadores-de-ismaco-y-desa-en-turquia\/\" \/>\n<meta property=\"og:site_name\" content=\"industriall-union\" \/>\n<meta property=\"article:modified_time\" content=\"2025-02-08T14:13:18+00:00\" \/>\n<meta name=\"twitter:card\" content=\"summary_large_image\" \/>\n<meta name=\"twitter:label1\" content=\"Est. reading time\" \/>\n\t<meta name=\"twitter:data1\" content=\"2 minutes\" \/>\n<script type=\"application\/ld+json\" class=\"yoast-schema-graph\">{\"@context\":\"https:\/\/schema.org\",\"@graph\":[{\"@type\":\"WebPage\",\"@id\":\"https:\/\/admin.industriall-union.org\/es\/continua-la-lucha-por-los-trabajadores-de-ismaco-y-desa-en-turquia\/\",\"url\":\"https:\/\/admin.industriall-union.org\/es\/continua-la-lucha-por-los-trabajadores-de-ismaco-y-desa-en-turquia\/\",\"name\":\"Contin\u00faa la lucha por los trabajadores de ISMACO y DESA en Turqu\u00eda - industriall-union\",\"isPartOf\":{\"@id\":\"https:\/\/admin.industriall-union.org\/#website\"},\"datePublished\":\"2013-02-28T13:56:42+00:00\",\"dateModified\":\"2025-02-08T14:13:18+00:00\",\"description\":\"En la famosa calle de Estambul Vali Kona\u011f\u0131 Caddesi, 150 trabajadores se reunieron ante las tiendas para las que DESA produce art\u00edculos de cuero, y de la\",\"breadcrumb\":{\"@id\":\"https:\/\/admin.industriall-union.org\/es\/continua-la-lucha-por-los-trabajadores-de-ismaco-y-desa-en-turquia\/#breadcrumb\"},\"inLanguage\":\"es-ES\",\"potentialAction\":[{\"@type\":\"ReadAction\",\"target\":[\"https:\/\/admin.industriall-union.org\/es\/continua-la-lucha-por-los-trabajadores-de-ismaco-y-desa-en-turquia\/\"]}]},{\"@type\":\"BreadcrumbList\",\"@id\":\"https:\/\/admin.industriall-union.org\/es\/continua-la-lucha-por-los-trabajadores-de-ismaco-y-desa-en-turquia\/#breadcrumb\",\"itemListElement\":[{\"@type\":\"ListItem\",\"position\":1,\"name\":\"Home\",\"item\":\"https:\/\/admin.industriall-union.org\/\"},{\"@type\":\"ListItem\",\"position\":2,\"name\":\"Articles\",\"item\":\"https:\/\/admin.industriall-union.org\/article\/\"},{\"@type\":\"ListItem\",\"position\":3,\"name\":\"Contin\u00faa la lucha por los trabajadores de ISMACO y DESA en Turqu\u00eda\"}]},{\"@type\":\"WebSite\",\"@id\":\"https:\/\/admin.industriall-union.org\/#website\",\"url\":\"https:\/\/admin.industriall-union.org\/\",\"name\":\"industriall-union\",\"description\":\"\",\"potentialAction\":[{\"@type\":\"SearchAction\",\"target\":{\"@type\":\"EntryPoint\",\"urlTemplate\":\"https:\/\/admin.industriall-union.org\/?s={search_term_string}\"},\"query-input\":{\"@type\":\"PropertyValueSpecification\",\"valueRequired\":true,\"valueName\":\"search_term_string\"}}],\"inLanguage\":\"es-ES\"}]}<\/script>\n<!-- \/ Yoast SEO Premium plugin. -->","yoast_head_json":{"title":"Contin\u00faa la lucha por los trabajadores de ISMACO y DESA en Turqu\u00eda - industriall-union","description":"En la famosa calle de Estambul Vali Kona\u011f\u0131 Caddesi, 150 trabajadores se reunieron ante las tiendas para las que DESA produce art\u00edculos de cuero, y de la","robots":{"index":"index","follow":"follow","max-snippet":"max-snippet:-1","max-image-preview":"max-image-preview:large","max-video-preview":"max-video-preview:-1"},"canonical":"https:\/\/admin.industriall-union.org\/es\/continua-la-lucha-por-los-trabajadores-de-ismaco-y-desa-en-turquia\/","og_locale":"es_ES","og_type":"article","og_title":"Contin\u00faa la lucha por los trabajadores de ISMACO y DESA en Turqu\u00eda","og_description":"En la famosa calle de Estambul Vali Kona\u011f\u0131 Caddesi, 150 trabajadores se reunieron ante las tiendas para las que DESA produce art\u00edculos de cuero, y de la","og_url":"https:\/\/admin.industriall-union.org\/es\/continua-la-lucha-por-los-trabajadores-de-ismaco-y-desa-en-turquia\/","og_site_name":"industriall-union","article_modified_time":"2025-02-08T14:13:18+00:00","twitter_card":"summary_large_image","twitter_misc":{"Est. reading time":"2 minutes"},"schema":{"@context":"https:\/\/schema.org","@graph":[{"@type":"WebPage","@id":"https:\/\/admin.industriall-union.org\/es\/continua-la-lucha-por-los-trabajadores-de-ismaco-y-desa-en-turquia\/","url":"https:\/\/admin.industriall-union.org\/es\/continua-la-lucha-por-los-trabajadores-de-ismaco-y-desa-en-turquia\/","name":"Contin\u00faa la lucha por los trabajadores de ISMACO y DESA en Turqu\u00eda - industriall-union","isPartOf":{"@id":"https:\/\/admin.industriall-union.org\/#website"},"datePublished":"2013-02-28T13:56:42+00:00","dateModified":"2025-02-08T14:13:18+00:00","description":"En la famosa calle de Estambul Vali Kona\u011f\u0131 Caddesi, 150 trabajadores se reunieron ante las tiendas para las que DESA produce art\u00edculos de cuero, y de la","breadcrumb":{"@id":"https:\/\/admin.industriall-union.org\/es\/continua-la-lucha-por-los-trabajadores-de-ismaco-y-desa-en-turquia\/#breadcrumb"},"inLanguage":"es-ES","potentialAction":[{"@type":"ReadAction","target":["https:\/\/admin.industriall-union.org\/es\/continua-la-lucha-por-los-trabajadores-de-ismaco-y-desa-en-turquia\/"]}]},{"@type":"BreadcrumbList","@id":"https:\/\/admin.industriall-union.org\/es\/continua-la-lucha-por-los-trabajadores-de-ismaco-y-desa-en-turquia\/#breadcrumb","itemListElement":[{"@type":"ListItem","position":1,"name":"Home","item":"https:\/\/admin.industriall-union.org\/"},{"@type":"ListItem","position":2,"name":"Articles","item":"https:\/\/admin.industriall-union.org\/article\/"},{"@type":"ListItem","position":3,"name":"Contin\u00faa la lucha por los trabajadores de ISMACO y DESA en Turqu\u00eda"}]},{"@type":"WebSite","@id":"https:\/\/admin.industriall-union.org\/#website","url":"https:\/\/admin.industriall-union.org\/","name":"industriall-union","description":"","potentialAction":[{"@type":"SearchAction","target":{"@type":"EntryPoint","urlTemplate":"https:\/\/admin.industriall-union.org\/?s={search_term_string}"},"query-input":{"@type":"PropertyValueSpecification","valueRequired":true,"valueName":"search_term_string"}}],"inLanguage":"es-ES"}]}},"_links":{"self":[{"href":"https:\/\/admin.industriall-union.org\/es\/wp-json\/wp\/v2\/article\/174460","targetHints":{"allow":["GET"]}}],"collection":[{"href":"https:\/\/admin.industriall-union.org\/es\/wp-json\/wp\/v2\/article"}],"about":[{"href":"https:\/\/admin.industriall-union.org\/es\/wp-json\/wp\/v2\/types\/article"}],"wp:attachment":[{"href":"https:\/\/admin.industriall-union.org\/es\/wp-json\/wp\/v2\/media?parent=174460"}],"wp:term":[{"taxonomy":"issues","embeddable":true,"href":"https:\/\/admin.industriall-union.org\/es\/wp-json\/wp\/v2\/issues?post=174460"},{"taxonomy":"companies","embeddable":true,"href":"https:\/\/admin.industriall-union.org\/es\/wp-json\/wp\/v2\/companies?post=174460"},{"taxonomy":"regions","embeddable":true,"href":"https:\/\/admin.industriall-union.org\/es\/wp-json\/wp\/v2\/regions?post=174460"},{"taxonomy":"sectors","embeddable":true,"href":"https:\/\/admin.industriall-union.org\/es\/wp-json\/wp\/v2\/sectors?post=174460"},{"taxonomy":"article_tags","embeddable":true,"href":"https:\/\/admin.industriall-union.org\/es\/wp-json\/wp\/v2\/article_tags?post=174460"}],"curies":[{"name":"wp","href":"https:\/\/api.w.org\/{rel}","templated":true}]}}