{"id":174454,"date":"2013-02-28T15:08:50","date_gmt":"2013-02-28T15:08:50","guid":{"rendered":"https:\/\/admin.industriall-union.org\/los-trabajadores-del-petroleo-se-manifiestan-en-iraq\/"},"modified":"2025-02-08T14:06:52","modified_gmt":"2025-02-08T14:06:52","slug":"los-trabajadores-del-petroleo-se-manifiestan-en-iraq","status":"publish","type":"article","link":"https:\/\/admin.industriall-union.org\/es\/los-trabajadores-del-petroleo-se-manifiestan-en-iraq\/","title":{"rendered":"Los trabajadores del petr\u00f3leo se manifiestan en Iraq"},"content":{"rendered":"<p>La protesta fue organizada por el Comit\u00e9 para la Defensa de los Trabajadores del Petr\u00f3leo, incluido el afiliado a la IndustriALL Global Union la Federaci\u00f3n Iraqu\u00ed de Sindicatos del Petr\u00f3leo y sigue a una acci\u00f3n similar del 13 de febrero de 2013.<\/p><p>Los trabajadores, que trabajan en los yacimientos del norte y el sur de al-Ramlia, al-Berjesia, Gharb al-Karna, y Bab al-Zubair, se reunieron frente a la puerta principal de la South Oil Company en Basra, y pidieron que se expulsara a los empleados corruptos y se despidiera al director de la compa\u00f1\u00eda.<\/p><p>Los trabajadores solicitaron una reuni\u00f3n con el director de la compa\u00f1\u00eda para negociar el pago de las prestaciones retenidas, que datan de 2010, 2011 y 2012, el derecho a vivienda, contratos de empleo permanente y el fin de la corrupci\u00f3n en la empresa.<\/p><p>La South Oil Company (SOC), que produce m\u00e1s del 80 por ciento del petr\u00f3leo iraqu\u00ed, es una compa\u00f1\u00eda nacional responsable del petr\u00f3leo en el sur de Iraq.<\/p><p>Como el director de la compa\u00f1\u00eda se ha negado hasta la fecha a reunirse con los manifestantes, ahora solicitan una reuni\u00f3n con la direcci\u00f3n y el Gobierno en los pr\u00f3ximos d\u00edas a fin de negociar sobre las cuestiones. Tambi\u00e9n se han dirigido al primer ministro iraqu\u00ed en relaci\u00f3n con sus demandas.<\/p><p>Algunos de los trabajadores han sido objeto de amenazas por la seguridad de la compa\u00f1\u00eda durante sus acciones.<\/p>","protected":false},"featured_media":0,"template":"","issues":[422],"companies":[],"regions":[293],"sectors":[483],"article_tags":[],"class_list":["post-174454","article","type-article","status-publish","hentry","issues-human-trade-union-rights","regions-iraq","sectors-energy-oil-gas-electricity-and-nuclear"],"acf":[],"yoast_head":"<!-- This site is optimized with the Yoast SEO Premium plugin v27.1 (Yoast SEO v27.1) - https:\/\/yoast.com\/product\/yoast-seo-premium-wordpress\/ -->\n<title>Los trabajadores del petr\u00f3leo se manifiestan en Iraq - industriall-union<\/title>\n<meta name=\"description\" content=\"La protesta fue organizada por el Comit\u00e9 para la Defensa de los Trabajadores del Petr\u00f3leo, incluido el afiliado a la IndustriALL Global Union la\" \/>\n<meta name=\"robots\" content=\"index, follow, max-snippet:-1, max-image-preview:large, max-video-preview:-1\" \/>\n<link rel=\"canonical\" href=\"https:\/\/admin.industriall-union.org\/es\/los-trabajadores-del-petroleo-se-manifiestan-en-iraq\/\" \/>\n<meta property=\"og:locale\" content=\"es_ES\" \/>\n<meta property=\"og:type\" content=\"article\" \/>\n<meta property=\"og:title\" content=\"Los trabajadores del petr\u00f3leo se manifiestan en Iraq\" \/>\n<meta property=\"og:description\" content=\"La protesta fue organizada por el Comit\u00e9 para la Defensa de los Trabajadores del Petr\u00f3leo, incluido el afiliado a la IndustriALL Global Union la\" \/>\n<meta property=\"og:url\" content=\"https:\/\/admin.industriall-union.org\/es\/los-trabajadores-del-petroleo-se-manifiestan-en-iraq\/\" \/>\n<meta property=\"og:site_name\" content=\"industriall-union\" \/>\n<meta property=\"article:modified_time\" content=\"2025-02-08T14:06:52+00:00\" \/>\n<meta name=\"twitter:card\" content=\"summary_large_image\" \/>\n<meta name=\"twitter:label1\" content=\"Est. reading time\" \/>\n\t<meta name=\"twitter:data1\" content=\"1 minute\" \/>\n<script type=\"application\/ld+json\" class=\"yoast-schema-graph\">{\"@context\":\"https:\/\/schema.org\",\"@graph\":[{\"@type\":\"WebPage\",\"@id\":\"https:\/\/admin.industriall-union.org\/es\/los-trabajadores-del-petroleo-se-manifiestan-en-iraq\/\",\"url\":\"https:\/\/admin.industriall-union.org\/es\/los-trabajadores-del-petroleo-se-manifiestan-en-iraq\/\",\"name\":\"Los trabajadores del petr\u00f3leo se manifiestan en Iraq - industriall-union\",\"isPartOf\":{\"@id\":\"https:\/\/admin.industriall-union.org\/#website\"},\"datePublished\":\"2013-02-28T15:08:50+00:00\",\"dateModified\":\"2025-02-08T14:06:52+00:00\",\"description\":\"La protesta fue organizada por el Comit\u00e9 para la Defensa de los Trabajadores del Petr\u00f3leo, incluido el afiliado a la IndustriALL Global Union la\",\"breadcrumb\":{\"@id\":\"https:\/\/admin.industriall-union.org\/es\/los-trabajadores-del-petroleo-se-manifiestan-en-iraq\/#breadcrumb\"},\"inLanguage\":\"es-ES\",\"potentialAction\":[{\"@type\":\"ReadAction\",\"target\":[\"https:\/\/admin.industriall-union.org\/es\/los-trabajadores-del-petroleo-se-manifiestan-en-iraq\/\"]}]},{\"@type\":\"BreadcrumbList\",\"@id\":\"https:\/\/admin.industriall-union.org\/es\/los-trabajadores-del-petroleo-se-manifiestan-en-iraq\/#breadcrumb\",\"itemListElement\":[{\"@type\":\"ListItem\",\"position\":1,\"name\":\"Home\",\"item\":\"https:\/\/admin.industriall-union.org\/\"},{\"@type\":\"ListItem\",\"position\":2,\"name\":\"Articles\",\"item\":\"https:\/\/admin.industriall-union.org\/article\/\"},{\"@type\":\"ListItem\",\"position\":3,\"name\":\"Los trabajadores del petr\u00f3leo se manifiestan en Iraq\"}]},{\"@type\":\"WebSite\",\"@id\":\"https:\/\/admin.industriall-union.org\/#website\",\"url\":\"https:\/\/admin.industriall-union.org\/\",\"name\":\"industriall-union\",\"description\":\"\",\"potentialAction\":[{\"@type\":\"SearchAction\",\"target\":{\"@type\":\"EntryPoint\",\"urlTemplate\":\"https:\/\/admin.industriall-union.org\/?s={search_term_string}\"},\"query-input\":{\"@type\":\"PropertyValueSpecification\",\"valueRequired\":true,\"valueName\":\"search_term_string\"}}],\"inLanguage\":\"es-ES\"}]}<\/script>\n<!-- \/ Yoast SEO Premium plugin. -->","yoast_head_json":{"title":"Los trabajadores del petr\u00f3leo se manifiestan en Iraq - industriall-union","description":"La protesta fue organizada por el Comit\u00e9 para la Defensa de los Trabajadores del Petr\u00f3leo, incluido el afiliado a la IndustriALL Global Union la","robots":{"index":"index","follow":"follow","max-snippet":"max-snippet:-1","max-image-preview":"max-image-preview:large","max-video-preview":"max-video-preview:-1"},"canonical":"https:\/\/admin.industriall-union.org\/es\/los-trabajadores-del-petroleo-se-manifiestan-en-iraq\/","og_locale":"es_ES","og_type":"article","og_title":"Los trabajadores del petr\u00f3leo se manifiestan en Iraq","og_description":"La protesta fue organizada por el Comit\u00e9 para la Defensa de los Trabajadores del Petr\u00f3leo, incluido el afiliado a la IndustriALL Global Union la","og_url":"https:\/\/admin.industriall-union.org\/es\/los-trabajadores-del-petroleo-se-manifiestan-en-iraq\/","og_site_name":"industriall-union","article_modified_time":"2025-02-08T14:06:52+00:00","twitter_card":"summary_large_image","twitter_misc":{"Est. reading time":"1 minute"},"schema":{"@context":"https:\/\/schema.org","@graph":[{"@type":"WebPage","@id":"https:\/\/admin.industriall-union.org\/es\/los-trabajadores-del-petroleo-se-manifiestan-en-iraq\/","url":"https:\/\/admin.industriall-union.org\/es\/los-trabajadores-del-petroleo-se-manifiestan-en-iraq\/","name":"Los trabajadores del petr\u00f3leo se manifiestan en Iraq - industriall-union","isPartOf":{"@id":"https:\/\/admin.industriall-union.org\/#website"},"datePublished":"2013-02-28T15:08:50+00:00","dateModified":"2025-02-08T14:06:52+00:00","description":"La protesta fue organizada por el Comit\u00e9 para la Defensa de los Trabajadores del Petr\u00f3leo, incluido el afiliado a la IndustriALL Global Union la","breadcrumb":{"@id":"https:\/\/admin.industriall-union.org\/es\/los-trabajadores-del-petroleo-se-manifiestan-en-iraq\/#breadcrumb"},"inLanguage":"es-ES","potentialAction":[{"@type":"ReadAction","target":["https:\/\/admin.industriall-union.org\/es\/los-trabajadores-del-petroleo-se-manifiestan-en-iraq\/"]}]},{"@type":"BreadcrumbList","@id":"https:\/\/admin.industriall-union.org\/es\/los-trabajadores-del-petroleo-se-manifiestan-en-iraq\/#breadcrumb","itemListElement":[{"@type":"ListItem","position":1,"name":"Home","item":"https:\/\/admin.industriall-union.org\/"},{"@type":"ListItem","position":2,"name":"Articles","item":"https:\/\/admin.industriall-union.org\/article\/"},{"@type":"ListItem","position":3,"name":"Los trabajadores del petr\u00f3leo se manifiestan en Iraq"}]},{"@type":"WebSite","@id":"https:\/\/admin.industriall-union.org\/#website","url":"https:\/\/admin.industriall-union.org\/","name":"industriall-union","description":"","potentialAction":[{"@type":"SearchAction","target":{"@type":"EntryPoint","urlTemplate":"https:\/\/admin.industriall-union.org\/?s={search_term_string}"},"query-input":{"@type":"PropertyValueSpecification","valueRequired":true,"valueName":"search_term_string"}}],"inLanguage":"es-ES"}]}},"_links":{"self":[{"href":"https:\/\/admin.industriall-union.org\/es\/wp-json\/wp\/v2\/article\/174454","targetHints":{"allow":["GET"]}}],"collection":[{"href":"https:\/\/admin.industriall-union.org\/es\/wp-json\/wp\/v2\/article"}],"about":[{"href":"https:\/\/admin.industriall-union.org\/es\/wp-json\/wp\/v2\/types\/article"}],"wp:attachment":[{"href":"https:\/\/admin.industriall-union.org\/es\/wp-json\/wp\/v2\/media?parent=174454"}],"wp:term":[{"taxonomy":"issues","embeddable":true,"href":"https:\/\/admin.industriall-union.org\/es\/wp-json\/wp\/v2\/issues?post=174454"},{"taxonomy":"companies","embeddable":true,"href":"https:\/\/admin.industriall-union.org\/es\/wp-json\/wp\/v2\/companies?post=174454"},{"taxonomy":"regions","embeddable":true,"href":"https:\/\/admin.industriall-union.org\/es\/wp-json\/wp\/v2\/regions?post=174454"},{"taxonomy":"sectors","embeddable":true,"href":"https:\/\/admin.industriall-union.org\/es\/wp-json\/wp\/v2\/sectors?post=174454"},{"taxonomy":"article_tags","embeddable":true,"href":"https:\/\/admin.industriall-union.org\/es\/wp-json\/wp\/v2\/article_tags?post=174454"}],"curies":[{"name":"wp","href":"https:\/\/api.w.org\/{rel}","templated":true}]}}