{"id":174431,"date":"2013-02-28T18:13:34","date_gmt":"2013-02-28T18:13:34","guid":{"rendered":"https:\/\/admin.industriall-union.org\/exito-del-dia-de-solidaridad-internacional-en-uruguay\/"},"modified":"2025-02-08T13:57:32","modified_gmt":"2025-02-08T13:57:32","slug":"exito-del-dia-de-solidaridad-internacional-en-uruguay","status":"publish","type":"article","link":"https:\/\/admin.industriall-union.org\/es\/exito-del-dia-de-solidaridad-internacional-en-uruguay\/","title":{"rendered":"\u00c9xito del D\u00eda de Solidaridad Internacional en Uruguay"},"content":{"rendered":"<p>Como parte de los D\u00edas de Acci\u00f3n sobre M\u00e9xico, la IndustriALL, junto con la UNI Americas y sindicatos afiliados, entre ellos la Uni\u00f3n Nacional de Trabajadores Metal\u00fargicos y Ramas Afines (UNTMRA), la Asociaci\u00f3n de Empleados Bancarios del Uruguay (AEBU) y la Coordinadora de Centrales Sindicales del Cono Sur (CCSCS), celebraron una manifestaci\u00f3n&nbsp; ante la Embajada mexicana en Montevideo. Un gran grupo de trabajadores portaba pancartas con esl\u00f3ganes como &ldquo;No a los contratos de protecci\u00f3n en M\u00e9xico, S\u00ed a la recuperaci\u00f3n de los cuerpos de Pasta de Conchos&rdquo; y &ldquo;Solidaridad internacional con la autonom\u00eda sindical en M\u00e9xico&rdquo;.<\/p><p>Se encendieron 65 velas ante la Embajada para simbolizar las muertes causadas por la negligencia del empleador el 18 de febrero de 2006. Siete a\u00f1os despu\u00e9s del desastre minero de Pasta de Conchos todav\u00eda se hacen llamamientos al Gobierno mexicano para que muestre alguna sensibilidad sobre esta cuesti\u00f3n.<\/p><p>Jorge Almeida, secretario regional de la IndustriALL, Carlos Mart\u00ednez, secretario de relaciones internacionales de UNTMRA, Adriana Rosenzvaig,&nbsp; secretaria regional de la UNI Americas, Fernando Gambera, secretario general de AEBU, y Marcelo Abdala, coordinador de PITCNT y secretario general de UNTMRA, pronunciaron discursos despu\u00e9s de entregar una carta dirigida al presidente de M\u00e9xico, en presencia de un centenar de trabajadores que tocaban tambores y agitaban banderas.<\/p><p>Los oradores denunciaron los abusos a que est\u00e1n sometidos los trabajadores mexicanos, criticaron las pr\u00e1cticas antisindicales de los empleadores y expresaron la solidaridad de los trabajadores uruguayos con la justa lucha del movimiento sindical colombiano.<\/p><p>Jorge Almeida expres\u00f3 su agradecimiento a las organizaciones hermanas por su asistencia y les reiter\u00f3 su llamamiento al Gobierno mexicano para que cese la violaci\u00f3n sistem\u00e1tica de los derechos sindicales, ponga fin a todas las formas de presi\u00f3n contra el sindicato nacional Los Mineros y otros sindicatos independientes, respete los derechos humanos y laborales b\u00e1sicos de los trabajadores y haga justicia a las familias de las v\u00edctimas del desastre de Pasta de Conchos.<\/p>","protected":false},"featured_media":0,"template":"","issues":[421],"companies":[],"regions":[275,286],"sectors":[],"article_tags":[],"class_list":["post-174431","article","type-article","status-publish","hentry","issues-mexico-campaign","regions-mexico","regions-uruguay"],"acf":[],"yoast_head":"<!-- This site is optimized with the Yoast SEO Premium plugin v27.1 (Yoast SEO v27.1) - https:\/\/yoast.com\/product\/yoast-seo-premium-wordpress\/ -->\n<title>\u00c9xito del D\u00eda de Solidaridad Internacional en Uruguay - industriall-union<\/title>\n<meta name=\"description\" content=\"Como parte de los D\u00edas de Acci\u00f3n sobre M\u00e9xico, la IndustriALL, junto con la UNI Americas y sindicatos afiliados, entre ellos la Uni\u00f3n Nacional de\" \/>\n<meta name=\"robots\" content=\"index, follow, max-snippet:-1, max-image-preview:large, max-video-preview:-1\" \/>\n<link rel=\"canonical\" href=\"https:\/\/admin.industriall-union.org\/es\/exito-del-dia-de-solidaridad-internacional-en-uruguay\/\" \/>\n<meta property=\"og:locale\" content=\"es_ES\" \/>\n<meta property=\"og:type\" content=\"article\" \/>\n<meta property=\"og:title\" content=\"\u00c9xito del D\u00eda de Solidaridad Internacional en Uruguay\" \/>\n<meta property=\"og:description\" content=\"Como parte de los D\u00edas de Acci\u00f3n sobre M\u00e9xico, la IndustriALL, junto con la UNI Americas y sindicatos afiliados, entre ellos la Uni\u00f3n Nacional de\" \/>\n<meta property=\"og:url\" content=\"https:\/\/admin.industriall-union.org\/es\/exito-del-dia-de-solidaridad-internacional-en-uruguay\/\" \/>\n<meta property=\"og:site_name\" content=\"industriall-union\" \/>\n<meta property=\"article:modified_time\" content=\"2025-02-08T13:57:32+00:00\" \/>\n<meta name=\"twitter:card\" content=\"summary_large_image\" \/>\n<meta name=\"twitter:label1\" content=\"Est. reading time\" \/>\n\t<meta name=\"twitter:data1\" content=\"2 minutes\" \/>\n<script type=\"application\/ld+json\" class=\"yoast-schema-graph\">{\"@context\":\"https:\/\/schema.org\",\"@graph\":[{\"@type\":\"WebPage\",\"@id\":\"https:\/\/admin.industriall-union.org\/es\/exito-del-dia-de-solidaridad-internacional-en-uruguay\/\",\"url\":\"https:\/\/admin.industriall-union.org\/es\/exito-del-dia-de-solidaridad-internacional-en-uruguay\/\",\"name\":\"\u00c9xito del D\u00eda de Solidaridad Internacional en Uruguay - industriall-union\",\"isPartOf\":{\"@id\":\"https:\/\/admin.industriall-union.org\/#website\"},\"datePublished\":\"2013-02-28T18:13:34+00:00\",\"dateModified\":\"2025-02-08T13:57:32+00:00\",\"description\":\"Como parte de los D\u00edas de Acci\u00f3n sobre M\u00e9xico, la IndustriALL, junto con la UNI Americas y sindicatos afiliados, entre ellos la Uni\u00f3n Nacional de\",\"breadcrumb\":{\"@id\":\"https:\/\/admin.industriall-union.org\/es\/exito-del-dia-de-solidaridad-internacional-en-uruguay\/#breadcrumb\"},\"inLanguage\":\"es-ES\",\"potentialAction\":[{\"@type\":\"ReadAction\",\"target\":[\"https:\/\/admin.industriall-union.org\/es\/exito-del-dia-de-solidaridad-internacional-en-uruguay\/\"]}]},{\"@type\":\"BreadcrumbList\",\"@id\":\"https:\/\/admin.industriall-union.org\/es\/exito-del-dia-de-solidaridad-internacional-en-uruguay\/#breadcrumb\",\"itemListElement\":[{\"@type\":\"ListItem\",\"position\":1,\"name\":\"Home\",\"item\":\"https:\/\/admin.industriall-union.org\/\"},{\"@type\":\"ListItem\",\"position\":2,\"name\":\"Articles\",\"item\":\"https:\/\/admin.industriall-union.org\/article\/\"},{\"@type\":\"ListItem\",\"position\":3,\"name\":\"\u00c9xito del D\u00eda de Solidaridad Internacional en Uruguay\"}]},{\"@type\":\"WebSite\",\"@id\":\"https:\/\/admin.industriall-union.org\/#website\",\"url\":\"https:\/\/admin.industriall-union.org\/\",\"name\":\"industriall-union\",\"description\":\"\",\"potentialAction\":[{\"@type\":\"SearchAction\",\"target\":{\"@type\":\"EntryPoint\",\"urlTemplate\":\"https:\/\/admin.industriall-union.org\/?s={search_term_string}\"},\"query-input\":{\"@type\":\"PropertyValueSpecification\",\"valueRequired\":true,\"valueName\":\"search_term_string\"}}],\"inLanguage\":\"es-ES\"}]}<\/script>\n<!-- \/ Yoast SEO Premium plugin. -->","yoast_head_json":{"title":"\u00c9xito del D\u00eda de Solidaridad Internacional en Uruguay - industriall-union","description":"Como parte de los D\u00edas de Acci\u00f3n sobre M\u00e9xico, la IndustriALL, junto con la UNI Americas y sindicatos afiliados, entre ellos la Uni\u00f3n Nacional de","robots":{"index":"index","follow":"follow","max-snippet":"max-snippet:-1","max-image-preview":"max-image-preview:large","max-video-preview":"max-video-preview:-1"},"canonical":"https:\/\/admin.industriall-union.org\/es\/exito-del-dia-de-solidaridad-internacional-en-uruguay\/","og_locale":"es_ES","og_type":"article","og_title":"\u00c9xito del D\u00eda de Solidaridad Internacional en Uruguay","og_description":"Como parte de los D\u00edas de Acci\u00f3n sobre M\u00e9xico, la IndustriALL, junto con la UNI Americas y sindicatos afiliados, entre ellos la Uni\u00f3n Nacional de","og_url":"https:\/\/admin.industriall-union.org\/es\/exito-del-dia-de-solidaridad-internacional-en-uruguay\/","og_site_name":"industriall-union","article_modified_time":"2025-02-08T13:57:32+00:00","twitter_card":"summary_large_image","twitter_misc":{"Est. reading time":"2 minutes"},"schema":{"@context":"https:\/\/schema.org","@graph":[{"@type":"WebPage","@id":"https:\/\/admin.industriall-union.org\/es\/exito-del-dia-de-solidaridad-internacional-en-uruguay\/","url":"https:\/\/admin.industriall-union.org\/es\/exito-del-dia-de-solidaridad-internacional-en-uruguay\/","name":"\u00c9xito del D\u00eda de Solidaridad Internacional en Uruguay - industriall-union","isPartOf":{"@id":"https:\/\/admin.industriall-union.org\/#website"},"datePublished":"2013-02-28T18:13:34+00:00","dateModified":"2025-02-08T13:57:32+00:00","description":"Como parte de los D\u00edas de Acci\u00f3n sobre M\u00e9xico, la IndustriALL, junto con la UNI Americas y sindicatos afiliados, entre ellos la Uni\u00f3n Nacional de","breadcrumb":{"@id":"https:\/\/admin.industriall-union.org\/es\/exito-del-dia-de-solidaridad-internacional-en-uruguay\/#breadcrumb"},"inLanguage":"es-ES","potentialAction":[{"@type":"ReadAction","target":["https:\/\/admin.industriall-union.org\/es\/exito-del-dia-de-solidaridad-internacional-en-uruguay\/"]}]},{"@type":"BreadcrumbList","@id":"https:\/\/admin.industriall-union.org\/es\/exito-del-dia-de-solidaridad-internacional-en-uruguay\/#breadcrumb","itemListElement":[{"@type":"ListItem","position":1,"name":"Home","item":"https:\/\/admin.industriall-union.org\/"},{"@type":"ListItem","position":2,"name":"Articles","item":"https:\/\/admin.industriall-union.org\/article\/"},{"@type":"ListItem","position":3,"name":"\u00c9xito del D\u00eda de Solidaridad Internacional en Uruguay"}]},{"@type":"WebSite","@id":"https:\/\/admin.industriall-union.org\/#website","url":"https:\/\/admin.industriall-union.org\/","name":"industriall-union","description":"","potentialAction":[{"@type":"SearchAction","target":{"@type":"EntryPoint","urlTemplate":"https:\/\/admin.industriall-union.org\/?s={search_term_string}"},"query-input":{"@type":"PropertyValueSpecification","valueRequired":true,"valueName":"search_term_string"}}],"inLanguage":"es-ES"}]}},"_links":{"self":[{"href":"https:\/\/admin.industriall-union.org\/es\/wp-json\/wp\/v2\/article\/174431","targetHints":{"allow":["GET"]}}],"collection":[{"href":"https:\/\/admin.industriall-union.org\/es\/wp-json\/wp\/v2\/article"}],"about":[{"href":"https:\/\/admin.industriall-union.org\/es\/wp-json\/wp\/v2\/types\/article"}],"wp:attachment":[{"href":"https:\/\/admin.industriall-union.org\/es\/wp-json\/wp\/v2\/media?parent=174431"}],"wp:term":[{"taxonomy":"issues","embeddable":true,"href":"https:\/\/admin.industriall-union.org\/es\/wp-json\/wp\/v2\/issues?post=174431"},{"taxonomy":"companies","embeddable":true,"href":"https:\/\/admin.industriall-union.org\/es\/wp-json\/wp\/v2\/companies?post=174431"},{"taxonomy":"regions","embeddable":true,"href":"https:\/\/admin.industriall-union.org\/es\/wp-json\/wp\/v2\/regions?post=174431"},{"taxonomy":"sectors","embeddable":true,"href":"https:\/\/admin.industriall-union.org\/es\/wp-json\/wp\/v2\/sectors?post=174431"},{"taxonomy":"article_tags","embeddable":true,"href":"https:\/\/admin.industriall-union.org\/es\/wp-json\/wp\/v2\/article_tags?post=174431"}],"curies":[{"name":"wp","href":"https:\/\/api.w.org\/{rel}","templated":true}]}}