{"id":174429,"date":"2013-03-04T17:00:24","date_gmt":"2013-03-04T17:00:24","guid":{"rendered":"https:\/\/admin.industriall-union.org\/dirigentes-de-industriall-se-reunen-con-embajadora-de-colombia\/"},"modified":"2025-02-08T13:56:40","modified_gmt":"2025-02-08T13:56:40","slug":"dirigentes-de-industriall-se-reunen-con-embajadora-de-colombia","status":"publish","type":"article","link":"https:\/\/admin.industriall-union.org\/es\/dirigentes-de-industriall-se-reunen-con-embajadora-de-colombia\/","title":{"rendered":"Dirigentes de IndustriALL se re\u00fanen con embajadora de Colombia"},"content":{"rendered":"<p>Jyrki Raina, Secretario General de IndustriALL, Fernando Lopes, Secretario General Adjunto, y Suzanna Miller, Encargada de Derechos Humanos y Sindicales, se reunieron con la Embajadora Alicia Victoria Arango Olmos en la Delegaci\u00f3n Diplom\u00e1tica de Colombia ante las Naciones Unidas en Ginebra.<\/p><p>La delegaci\u00f3n de IndustriALL plante\u00f3 la gran preocupaci\u00f3n que existe por las graves violaciones cometidas en los \u00faltimos meses contra sus miembros afiliados, tales como <a href=\"http:\/\/www.industriall-union.org\/es\/lider-de-la-uso-asesinado-en-colombia\">el asesinato de un miembro de la Uni\u00f3n Sindical Obrera de la Industria del Petr\u00f3leo<\/a> en diciembre de 2012, amenazas de muerte contra dirigentes de Tenaris, y tambi\u00e9n contra <a href=\"http:\/\/www.industriall-union.org\/es\/intimidaciones-a-dirigentes-envuelve-negociacion-colectiva-en-carbones-del-cerrejon\">los dirigentes y miembros del comit\u00e9 de negociadores de Sintracarb\u00f3n<\/a>, desde que \u00e9stos comenzaron las negociaciones colectivas en noviembre de 2012. Jyrki Raina interrog\u00f3 a la Embajadora sobre el hecho de que el gobierno no atendiera estos problemas, preguntando qu\u00e9 medidas se hab\u00edan tomado para realmente proteger a los sindicalistas.<\/p><p>La Sra. Alicia Victoria Arango Olmos se\u00f1al\u00f3 que estaba al tanto de las cuestiones planteadas y reconoci\u00f3 la magnitud de la violencia, pero insisti\u00f3 en que no era un problema espec\u00edfico que afectara s\u00f3lo a los sindicalistas, sino a todos los colombianos. Asegur\u00f3 que el gobierno de Colombia est\u00e1 trabajando al respecto, y que se ha logrado avanzar en esta materia. Insisti\u00f3 que los sindicatos han conseguido muchos logros en los \u00faltimos 15 a\u00f1os. Por desgracia, todos los informes hasta la fecha indican que Colombia a\u00fan tiene el mayor n\u00famero de asesinatos de sindicalistas en todo el mundo y que la cuesti\u00f3n de la impunidad sigue siendo muy grave.<\/p><p>Jyrki Raina, Secretario General de IndustriALL, se\u00f1al\u00f3: &ldquo;La embajadora se comprometi\u00f3 a plantear ante su gobierno los problemas que le hab\u00edamos manifestado, y seguiremos atentos al desarrollo de este asunto&rdquo;.<\/p><p>Aunque se ha logrado cierto progreso, la violencia permanente contra el movimiento sindical colombiano sigue azotando al pa\u00eds y contin\u00faan los asesinatos e intimidaciones contra los sindicalistas. Aunque se han hecho algunos intentos de investigaci\u00f3n de estos cr\u00edmenes, la mayor\u00eda de los casos denunciados por las organizaciones sindicales sigue sin resolverse.<\/p><p>Fernando Lopes, Secretario General Adjunto de IndustriALL, dijo al respecto: &ldquo;Tuvimos una entrevista dura pero franca con la embajadora de Colombia. Vamos a seguir apoyando a los trabajadores colombianos y luchando para que el gobierno defienda los derechos de los trabajadores en Colombia.&rdquo;<\/p>","protected":false},"featured_media":0,"template":"","issues":[422],"companies":[],"regions":[264],"sectors":[481,483,494],"article_tags":[],"class_list":["post-174429","article","type-article","status-publish","hentry","issues-human-trade-union-rights","regions-colombia","sectors-base-metals","sectors-energy-oil-gas-electricity-and-nuclear","sectors-mining-and-dgojp"],"acf":[],"yoast_head":"<!-- This site is optimized with the Yoast SEO Premium plugin v27.1 (Yoast SEO v27.1) - https:\/\/yoast.com\/product\/yoast-seo-premium-wordpress\/ -->\n<title>Dirigentes de IndustriALL se re\u00fanen con embajadora de Colombia - industriall-union<\/title>\n<meta name=\"description\" content=\"Jyrki Raina, Secretario General de IndustriALL, Fernando Lopes, Secretario General Adjunto, y Suzanna Miller, Encargada de Derechos Humanos y Sindicales,\" \/>\n<meta name=\"robots\" content=\"index, follow, max-snippet:-1, max-image-preview:large, max-video-preview:-1\" \/>\n<link rel=\"canonical\" href=\"https:\/\/admin.industriall-union.org\/es\/dirigentes-de-industriall-se-reunen-con-embajadora-de-colombia\/\" \/>\n<meta property=\"og:locale\" content=\"es_ES\" \/>\n<meta property=\"og:type\" content=\"article\" \/>\n<meta property=\"og:title\" content=\"Dirigentes de IndustriALL se re\u00fanen con embajadora de Colombia\" \/>\n<meta property=\"og:description\" content=\"Jyrki Raina, Secretario General de IndustriALL, Fernando Lopes, Secretario General Adjunto, y Suzanna Miller, Encargada de Derechos Humanos y Sindicales,\" \/>\n<meta property=\"og:url\" content=\"https:\/\/admin.industriall-union.org\/es\/dirigentes-de-industriall-se-reunen-con-embajadora-de-colombia\/\" \/>\n<meta property=\"og:site_name\" content=\"industriall-union\" \/>\n<meta property=\"article:modified_time\" content=\"2025-02-08T13:56:40+00:00\" \/>\n<meta name=\"twitter:card\" content=\"summary_large_image\" \/>\n<meta name=\"twitter:label1\" content=\"Est. reading time\" \/>\n\t<meta name=\"twitter:data1\" content=\"2 minutes\" \/>\n<script type=\"application\/ld+json\" class=\"yoast-schema-graph\">{\"@context\":\"https:\/\/schema.org\",\"@graph\":[{\"@type\":\"WebPage\",\"@id\":\"https:\/\/admin.industriall-union.org\/es\/dirigentes-de-industriall-se-reunen-con-embajadora-de-colombia\/\",\"url\":\"https:\/\/admin.industriall-union.org\/es\/dirigentes-de-industriall-se-reunen-con-embajadora-de-colombia\/\",\"name\":\"Dirigentes de IndustriALL se re\u00fanen con embajadora de Colombia - industriall-union\",\"isPartOf\":{\"@id\":\"https:\/\/admin.industriall-union.org\/#website\"},\"datePublished\":\"2013-03-04T17:00:24+00:00\",\"dateModified\":\"2025-02-08T13:56:40+00:00\",\"description\":\"Jyrki Raina, Secretario General de IndustriALL, Fernando Lopes, Secretario General Adjunto, y Suzanna Miller, Encargada de Derechos Humanos y Sindicales,\",\"breadcrumb\":{\"@id\":\"https:\/\/admin.industriall-union.org\/es\/dirigentes-de-industriall-se-reunen-con-embajadora-de-colombia\/#breadcrumb\"},\"inLanguage\":\"es-ES\",\"potentialAction\":[{\"@type\":\"ReadAction\",\"target\":[\"https:\/\/admin.industriall-union.org\/es\/dirigentes-de-industriall-se-reunen-con-embajadora-de-colombia\/\"]}]},{\"@type\":\"BreadcrumbList\",\"@id\":\"https:\/\/admin.industriall-union.org\/es\/dirigentes-de-industriall-se-reunen-con-embajadora-de-colombia\/#breadcrumb\",\"itemListElement\":[{\"@type\":\"ListItem\",\"position\":1,\"name\":\"Home\",\"item\":\"https:\/\/admin.industriall-union.org\/\"},{\"@type\":\"ListItem\",\"position\":2,\"name\":\"Articles\",\"item\":\"https:\/\/admin.industriall-union.org\/article\/\"},{\"@type\":\"ListItem\",\"position\":3,\"name\":\"Dirigentes de IndustriALL se re\u00fanen con embajadora de Colombia\"}]},{\"@type\":\"WebSite\",\"@id\":\"https:\/\/admin.industriall-union.org\/#website\",\"url\":\"https:\/\/admin.industriall-union.org\/\",\"name\":\"industriall-union\",\"description\":\"\",\"potentialAction\":[{\"@type\":\"SearchAction\",\"target\":{\"@type\":\"EntryPoint\",\"urlTemplate\":\"https:\/\/admin.industriall-union.org\/?s={search_term_string}\"},\"query-input\":{\"@type\":\"PropertyValueSpecification\",\"valueRequired\":true,\"valueName\":\"search_term_string\"}}],\"inLanguage\":\"es-ES\"}]}<\/script>\n<!-- \/ Yoast SEO Premium plugin. -->","yoast_head_json":{"title":"Dirigentes de IndustriALL se re\u00fanen con embajadora de Colombia - industriall-union","description":"Jyrki Raina, Secretario General de IndustriALL, Fernando Lopes, Secretario General Adjunto, y Suzanna Miller, Encargada de Derechos Humanos y Sindicales,","robots":{"index":"index","follow":"follow","max-snippet":"max-snippet:-1","max-image-preview":"max-image-preview:large","max-video-preview":"max-video-preview:-1"},"canonical":"https:\/\/admin.industriall-union.org\/es\/dirigentes-de-industriall-se-reunen-con-embajadora-de-colombia\/","og_locale":"es_ES","og_type":"article","og_title":"Dirigentes de IndustriALL se re\u00fanen con embajadora de Colombia","og_description":"Jyrki Raina, Secretario General de IndustriALL, Fernando Lopes, Secretario General Adjunto, y Suzanna Miller, Encargada de Derechos Humanos y Sindicales,","og_url":"https:\/\/admin.industriall-union.org\/es\/dirigentes-de-industriall-se-reunen-con-embajadora-de-colombia\/","og_site_name":"industriall-union","article_modified_time":"2025-02-08T13:56:40+00:00","twitter_card":"summary_large_image","twitter_misc":{"Est. reading time":"2 minutes"},"schema":{"@context":"https:\/\/schema.org","@graph":[{"@type":"WebPage","@id":"https:\/\/admin.industriall-union.org\/es\/dirigentes-de-industriall-se-reunen-con-embajadora-de-colombia\/","url":"https:\/\/admin.industriall-union.org\/es\/dirigentes-de-industriall-se-reunen-con-embajadora-de-colombia\/","name":"Dirigentes de IndustriALL se re\u00fanen con embajadora de Colombia - industriall-union","isPartOf":{"@id":"https:\/\/admin.industriall-union.org\/#website"},"datePublished":"2013-03-04T17:00:24+00:00","dateModified":"2025-02-08T13:56:40+00:00","description":"Jyrki Raina, Secretario General de IndustriALL, Fernando Lopes, Secretario General Adjunto, y Suzanna Miller, Encargada de Derechos Humanos y Sindicales,","breadcrumb":{"@id":"https:\/\/admin.industriall-union.org\/es\/dirigentes-de-industriall-se-reunen-con-embajadora-de-colombia\/#breadcrumb"},"inLanguage":"es-ES","potentialAction":[{"@type":"ReadAction","target":["https:\/\/admin.industriall-union.org\/es\/dirigentes-de-industriall-se-reunen-con-embajadora-de-colombia\/"]}]},{"@type":"BreadcrumbList","@id":"https:\/\/admin.industriall-union.org\/es\/dirigentes-de-industriall-se-reunen-con-embajadora-de-colombia\/#breadcrumb","itemListElement":[{"@type":"ListItem","position":1,"name":"Home","item":"https:\/\/admin.industriall-union.org\/"},{"@type":"ListItem","position":2,"name":"Articles","item":"https:\/\/admin.industriall-union.org\/article\/"},{"@type":"ListItem","position":3,"name":"Dirigentes de IndustriALL se re\u00fanen con embajadora de Colombia"}]},{"@type":"WebSite","@id":"https:\/\/admin.industriall-union.org\/#website","url":"https:\/\/admin.industriall-union.org\/","name":"industriall-union","description":"","potentialAction":[{"@type":"SearchAction","target":{"@type":"EntryPoint","urlTemplate":"https:\/\/admin.industriall-union.org\/?s={search_term_string}"},"query-input":{"@type":"PropertyValueSpecification","valueRequired":true,"valueName":"search_term_string"}}],"inLanguage":"es-ES"}]}},"_links":{"self":[{"href":"https:\/\/admin.industriall-union.org\/es\/wp-json\/wp\/v2\/article\/174429","targetHints":{"allow":["GET"]}}],"collection":[{"href":"https:\/\/admin.industriall-union.org\/es\/wp-json\/wp\/v2\/article"}],"about":[{"href":"https:\/\/admin.industriall-union.org\/es\/wp-json\/wp\/v2\/types\/article"}],"wp:attachment":[{"href":"https:\/\/admin.industriall-union.org\/es\/wp-json\/wp\/v2\/media?parent=174429"}],"wp:term":[{"taxonomy":"issues","embeddable":true,"href":"https:\/\/admin.industriall-union.org\/es\/wp-json\/wp\/v2\/issues?post=174429"},{"taxonomy":"companies","embeddable":true,"href":"https:\/\/admin.industriall-union.org\/es\/wp-json\/wp\/v2\/companies?post=174429"},{"taxonomy":"regions","embeddable":true,"href":"https:\/\/admin.industriall-union.org\/es\/wp-json\/wp\/v2\/regions?post=174429"},{"taxonomy":"sectors","embeddable":true,"href":"https:\/\/admin.industriall-union.org\/es\/wp-json\/wp\/v2\/sectors?post=174429"},{"taxonomy":"article_tags","embeddable":true,"href":"https:\/\/admin.industriall-union.org\/es\/wp-json\/wp\/v2\/article_tags?post=174429"}],"curies":[{"name":"wp","href":"https:\/\/api.w.org\/{rel}","templated":true}]}}